{"id":8387,"date":"2026-09-04T06:00:00","date_gmt":"2026-09-04T04:00:00","guid":{"rendered":"https:\/\/standort-niederrhein.de\/?p=8387"},"modified":"2026-09-03T10:52:34","modified_gmt":"2026-09-03T08:52:34","slug":"wfmg-reist-mit-sieben-startups-vom-niederrheinzum-future-tech-fest-in-duesseldorf","status":"publish","type":"post","link":"https:\/\/standort-niederrhein.de\/en\/2026\/09\/04\/wfmg-reist-mit-sieben-startups-vom-niederrheinzum-future-tech-fest-in-duesseldorf\/","title":{"rendered":"WFMG reist mit sieben Startups vom Niederrheinzum \u201eFuture Tech Fest\u201c in D\u00fcsseldorf"},"content":{"rendered":"\n<p class=\"wp-block-paragraph\"><strong>M\u00f6nchengladbach.<\/strong> Als Gesellschafterin des ausrichtenden Digihub D\u00fcsseldorf\/Rheinland ist die WFMG von Beginn an Partner des \u201eFuture Tech Fests\u201c bzw. des Vorl\u00e4uferformats \u201eDigital Demo Day\u201c. So wie die Veranstaltung \u00fcber die Jahre gewachsen ist, ist es auch die M\u00f6nchengladbacher Delegation, die die WFMG mit an ihren Messestand bringt. Das liegt zum einen an ihrem Projekt Gr\u00fcndungsfabrik M\u00f6nchengladbach, das Gr\u00fcndungswilligen und Startups Wissen, Netzwerk und Erfahrung an die Hand gibt \u2013 durch Workshops, 1:1-Sessions mit Coaches, Keynotes oder Events. \u201eEs liegt aber auch an einer wachsenden Zahl innovativer Digital-Startups aus Gladbach und der Region, denen wir gerne die B\u00fchne geben, beim Future Tech Fest auf sich und ihre Dienstleistungen und Produkte aufmerksam zu machen\u201c, sagt Jan Schnettler, Leiter Startup-Service bei der WFMG.<\/p>\n\n\n\n<p class=\"wp-block-paragraph\">In diesem Jahr sind es gleich sieben an der Zahl. Zwar ist seit dem Fr\u00fchjahr das Gr\u00fcndungsstipendium des Landes Nordrhein-Westfalen vor\u00fcbergehend ausgesetzt, doch zwei Startups aus M\u00f6nchengladbach sind als vorerst Letzte noch mit durch die T\u00fcr geschl\u00fcpft und werden dementsprechend seit Kurzem gef\u00f6rdert: CABITREE und IN THE LOOP. Ersteres entwickelt leichte, biobasierte Holzwerkstoffe und verbindet deren Entwicklung mit einer nachvollziehbaren Herkunft eingesetzter Materialien. Diese digitale L\u00f6sung namens TreePass soll Informationen zu Herkunft, Materialcharge, Verarbeitung und sp\u00e4teren Pr\u00fcf- und Produktdaten strukturiert mit dem Werkstoff verbinden. Perspektivisch soll daraus ein digitaler Produktpass entstehen. \u201eWir wollen nicht nur einen neuen biobasierten Werkstoff entwickeln, sondern auch nachvollziehbar machen, woher seine Bestandteile kommen und welche Stationen das Material durchlaufen hat\u201c, erkl\u00e4rt Phillip Sch\u00e4fgen, gelernter Tischler und angehender Gr\u00fcnder.<\/p>\n\n\n\n<p class=\"wp-block-paragraph\">IN THE LOOP wiederum widmet sich Empfehlungen zwischen Unternehmen \u2013 und der Frage, wie man diese per Digitall\u00f6sung aus ihrem verwertungstechnischen Dornr\u00f6schenschlaf erwecken kann. \u201eEmpfehlungen entstehen t\u00e4glich, sind aber heute meist nicht dokumentiert, nicht nachvollziehbar und nicht auswertbar\u201c, sagt Initiator Christopher Neugebauer. IN THE LOOP soll dieses Problem l\u00f6sen, indem Empfehlungen als klarer digitaler Prozess abgebildet werden: Kontakte werden DSGVO-konform freigegeben, Vermittlungen dokumentiert und \u00fcber Feedback-Loops nachverfolgt. Neugebauers Co-Gr\u00fcnder Willi Rack wird IN THE LOOP beim \u201eFTF\u201d vertreten.<\/p>\n\n\n\n<p class=\"wp-block-paragraph\">Dort werden sich auch noch weitere Gr\u00fcnderinnen und Gr\u00fcnder vernetzen, potenziellen Kunden oder Investoren vorstellen oder ganz einfach internationale Startup-Luft schnuppern. Darunter befinden sich beispielsweise \u201enodes\u201c, ein Team der Hochschule Niederrhein, das eine digitale Plattform als textiles Recyclingmanagement-Tool entwickelt; Skopion Intelligence, das die digitale Angriffsfl\u00e4che von Unternehmen sichtbar macht; DigitalMatch Tech, das Softwareentwicklungs-Squads aus dem Ausland an Unternehmen vermittelt und steuert; Scalynta, ein KI-gest\u00fctztes Diagnosetool f\u00fcr Supply Chain und Logistik; sowie Purrcruit, eine Softwarel\u00f6sung f\u00fcr selbstst\u00e4ndige Personalvermittler, die KI-Funktionen beinhaltet. Ebenso ist die Hochschule Niederrhein wieder vertreten \u2013 mit ihrer Gr\u00fcndungsberatungs-Unit HNX und dem Projekt RediStar, das zum Thema diversit\u00e4tssensible Gr\u00fcndungsf\u00f6rderung forscht.<\/p>\n\n\n\n<p class=\"wp-block-paragraph\">Quelle: <a href=\"http:\/\/www.wfmg.de\">WFMG<\/a><\/p>\n\n\n<figure class=\"wp-block-post-featured-image\"><img loading=\"lazy\" decoding=\"async\" width=\"2560\" height=\"978\" src=\"https:\/\/standort-niederrhein.de\/wp-content\/uploads\/2026\/09\/WFMG_Future-Tech-Fest-scaled.jpg\" class=\"attachment-post-thumbnail size-post-thumbnail wp-post-image\" alt=\"\" style=\"object-fit:cover;\" srcset=\"https:\/\/standort-niederrhein.de\/wp-content\/uploads\/2026\/09\/WFMG_Future-Tech-Fest-scaled.jpg 2560w, https:\/\/standort-niederrhein.de\/wp-content\/uploads\/2026\/09\/WFMG_Future-Tech-Fest-1280x489.jpg 1280w, https:\/\/standort-niederrhein.de\/wp-content\/uploads\/2026\/09\/WFMG_Future-Tech-Fest-980x374.jpg 980w, https:\/\/standort-niederrhein.de\/wp-content\/uploads\/2026\/09\/WFMG_Future-Tech-Fest-480x183.jpg 480w\" sizes=\"(min-width: 0px) and (max-width: 480px) 480px, (min-width: 481px) and (max-width: 980px) 980px, (min-width: 981px) and (max-width: 1280px) 1280px, (min-width: 1281px) 2560px, 100vw\" \/><\/figure>\n\n\n<p class=\"wp-block-paragraph\">(1) Phillip Sch\u00e4fgen setzt sich mit CABITREE f\u00fcr eine nachhaltigere Forstwirtschaft durch Digitalisierung ein. \u00a9 Phillip Sch\u00e4fgen<\/p>\n\n\n\n<p class=\"wp-block-paragraph\">(2) Majlen Pattakhenang gr\u00fcndet Scalynta, ein KI-gest\u00fctztes Diagnosetool f\u00fcr Supply Chain und Logistik. \u00a9 Majlen Pattakhenang<\/p>\n\n\n\n<p class=\"wp-block-paragraph\">(3) Das Gr\u00fcndungsprojekt \u201enodes\u201c aus der Hochschule Niederrhein, Lisa Gudehus und Sabrina Mauter (v. l.). \u00a9 nodes<\/p>\n","protected":false},"excerpt":{"rendered":"<p>M\u00f6nchengladbach. Als Gesellschafterin des ausrichtenden Digihub D\u00fcsseldorf\/Rheinland ist die WFMG von Beginn an Partner des \u201eFuture Tech Fests\u201c bzw. des Vorl\u00e4uferformats \u201eDigital Demo Day\u201c. So wie die Veranstaltung \u00fcber die Jahre gewachsen ist, ist es auch die M\u00f6nchengladbacher Delegation, die die WFMG mit an ihren Messestand bringt. Das liegt zum einen an ihrem Projekt Gr\u00fcndungsfabrik [&hellip;]<\/p>\n","protected":false},"author":3,"featured_media":8388,"comment_status":"closed","ping_status":"closed","sticky":false,"template":"","format":"standard","meta":{"_et_pb_use_builder":"","_et_pb_old_content":"","_et_gb_content_width":"","footnotes":""},"categories":[1],"tags":[],"class_list":["post-8387","post","type-post","status-publish","format-standard","has-post-thumbnail","hentry","category-allgemein"],"_links":{"self":[{"href":"https:\/\/standort-niederrhein.de\/en\/wp-json\/wp\/v2\/posts\/8387","targetHints":{"allow":["GET"]}}],"collection":[{"href":"https:\/\/standort-niederrhein.de\/en\/wp-json\/wp\/v2\/posts"}],"about":[{"href":"https:\/\/standort-niederrhein.de\/en\/wp-json\/wp\/v2\/types\/post"}],"author":[{"embeddable":true,"href":"https:\/\/standort-niederrhein.de\/en\/wp-json\/wp\/v2\/users\/3"}],"replies":[{"embeddable":true,"href":"https:\/\/standort-niederrhein.de\/en\/wp-json\/wp\/v2\/comments?post=8387"}],"version-history":[{"count":2,"href":"https:\/\/standort-niederrhein.de\/en\/wp-json\/wp\/v2\/posts\/8387\/revisions"}],"predecessor-version":[{"id":8390,"href":"https:\/\/standort-niederrhein.de\/en\/wp-json\/wp\/v2\/posts\/8387\/revisions\/8390"}],"wp:featuredmedia":[{"embeddable":true,"href":"https:\/\/standort-niederrhein.de\/en\/wp-json\/wp\/v2\/media\/8388"}],"wp:attachment":[{"href":"https:\/\/standort-niederrhein.de\/en\/wp-json\/wp\/v2\/media?parent=8387"}],"wp:term":[{"taxonomy":"category","embeddable":true,"href":"https:\/\/standort-niederrhein.de\/en\/wp-json\/wp\/v2\/categories?post=8387"},{"taxonomy":"post_tag","embeddable":true,"href":"https:\/\/standort-niederrhein.de\/en\/wp-json\/wp\/v2\/tags?post=8387"}],"curies":[{"name":"wp","href":"https:\/\/api.w.org\/{rel}","templated":true}]}}