{"id":8384,"date":"2026-09-01T06:00:00","date_gmt":"2026-09-01T04:00:00","guid":{"rendered":"https:\/\/standort-niederrhein.de\/?p=8384"},"modified":"2026-09-02T12:22:33","modified_gmt":"2026-09-02T10:22:33","slug":"starke-halbjahresbilanz-fuer-das-reiseziel-niederrhein","status":"publish","type":"post","link":"https:\/\/standort-niederrhein.de\/en\/2026\/09\/01\/starke-halbjahresbilanz-fuer-das-reiseziel-niederrhein\/","title":{"rendered":"Starke Halbjahresbilanz f\u00fcr das Reiseziel Niederrhein"},"content":{"rendered":"\n<p class=\"wp-block-paragraph\"><strong>Niederrhein.<\/strong> \u201eDiese Zahlen sind gerade in wirtschaftlich herausfordernden Zeiten ein starkes Signal, das Mut macht. Der Niederrhein \u00fcberzeugt als attraktiver Standort \u2013 und dies nicht nur f\u00fcr G\u00e4ste, sondern auch f\u00fcr Unternehmen und die Menschen, die hier leben und arbeiten.\u201c So kommentiert Ingo Brohl, Landrat des Kreises Wesel und Aufsichtsratsvorsitzender der Niederrhein Tourismus GmbH (NT), die Halbjahresbilanz bei den \u00dcbernachtungen und G\u00e4steank\u00fcnften.<\/p>\n\n\n\n<p class=\"wp-block-paragraph\">Was sich bereits in den vergangenen Monaten abgezeichnet hatte, wird eindrucksvoll best\u00e4tigt: Das Reiseziel Niederrhein erfreut sich im klassischen Tourismus wie unter Gesch\u00e4ftsreisenden stetig wachsender Beliebtheit auf hohem Niveau. Zwischen Januar und Juni 2026 wurden laut Landesbetrieb IT.NRW. in der Region insgesamt 1.167.916 \u00dcbernachtungen gez\u00e4hlt. Das entspricht einem Plus von 5,1 Prozent gegen\u00fcber dem Vorjahreszeitraum. Die Zahl der G\u00e4steank\u00fcnfte stieg um 7,1 Prozent auf 535.891. Dabei erfasst die Statistik jeweils Betriebe mit 10 oder mehr Betten bzw. Stellpl\u00e4tzen (auf Campingpl\u00e4tzen).<\/p>\n\n\n\n<p class=\"wp-block-paragraph\">Besonders deutlich f\u00e4llt die positive Entwicklung bei den ausl\u00e4ndischen G\u00e4sten ins Auge: Hier stieg die Zahl der \u00dcbernachtungen mit einem Ergebnis von 196.857 um 22,9 Prozent, die Zahl der Ank\u00fcnfte mit 93.899 sogar um 24,2 Prozent. Auch der Vergleich mit der Rekord-Gesamtentwicklung in Nordrhein-Westfalen hebt die besondere Nachfrage des Niederrheins hervor: So verzeichnete NRW Zuw\u00e4chse von 5,7 Prozent bei den Ank\u00fcnften und 3,8 Prozent bei den \u00dcbernachtungen. Bei den G\u00e4sten aus dem Ausland ergibt sich NRW-weit ein Plus von 12,3 Prozent (Ank\u00fcnfte) und 11,8 Prozent (\u00dcbernachtungen) in den ersten sechs Monaten des laufenden Jahres.<\/p>\n\n\n\n<p class=\"wp-block-paragraph\">\u201eTouristische \u00dcbernachtungen, Gesch\u00e4ftsreisen und hohe Besucherzahlen st\u00e4rken den Handel, die Gastronomie und die Dienstleistungswirtschaft vor Ort. Ihre Bedeutung f\u00fcr den Wirtschafts- und Wohnstandort Niederrhein kann nicht hoch genug eingesch\u00e4tzt werden\u201c, sagt Ulrich Schirowski, Gesch\u00e4ftsf\u00fchrer der Wirtschaftsf\u00f6rderungsgesellschaft f\u00fcr den Kreis Heinsberg mbH und Vorsitzender der NT-Gesellschafterversammlung.<\/p>\n\n\n\n<p class=\"wp-block-paragraph\">F\u00fcr NT-Gesch\u00e4ftsf\u00fchrerin Martina Baumg\u00e4rtner ist das Halbjahresergebnis ein Beleg daf\u00fcr, \u201edass unsere gemeinsame Arbeit f\u00fcr den Standort eine starke Wirkung entfaltet\u201c. Diesen erfolgreichen Weg werde man weiter beschreiten und den Niederrhein als hochattraktiven Standort pr\u00e4sentieren.<\/p>\n\n\n\n<p class=\"wp-block-paragraph\">Quelle: <a href=\"https:\/\/www.niederrhein-tourismus.de\/presse-oeffentlichkeitsarbeit\/presse\/starke-halbjahresbilanz-fuer-das-reiseziel-niederrhein\">Niederrhein Tourismus<\/a><\/p>\n\n\n<figure class=\"wp-block-post-featured-image\"><img loading=\"lazy\" decoding=\"async\" width=\"1920\" height=\"1280\" src=\"https:\/\/standort-niederrhein.de\/wp-content\/uploads\/2026\/09\/bedroom-g8a8e1ce6b_1920_Pixabay20220128.jpg\" class=\"attachment-post-thumbnail size-post-thumbnail wp-post-image\" alt=\"\" style=\"object-fit:cover;\" srcset=\"https:\/\/standort-niederrhein.de\/wp-content\/uploads\/2026\/09\/bedroom-g8a8e1ce6b_1920_Pixabay20220128.jpg 1920w, https:\/\/standort-niederrhein.de\/wp-content\/uploads\/2026\/09\/bedroom-g8a8e1ce6b_1920_Pixabay20220128-1280x853.jpg 1280w, https:\/\/standort-niederrhein.de\/wp-content\/uploads\/2026\/09\/bedroom-g8a8e1ce6b_1920_Pixabay20220128-980x653.jpg 980w, https:\/\/standort-niederrhein.de\/wp-content\/uploads\/2026\/09\/bedroom-g8a8e1ce6b_1920_Pixabay20220128-480x320.jpg 480w\" sizes=\"(min-width: 0px) and (max-width: 480px) 480px, (min-width: 481px) and (max-width: 980px) 980px, (min-width: 981px) and (max-width: 1280px) 1280px, (min-width: 1281px) 1920px, 100vw\" \/><\/figure>\n\n\n<p class=\"wp-block-paragraph\">Foto: Pixabay<\/p>\n","protected":false},"excerpt":{"rendered":"<p>Niederrhein. \u201eDiese Zahlen sind gerade in wirtschaftlich herausfordernden Zeiten ein starkes Signal, das Mut macht. Der Niederrhein \u00fcberzeugt als attraktiver Standort \u2013 und dies nicht nur f\u00fcr G\u00e4ste, sondern auch f\u00fcr Unternehmen und die Menschen, die hier leben und arbeiten.\u201c So kommentiert Ingo Brohl, Landrat des Kreises Wesel und Aufsichtsratsvorsitzender der Niederrhein Tourismus GmbH (NT), [&hellip;]<\/p>\n","protected":false},"author":3,"featured_media":8385,"comment_status":"closed","ping_status":"closed","sticky":false,"template":"","format":"standard","meta":{"_et_pb_use_builder":"","_et_pb_old_content":"","_et_gb_content_width":"","footnotes":""},"categories":[1],"tags":[],"class_list":["post-8384","post","type-post","status-publish","format-standard","has-post-thumbnail","hentry","category-allgemein"],"_links":{"self":[{"href":"https:\/\/standort-niederrhein.de\/en\/wp-json\/wp\/v2\/posts\/8384","targetHints":{"allow":["GET"]}}],"collection":[{"href":"https:\/\/standort-niederrhein.de\/en\/wp-json\/wp\/v2\/posts"}],"about":[{"href":"https:\/\/standort-niederrhein.de\/en\/wp-json\/wp\/v2\/types\/post"}],"author":[{"embeddable":true,"href":"https:\/\/standort-niederrhein.de\/en\/wp-json\/wp\/v2\/users\/3"}],"replies":[{"embeddable":true,"href":"https:\/\/standort-niederrhein.de\/en\/wp-json\/wp\/v2\/comments?post=8384"}],"version-history":[{"count":1,"href":"https:\/\/standort-niederrhein.de\/en\/wp-json\/wp\/v2\/posts\/8384\/revisions"}],"predecessor-version":[{"id":8386,"href":"https:\/\/standort-niederrhein.de\/en\/wp-json\/wp\/v2\/posts\/8384\/revisions\/8386"}],"wp:featuredmedia":[{"embeddable":true,"href":"https:\/\/standort-niederrhein.de\/en\/wp-json\/wp\/v2\/media\/8385"}],"wp:attachment":[{"href":"https:\/\/standort-niederrhein.de\/en\/wp-json\/wp\/v2\/media?parent=8384"}],"wp:term":[{"taxonomy":"category","embeddable":true,"href":"https:\/\/standort-niederrhein.de\/en\/wp-json\/wp\/v2\/categories?post=8384"},{"taxonomy":"post_tag","embeddable":true,"href":"https:\/\/standort-niederrhein.de\/en\/wp-json\/wp\/v2\/tags?post=8384"}],"curies":[{"name":"wp","href":"https:\/\/api.w.org\/{rel}","templated":true}]}}