{"id":8372,"date":"2026-08-31T06:00:00","date_gmt":"2026-08-31T04:00:00","guid":{"rendered":"https:\/\/standort-niederrhein.de\/?p=8372"},"modified":"2026-09-01T09:52:05","modified_gmt":"2026-09-01T07:52:05","slug":"von-der-beruflichen-neuorientierung-zur-selbststaendigkeit","status":"publish","type":"post","link":"https:\/\/standort-niederrhein.de\/en\/2026\/08\/31\/von-der-beruflichen-neuorientierung-zur-selbststaendigkeit\/","title":{"rendered":"Von der beruflichen Neuorientierung zur Selbstst\u00e4ndigkeit"},"content":{"rendered":"\n<p class=\"wp-block-paragraph\"><strong>Rhein-Kreis Neuss.<\/strong> Viele Menschen tragen den Wunsch nach beruflicher Freiheit in sich, scheitern aber schon an der ersten H\u00fcrde: Was genau soll ich eigentlich gr\u00fcnden? Chris Limberg stand vor exakt dieser Frage. Durch seine Teilnahme am Qualifizierungsprogramm Gr\u00fcndungs.Impuls der impuls.RheinKreisNeuss Wirtschaftsf\u00f6rderung und der tzg Technologiezentrum Glehn GmbH fand er die Antwort. Heute ist er als Job- und Karrierecoach selbstst\u00e4ndig \u2013 inklusive bewilligtem Gr\u00fcndungszuschuss und ersten Kunden.<\/p>\n\n\n\n<p class=\"wp-block-paragraph\">Limberg bringt umfangreiche Erfahrung aus der Bildungs- und Digitalbranche mit. Als Regional Sales Director beim D\u00fcsseldorfer Digital Career Institute hatte er unter anderem Einblicke in die Entwicklung und Vermarktung von Bildungsangeboten gewonnen. Eine konkrete Gr\u00fcndungsidee hatte er zu Beginn seiner Teilnahme jedoch noch nicht. Vielmehr standen verschiedene M\u00f6glichkeiten im Raum: eine innovative Marketing- und Vertriebsunterst\u00fctzung f\u00fcr Bildungstr\u00e4ger, eine T\u00e4tigkeit als Freelancer mit verschiedenen Leistungen oder der Aufbau eines eigenen Bildungstr\u00e4gers. Gerade letzteres erschien ihm grunds\u00e4tzlich interessant, gleichzeitig schreckten ihn die damit verbundenen b\u00fcrokratischen und organisatorischen Anforderungen ab.<\/p>\n\n\n\n<p class=\"wp-block-paragraph\">Die zentrale Frage im Track \u201eValidierung\u201c der Gr\u00fcndungs.Impuls.Akademie lautete deshalb nicht: \u201eWie setze ich meine Gesch\u00e4ftsidee um?\u201c, sondern zun\u00e4chst: \u201eWelche Gesch\u00e4ftsidee und welche Form der Selbstst\u00e4ndigkeit passen eigentlich zu mir?\u201c Im Rahmen des Programms setzte sich Limberg systematisch mit seinen pers\u00f6nlichen St\u00e4rken, Erfahrungen und Interessen sowie unterschiedlichen Gesch\u00e4ftsm\u00f6glichkeiten auseinander. Gespr\u00e4che mit erfahrenen Freelancern und Akteuren aus der Bildungsbranche halfen ihm dabei, seine Annahmen \u00fcber den Markt und die unterschiedlichen M\u00f6glichkeiten der Selbstst\u00e4ndigkeit zu \u00fcberpr\u00fcfen.<\/p>\n\n\n\n<p class=\"wp-block-paragraph\">Dabei ver\u00e4nderte sich seine Perspektive. Zwischenzeitlich war die Idee eines eigenen, KI-basierten Bildungstr\u00e4gers seine bevorzugte Option. Im weiteren Validierungsprozess wurde jedoch deutlich, dass ein anderer Weg f\u00fcr den Einstieg besser zu seiner aktuellen Situation und seinen Kompetenzen passte: die freiberufliche T\u00e4tigkeit als Job- und Karrierecoach. Aus dieser Erkenntnis entwickelte sich im anschlie\u00dfenden Track \u201eGr\u00fcndung\u201c ein konkretes Gesch\u00e4ftsmodell. Limberg konkretisierte sein Vorhaben, erarbeitete einen Businessplan und begann, erste Kooperationspartner und Auftraggeber zu gewinnen. Das Ziel war dabei nicht, m\u00f6glichst lange an einem perfekten Konzept zu arbeiten, sondern m\u00f6glichst schnell mit einem tragf\u00e4higen Angebot in den Markt zu kommen.<\/p>\n\n\n\n<p class=\"wp-block-paragraph\">Mit Erfolg: Bis zum Ende des Tracks hatte Chris Limberg die formalen Gr\u00fcndungsprozesse abgeschlossen, sein Unternehmen zum 1. Mai 2026 gegr\u00fcndet und den Gr\u00fcndungszuschuss der Agentur f\u00fcr Arbeit auf Grundlage seines Businessplans und einer externen fachkundigen Stellungnahme bewilligt bekommen. Zudem konnte er bereits einen ersten Kooperationspartner gewinnen und seine erste Rechnung stellen und versenden. Seit Abschluss des Programms sind weitere Kooperationspartner hinzugekommen. \u201eF\u00fcr mich war die gr\u00f6\u00dfte Herausforderung am Anfang gar nicht die Frage, wie ich gr\u00fcnde, sondern was ich eigentlich gr\u00fcnden m\u00f6chte\u201c, sagt Chris Limberg. \u201eIch hatte verschiedene Ideen und M\u00f6glichkeiten im Kopf, aber noch keine klare Richtung. Gr\u00fcndungs.Impuls hat mir geholfen, diese M\u00f6glichkeiten strukturiert zu betrachten, auszuprobieren und letztlich eine Entscheidung zu treffen.\u201c<\/p>\n\n\n\n<p class=\"wp-block-paragraph\">F\u00fcr die Wirtschaftsf\u00f6rderung Impuls.RheinKreisNeuss ist Limbergs Geschichte ein Beispiel f\u00fcr eine wichtige Funktion der Gr\u00fcndungsf\u00f6rderung: Menschen m\u00fcssen nicht immer mit einer fertigen Gesch\u00e4ftsidee in die Beratung kommen. Gerade in der fr\u00fchen Phase kann es darum gehen, pers\u00f6nliche Kompetenzen, Interessen und Marktchancen zusammenzubringen und daraus eine tragf\u00e4hige unternehmerische Perspektive zu entwickeln. \u201eGr\u00fcndung beginnt nicht immer mit einem Businessplan. Manchmal beginnt sie mit der Frage, welcher Weg \u00fcberhaupt der richtige ist\u201c, sagt Christian Schieren, Leiter des Startercenter NRW Rhein-Kreis Neuss. \u201eUnter anderem daf\u00fcr haben wir den Track \u201aValidierung\u2018 entwickelt. Die Teilnehmerinnen und Teilnehmer sollen Raum bekommen, unterschiedliche M\u00f6glichkeiten zu erkunden, Annahmen zu \u00fcberpr\u00fcfen und auf dieser Grundlage eine informierte Entscheidung zu treffen.\u201c<\/p>\n\n\n\n<p class=\"wp-block-paragraph\">Mit Gr\u00fcndungs.Impuls hat die Wirtschaftsf\u00f6rderung gemeinsam mit der tzg Technologiezentrum Glehn GmbH 2026 ein Qualifizierungsangebot pilotiert, das Menschen in unterschiedlichen Phasen ihrer Gr\u00fcndungsreise begleitet. Es verbindet Experteninputs mit praktischer Arbeit am eigenen Vorhaben. Ziel ist es, Gr\u00fcndungsvorhaben systematisch zu qualifizieren und die Chancen auf nachhaltigen unternehmerischen Erfolg zu erh\u00f6hen. Ausgehend von den Erkenntnissen aus der Pilotphase wird es aktuell weiterentwickelt und 2027 neu aufgesetzt wieder angeboten.<\/p>\n\n\n\n<p class=\"wp-block-paragraph\">F\u00fcr Chris Limberg ist aus der anf\u00e4nglichen Orientierungssuche inzwischen ein konkretes freiberufliches Einzelunternehmen geworden. Und der n\u00e4chste Entwicklungsschritt ist bereits in Sicht: Neben seiner T\u00e4tigkeit als Job- und Karrierecoach m\u00f6chte er zuk\u00fcnftig weitere Angebote entwickeln, sich im Bereich der Gr\u00fcndungsberatung etablieren und seine Erfahrungen aus Vertrieb, Digitalisierung und Bildung miteinander verbinden.<\/p>\n\n\n\n<p class=\"wp-block-paragraph\">Weitere Informationen zur Gr\u00fcndungs.Impuls.Akademie finden Interessierte unter: <a href=\"https:\/\/tzg.online\/akademie\/gruendungs-impuls\/\">https:\/\/tzg.online\/akademie\/gruendungs-impuls\/<\/a><\/p>\n\n\n\n<p class=\"wp-block-paragraph\">Quelle: <a href=\"http:\/\/www.rhein-kries-neuss.de\">Rhein-Kreis Neuss<\/a><\/p>\n\n\n<figure class=\"wp-block-post-featured-image\"><img loading=\"lazy\" decoding=\"async\" width=\"2560\" height=\"1707\" src=\"https:\/\/standort-niederrhein.de\/wp-content\/uploads\/2026\/09\/RKN-Impuls-Akademie-Christopher-Limberg-2026-07-30-3092-scaled.jpg\" class=\"attachment-post-thumbnail size-post-thumbnail wp-post-image\" alt=\"\" style=\"object-fit:cover;\" srcset=\"https:\/\/standort-niederrhein.de\/wp-content\/uploads\/2026\/09\/RKN-Impuls-Akademie-Christopher-Limberg-2026-07-30-3092-scaled.jpg 2560w, https:\/\/standort-niederrhein.de\/wp-content\/uploads\/2026\/09\/RKN-Impuls-Akademie-Christopher-Limberg-2026-07-30-3092-1280x854.jpg 1280w, https:\/\/standort-niederrhein.de\/wp-content\/uploads\/2026\/09\/RKN-Impuls-Akademie-Christopher-Limberg-2026-07-30-3092-980x653.jpg 980w, https:\/\/standort-niederrhein.de\/wp-content\/uploads\/2026\/09\/RKN-Impuls-Akademie-Christopher-Limberg-2026-07-30-3092-480x320.jpg 480w\" sizes=\"(min-width: 0px) and (max-width: 480px) 480px, (min-width: 481px) and (max-width: 980px) 980px, (min-width: 981px) and (max-width: 1280px) 1280px, (min-width: 1281px) 2560px, 100vw\" \/><\/figure>\n\n\n<p class=\"wp-block-paragraph\">Gr\u00fcnder Chris Limberg (l.) und Christian Schieren, Leiter des Startercenter NRW Rhein-Kreis Neuss. | Foto: Rhein-Kreis Neuss<\/p>\n\n\n\n<p class=\"wp-block-paragraph\"><br><\/p>\n","protected":false},"excerpt":{"rendered":"<p>Rhein-Kreis Neuss. Viele Menschen tragen den Wunsch nach beruflicher Freiheit in sich, scheitern aber schon an der ersten H\u00fcrde: Was genau soll ich eigentlich gr\u00fcnden? Chris Limberg stand vor exakt dieser Frage. Durch seine Teilnahme am Qualifizierungsprogramm Gr\u00fcndungs.Impuls der impuls.RheinKreisNeuss Wirtschaftsf\u00f6rderung und der tzg Technologiezentrum Glehn GmbH fand er die Antwort. Heute ist er als [&hellip;]<\/p>\n","protected":false},"author":3,"featured_media":8373,"comment_status":"closed","ping_status":"closed","sticky":false,"template":"","format":"standard","meta":{"_et_pb_use_builder":"","_et_pb_old_content":"","_et_gb_content_width":"","footnotes":""},"categories":[1],"tags":[],"class_list":["post-8372","post","type-post","status-publish","format-standard","has-post-thumbnail","hentry","category-allgemein"],"_links":{"self":[{"href":"https:\/\/standort-niederrhein.de\/en\/wp-json\/wp\/v2\/posts\/8372","targetHints":{"allow":["GET"]}}],"collection":[{"href":"https:\/\/standort-niederrhein.de\/en\/wp-json\/wp\/v2\/posts"}],"about":[{"href":"https:\/\/standort-niederrhein.de\/en\/wp-json\/wp\/v2\/types\/post"}],"author":[{"embeddable":true,"href":"https:\/\/standort-niederrhein.de\/en\/wp-json\/wp\/v2\/users\/3"}],"replies":[{"embeddable":true,"href":"https:\/\/standort-niederrhein.de\/en\/wp-json\/wp\/v2\/comments?post=8372"}],"version-history":[{"count":1,"href":"https:\/\/standort-niederrhein.de\/en\/wp-json\/wp\/v2\/posts\/8372\/revisions"}],"predecessor-version":[{"id":8374,"href":"https:\/\/standort-niederrhein.de\/en\/wp-json\/wp\/v2\/posts\/8372\/revisions\/8374"}],"wp:featuredmedia":[{"embeddable":true,"href":"https:\/\/standort-niederrhein.de\/en\/wp-json\/wp\/v2\/media\/8373"}],"wp:attachment":[{"href":"https:\/\/standort-niederrhein.de\/en\/wp-json\/wp\/v2\/media?parent=8372"}],"wp:term":[{"taxonomy":"category","embeddable":true,"href":"https:\/\/standort-niederrhein.de\/en\/wp-json\/wp\/v2\/categories?post=8372"},{"taxonomy":"post_tag","embeddable":true,"href":"https:\/\/standort-niederrhein.de\/en\/wp-json\/wp\/v2\/tags?post=8372"}],"curies":[{"name":"wp","href":"https:\/\/api.w.org\/{rel}","templated":true}]}}