{"id":8369,"date":"2026-08-28T06:00:00","date_gmt":"2026-08-28T04:00:00","guid":{"rendered":"https:\/\/standort-niederrhein.de\/?p=8369"},"modified":"2026-09-01T09:30:28","modified_gmt":"2026-09-01T07:30:28","slug":"minister-krischer-uebergibt-132-millionen-euro-foerdergeld-fuer-das-lebensraumband","status":"publish","type":"post","link":"https:\/\/standort-niederrhein.de\/en\/2026\/08\/28\/minister-krischer-uebergibt-132-millionen-euro-foerdergeld-fuer-das-lebensraumband\/","title":{"rendered":"Minister Krischer \u00fcbergibt 1,32 Millionen Euro F\u00f6rdergeld f\u00fcr das Lebensraumband"},"content":{"rendered":"\n<p class=\"wp-block-paragraph\"><strong>Kamp-Lintfort. <\/strong>Der Zechenpark Friedrich Heinrich in Kamp-Lintfort wird in den kommenden Jahren \u00f6kologisch weiterentwickelt. Das Land Nordrhein-Westfalen und die Europ\u00e4ische Union unterst\u00fctzen das Projekt \u201eLebensraumband im Zechenpark\u201c mit F\u00f6rdermitteln in H\u00f6he von rund 1,3 Millionen Euro. Bei Gesamtkosten von etwa 1,5 Millionen Euro entspricht dies einer F\u00f6rderquote von 90 Prozent im Rahmen des Programms \u201eGr\u00fcne Infrastruktur\u201c. Das Vorhaben ist Teil der Vorbereitungen auf die Internationale Gartenausstellung (IGA) Metropole Ruhr 2027, an der Kamp-Lintfort in der Kategorie \u201eUnsere G\u00e4rten\u201c teilnimmt.<\/p>\n\n\n\n<p class=\"wp-block-paragraph\">B\u00fcrgermeister Prof. Dr. Christoph Landscheidt zeigt sich \u00fcber die Unterst\u00fctzung von Land und EU erfreut: \u201eDer Zechenpark ist seit der Landesgartenschau 2020 das gr\u00fcne Herz unserer Stadt. Mit dem Lebensraumband und der behutsamen Erschlie\u00dfung des Klimaw\u00e4ldchens schaffen wir neue, hochwertige Freir\u00e4ume und einen echten \u00f6kologischen Mehrwert f\u00fcr die Menschen vor Ort. Wir werten den Park damit gezielt auf und gestalten ihn zu einem modernen, zukunftsf\u00e4higen Erholungs- und Lernraum, der weit \u00fcber das IGA-Jahr 2027 hinaus Bestand haben wird.\u201c<\/p>\n\n\n\n<p class=\"wp-block-paragraph\"><strong>Ausgleich f\u00fcr Bahntrasse<\/strong><br>Anlass f\u00fcr die Erstellung des Lebensraumbandes ist die Reaktivierung der Niederrheinbahn, die Kamp-Lintfort in naher Zukunft wieder an das regionale Schienennetz anschlie\u00dfen soll. Die Trasse f\u00fchrt k\u00fcnftig mitten durch den 2020 im Zuge der Landesgartenschau er\u00f6ffneten Zechenpark. Um das Gleis m\u00f6glichst harmonisch in die Parklandschaft einzubetten und gleichzeitig den Artenschutz zu f\u00f6rdern, legt die Stadt beidseitig der Trasse neue Vegetationszonen an. Aus Sicherheitsgr\u00fcnden muss direkt an den Gleisen beidseitig ein jeweils vier Meter breiter Bereich frei bleiben. Dahinter entstehen strukturreiche Bepflanzungen.<\/p>\n\n\n\n<p class=\"wp-block-paragraph\">Insgesamt sieht die Planung die Neupflanzung von B\u00e4umen, mehrere hundert Meter Schnitt- und Bl\u00fchhecken sowie artenreiche Blumenwiesen vor. Zudem soll ein sogenannter \u201eTiny Forest\u201c angelegt werden. Dabei handelt es sich um einen dicht bepflanzten, schnellwachsenden Mini-Wald nach der Miyawaki-Methode, der sich durch eine hohe Anpassungsf\u00e4higkeit an klimatische Ver\u00e4nderungen auszeichnet.<\/p>\n\n\n\n<p class=\"wp-block-paragraph\">Im Rahmen der \u00dcbergabe des Zuwendungsbescheides lobt NRW-Umwelt- und Verkehrsminister Oliver Krischer das Projekt: \u201eWir schaffen hier ein neues St\u00fcck Natur, mit Wiesen, Str\u00e4uchern und einem kleinen Wald mitten im Park. So verbinden wir wirksamen Naturschutz mit der R\u00fcckkehr der Niederrheinbahn mitten durch den Zechenpark. Davon profitieren die Menschen in Kamp-Lintfort und die Natur im ganzen Ruhrgebiet. Ein starkes Zeichen f\u00fcr Nordrhein-Westfalen auf dem Weg zur IGA 2027.\u201c<\/p>\n\n\n\n<p class=\"wp-block-paragraph\"><strong>Erschlie\u00dfung des Klimaw\u00e4ldchens<\/strong><br>Ein zweiter Baustein der Ma\u00dfnahme betrifft das s\u00fcdlich des Schirrhofs gelegene \u201eKlimaw\u00e4ldchen\u201c. Der vor rund 20 Jahren auf Schotterfl\u00e4chen der ehemaligen Zeche entstandene Industriewald soll vorsichtig f\u00fcr Besucher zug\u00e4nglich gemacht werden. Ein 1,5 Meter breiter, barrierefreier Weg verbindet den Park k\u00fcnftig durch eine \u00d6ffnung in der historischen Zechenmauer mit der Friedrich-Heinrich-Allee. Ein schmaler Naturerlebnispfad f\u00fchrt zu Natursitzpl\u00e4tzen unter Bestandsb\u00e4umen. Neben der Erholungsfunktion dient das Geh\u00f6lz im Sommer als lokale Temperatursenke.<\/p>\n\n\n\n<p class=\"wp-block-paragraph\">Zur Vermittlung \u00f6kologischer und historischer Zusammenh\u00e4nge erarbeitet die Stadt gemeinsam mit der Hochschule Rhein-Waal und dem LAGA-F\u00f6rderverein ein Konzept f\u00fcr Umweltbildungsstationen. Der vorgesehene Lehrpfad soll Bergbaugeschichte und Industrienatur miteinander verkn\u00fcpfen.<\/p>\n\n\n\n<p class=\"wp-block-paragraph\"><strong>Baubeginn f\u00fcr 2027 geplant<\/strong><br>Die physischen Arbeiten im Park sollen Anfang 2027 beginnen und zur IGA 2027 weitestgehend abgeschlossen sein. Die Gleisbauarbeiten der Niederrheinbahn GmbH werden bis dahin voraussichtlich noch nicht begonnen haben. W\u00e4hrend die Stadt auf eine baldm\u00f6glichste Inbetriebnahme der Niederrheinbahn hofft, l\u00e4sst sich ein exakter Termin aufgrund der andauernden Planungen und Kl\u00e4rungen rund um die erforderliche Br\u00fcckeninfrastruktur derzeit nicht gesichert benennen.<\/p>\n\n\n\n<p class=\"wp-block-paragraph\">Quelle: <a href=\"https:\/\/www.kamp-lintfort.de\/service-rathaus\/pressemeldungen\/minister-krischer-uebergibt-132-millionen-euro-foerdergeld-fuer-das\">Stadt Kamp-Lintfort<\/a><\/p>\n\n\n<figure class=\"wp-block-post-featured-image\"><img loading=\"lazy\" decoding=\"async\" width=\"400\" height=\"393\" src=\"https:\/\/standort-niederrhein.de\/wp-content\/uploads\/2026\/09\/Bild-HP_2.jpg\" class=\"attachment-post-thumbnail size-post-thumbnail wp-post-image\" alt=\"\" style=\"object-fit:cover;\" srcset=\"https:\/\/standort-niederrhein.de\/wp-content\/uploads\/2026\/09\/Bild-HP_2.jpg 400w, https:\/\/standort-niederrhein.de\/wp-content\/uploads\/2026\/09\/Bild-HP_2-300x295.jpg 300w\" sizes=\"(max-width: 400px) 100vw, 400px\" \/><\/figure>\n\n\n<p class=\"wp-block-paragraph\">Foto: Stadt Kamp-Lintfort<\/p>\n","protected":false},"excerpt":{"rendered":"<p>Kamp-Lintfort. Der Zechenpark Friedrich Heinrich in Kamp-Lintfort wird in den kommenden Jahren \u00f6kologisch weiterentwickelt. Das Land Nordrhein-Westfalen und die Europ\u00e4ische Union unterst\u00fctzen das Projekt \u201eLebensraumband im Zechenpark\u201c mit F\u00f6rdermitteln in H\u00f6he von rund 1,3 Millionen Euro. Bei Gesamtkosten von etwa 1,5 Millionen Euro entspricht dies einer F\u00f6rderquote von 90 Prozent im Rahmen des Programms \u201eGr\u00fcne [&hellip;]<\/p>\n","protected":false},"author":3,"featured_media":8370,"comment_status":"closed","ping_status":"closed","sticky":false,"template":"","format":"standard","meta":{"_et_pb_use_builder":"","_et_pb_old_content":"","_et_gb_content_width":"","footnotes":""},"categories":[1],"tags":[],"class_list":["post-8369","post","type-post","status-publish","format-standard","has-post-thumbnail","hentry","category-allgemein"],"_links":{"self":[{"href":"https:\/\/standort-niederrhein.de\/en\/wp-json\/wp\/v2\/posts\/8369","targetHints":{"allow":["GET"]}}],"collection":[{"href":"https:\/\/standort-niederrhein.de\/en\/wp-json\/wp\/v2\/posts"}],"about":[{"href":"https:\/\/standort-niederrhein.de\/en\/wp-json\/wp\/v2\/types\/post"}],"author":[{"embeddable":true,"href":"https:\/\/standort-niederrhein.de\/en\/wp-json\/wp\/v2\/users\/3"}],"replies":[{"embeddable":true,"href":"https:\/\/standort-niederrhein.de\/en\/wp-json\/wp\/v2\/comments?post=8369"}],"version-history":[{"count":1,"href":"https:\/\/standort-niederrhein.de\/en\/wp-json\/wp\/v2\/posts\/8369\/revisions"}],"predecessor-version":[{"id":8371,"href":"https:\/\/standort-niederrhein.de\/en\/wp-json\/wp\/v2\/posts\/8369\/revisions\/8371"}],"wp:featuredmedia":[{"embeddable":true,"href":"https:\/\/standort-niederrhein.de\/en\/wp-json\/wp\/v2\/media\/8370"}],"wp:attachment":[{"href":"https:\/\/standort-niederrhein.de\/en\/wp-json\/wp\/v2\/media?parent=8369"}],"wp:term":[{"taxonomy":"category","embeddable":true,"href":"https:\/\/standort-niederrhein.de\/en\/wp-json\/wp\/v2\/categories?post=8369"},{"taxonomy":"post_tag","embeddable":true,"href":"https:\/\/standort-niederrhein.de\/en\/wp-json\/wp\/v2\/tags?post=8369"}],"curies":[{"name":"wp","href":"https:\/\/api.w.org\/{rel}","templated":true}]}}