{"id":8363,"date":"2026-08-26T06:00:00","date_gmt":"2026-08-26T04:00:00","guid":{"rendered":"https:\/\/standort-niederrhein.de\/?p=8363"},"modified":"2026-09-01T09:09:45","modified_gmt":"2026-09-01T07:09:45","slug":"katharinenhoefe-hier-entsteht-ein-neues-stueck-stadt","status":"publish","type":"post","link":"https:\/\/standort-niederrhein.de\/en\/2026\/08\/26\/katharinenhoefe-hier-entsteht-ein-neues-stueck-stadt\/","title":{"rendered":"Katharinenh\u00f6fe: \u201eHier entsteht ein neues St\u00fcck Stadt\u201c"},"content":{"rendered":"\n<p class=\"wp-block-paragraph\">Willich. Jetzt tut sich sichtbar etwas: Am heutigen Freitag erfolgte angemessen \u201efeierlich\u201c der Spatenstich zu den Erschlie\u00dfungsma\u00dfnahmen in Sachen Gro\u00dfprojekt Katharinenh\u00f6fe an der Bahnstra\u00dfe in Willich.<\/p>\n\n\n\n<p class=\"wp-block-paragraph\">Neben B\u00fcrgermeister Christian Pakusch (G\u00e4ste waren diverse Vertretern von Rat und Verwaltung, k\u00fcnftige Bewohnern und Interessenten) waren Melanie Sauerbier, Leiterin Region West der bpd (die ausf\u00fchrende K\u00f6lner \u201eBouwfonds Property Development\u201c, also \u201ebouwfonds immobilien-Entwicklung\u201c), Marcus Fadi als Prokurist der Stadtwerke Willich und Thomas Trendelkamp, Leiter Projektentwicklung Region West BPD am Start respektive am Spaten.<\/p>\n\n\n\n<p class=\"wp-block-paragraph\"><strong>Baustra\u00dfe und Baustelleneinrichtung<\/strong><br>Einige Rahmendaten zum Projekt Auf einer Grundst\u00fccksfl\u00e4che von rund 14.700 Quadratmetern werden nach den Pl\u00e4nen des D\u00fcsseldorfer Architekturb\u00fcros \u201eKonrath &amp; Wennemar\u201c 72 Eigentumswohnungen gebaut \u2013 im ersten Bauabschnitt vier Mehrfamilienh\u00e4user mit 48 Einheiten und die Tiefgarage f\u00fcr die vier Geb\u00e4ude. Aktuell im Vertrieb sind drei der Mehrfamilienh\u00e4user mit 36 Wohneinheiten. Laut bpd \u201emoderne und komfortable Grundrisse f\u00fcr Singles, Paare, Familien und \u00e4ltere Menschen. Aufz\u00fcge, Tiefgarage sowie private Balkone, Terrassen oder G\u00e4rten sorgen f\u00fcr hohen Wohnkomfort und eine langfristig wertbest\u00e4ndige Wohnqualit\u00e4t.\u201c Auf dem Areal des ehemaligen Krankenhauses entstehe \u201eein lebendiges Wohn- und Gewerbequartier\u201c man schaffe \u201eeinen neuen st\u00e4dtebaulichen Ankerpunkt, der die Innenstadt langfristig st\u00e4rkt und Menschen unterschiedlicher Generationen zusammenbringt\u201c.<\/p>\n\n\n\n<p class=\"wp-block-paragraph\">Konkret wird jetzt, so bpd, mit den Erschlie\u00dfungsarbeiten f\u00fcr alle Mehrfamilienh\u00e4user begonnen. Baustra\u00dfe und Baustelleneinrichtung stehen an, als n\u00e4chste Schritte sind bis Herbst Kanalbau f\u00fcr Schmutzwasserkanal und Regenwasserkanal plus Gr\u00e4ben f\u00fcr die Versorgungsleitungen geplant, anschlie\u00dfend soll mit den Erdarbeiten f\u00fcr den Start des Hochbaus begonnen werden.<\/p>\n\n\n\n<p class=\"wp-block-paragraph\"><strong>\u00dcberarbeitung des Energiekonzepts<\/strong><br>Melanie Sauerbier dankte B\u00fcrgermeister Christian Pakusch f\u00fcr seine Unterst\u00fctzung des Projekts von Anfang an mit gro\u00dfem Engagement; sie betonte unter anderem, dass\u00a0<em>\u201e<\/em>die Katharinenh\u00f6fe aus zwei klar strukturierten Hofquartieren bestehen werden, die durch gro\u00dfz\u00fcgige Gr\u00fcnfl\u00e4chen miteinander verbunden werden. Im Zentrum entsteht ein Quartiersplatz als Treffpunkt f\u00fcr Begegnung, Austausch und gemeinschaftliches Leben. Besonders stolz sind wir auf die direkte Verbindung zum Konrad-Adenauer-Park. Die \u00f6ffentlichen Gr\u00fcnfl\u00e4chen des Quartiers gehen nahezu nahtlos in den Park \u00fcber und schaffen eine au\u00dfergew\u00f6hnliche Aufenthaltsqualit\u00e4t mitten in der Stadt.\u201c\u00a0<\/p>\n\n\n\n<p class=\"wp-block-paragraph\">Man habe das Projekt zwischenzeitlich\u00a0\u201eintensiv \u00fcberpr\u00fcft und an die ver\u00e4nderten Rahmenbedingungen angepasst\u201c: Ein wichtiger Baustein sei dabei die \u00dcberarbeitung des Energiekonzepts mit Blick auf die zuk\u00fcnftige W\u00e4rmeversorgung und die kommunale W\u00e4rmeplanung gewesen.\u00a0<\/p>\n\n\n\n<p class=\"wp-block-paragraph\">Pakusch f\u00fchrte aus, dass nach all den \u2013 auch ihm nicht immer nur freundlich vorgetragenen \u2013 Zweifeln am Projekt \u201eheute einfach ein gro\u00dfartiger Tag\u201c sei: \u201eDenn heute stehen wir nicht hier, um \u00fcber Pl\u00e4ne zu sprechen. Wir schauen nicht auf irgendeine Visualisierung und reden dar\u00fcber, was irgendwann einmal sein k\u00f6nnte. Heute stehen wir hier mit dem Spaten in der Hand. Heute wird aus Planung Wirklichkeit. Wir haben \u00fcber die Katharinenh\u00f6fe wahrlich genug geredet. Heute fangen wir an!\u201c<\/p>\n\n\n\n<p class=\"wp-block-paragraph\">Denn die Katharinenh\u00f6fe seien \u201emehr als ein Bauprojekt. Sie werden das Gesicht im Herzen von Alt-Willich ver\u00e4ndern. Hier entsteht ein neues St\u00fcck Stadt. Ein Ort, an dem Menschen wohnen und leben werden und der unserem Ortskern neue Impulse geben wird. Und genau das ist Stadtentwicklung: nicht stehen bleiben, sondern unsere Stadt behutsam weiterentwickeln und dabei daf\u00fcr sorgen, dass sie lebendig und attraktiv bleibt.\u201c so der B\u00fcrgermeister.<\/p>\n\n\n\n<p class=\"wp-block-paragraph\">Quelle: <a href=\"https:\/\/www.stadt-willich.de\/service\/aktuelle-meldungen\/hier-entsteht-ein-neues-stueck-stadt\">Stadt Willich<\/a><\/p>\n\n\n<figure class=\"wp-block-post-featured-image\"><img loading=\"lazy\" decoding=\"async\" width=\"480\" height=\"360\" src=\"https:\/\/standort-niederrhein.de\/wp-content\/uploads\/2026\/09\/Willich_Katharinenhoefe_Pressestelle_plu.jpg\" class=\"attachment-post-thumbnail size-post-thumbnail wp-post-image\" alt=\"\" style=\"object-fit:cover;\" srcset=\"https:\/\/standort-niederrhein.de\/wp-content\/uploads\/2026\/09\/Willich_Katharinenhoefe_Pressestelle_plu.jpg 480w, https:\/\/standort-niederrhein.de\/wp-content\/uploads\/2026\/09\/Willich_Katharinenhoefe_Pressestelle_plu-300x225.jpg 300w\" sizes=\"(max-width: 480px) 100vw, 480px\" \/><\/figure>\n\n\n<p class=\"wp-block-paragraph\">Foto: Stadt Willich\/ Pressestelle_plu<\/p>\n","protected":false},"excerpt":{"rendered":"<p>Willich. Jetzt tut sich sichtbar etwas: Am heutigen Freitag erfolgte angemessen \u201efeierlich\u201c der Spatenstich zu den Erschlie\u00dfungsma\u00dfnahmen in Sachen Gro\u00dfprojekt Katharinenh\u00f6fe an der Bahnstra\u00dfe in Willich. Neben B\u00fcrgermeister Christian Pakusch (G\u00e4ste waren diverse Vertretern von Rat und Verwaltung, k\u00fcnftige Bewohnern und Interessenten) waren Melanie Sauerbier, Leiterin Region West der bpd (die ausf\u00fchrende K\u00f6lner \u201eBouwfonds Property [&hellip;]<\/p>\n","protected":false},"author":3,"featured_media":8364,"comment_status":"closed","ping_status":"closed","sticky":false,"template":"","format":"standard","meta":{"_et_pb_use_builder":"","_et_pb_old_content":"","_et_gb_content_width":"","footnotes":""},"categories":[1],"tags":[],"class_list":["post-8363","post","type-post","status-publish","format-standard","has-post-thumbnail","hentry","category-allgemein"],"_links":{"self":[{"href":"https:\/\/standort-niederrhein.de\/en\/wp-json\/wp\/v2\/posts\/8363","targetHints":{"allow":["GET"]}}],"collection":[{"href":"https:\/\/standort-niederrhein.de\/en\/wp-json\/wp\/v2\/posts"}],"about":[{"href":"https:\/\/standort-niederrhein.de\/en\/wp-json\/wp\/v2\/types\/post"}],"author":[{"embeddable":true,"href":"https:\/\/standort-niederrhein.de\/en\/wp-json\/wp\/v2\/users\/3"}],"replies":[{"embeddable":true,"href":"https:\/\/standort-niederrhein.de\/en\/wp-json\/wp\/v2\/comments?post=8363"}],"version-history":[{"count":1,"href":"https:\/\/standort-niederrhein.de\/en\/wp-json\/wp\/v2\/posts\/8363\/revisions"}],"predecessor-version":[{"id":8365,"href":"https:\/\/standort-niederrhein.de\/en\/wp-json\/wp\/v2\/posts\/8363\/revisions\/8365"}],"wp:featuredmedia":[{"embeddable":true,"href":"https:\/\/standort-niederrhein.de\/en\/wp-json\/wp\/v2\/media\/8364"}],"wp:attachment":[{"href":"https:\/\/standort-niederrhein.de\/en\/wp-json\/wp\/v2\/media?parent=8363"}],"wp:term":[{"taxonomy":"category","embeddable":true,"href":"https:\/\/standort-niederrhein.de\/en\/wp-json\/wp\/v2\/categories?post=8363"},{"taxonomy":"post_tag","embeddable":true,"href":"https:\/\/standort-niederrhein.de\/en\/wp-json\/wp\/v2\/tags?post=8363"}],"curies":[{"name":"wp","href":"https:\/\/api.w.org\/{rel}","templated":true}]}}