{"id":8360,"date":"2026-08-25T06:00:00","date_gmt":"2026-08-25T04:00:00","guid":{"rendered":"https:\/\/standort-niederrhein.de\/?p=8360"},"modified":"2026-09-01T09:01:51","modified_gmt":"2026-09-01T07:01:51","slug":"schermbeck-wird-mitglied-im-partnerschaftsbuendnis-fuer-den-oekolandbau-am-niederrhein","status":"publish","type":"post","link":"https:\/\/standort-niederrhein.de\/en\/2026\/08\/25\/schermbeck-wird-mitglied-im-partnerschaftsbuendnis-fuer-den-oekolandbau-am-niederrhein\/","title":{"rendered":"Schermbeck wird Mitglied im Partnerschaftsb\u00fcndnis f\u00fcr den \u00d6kolandbau am Niederrhein"},"content":{"rendered":"\n<p class=\"wp-block-paragraph\"><strong>Schermbeck.<\/strong> Bei bestem Wetter stellte sich das Partnerschaftsb\u00fcndnis auf dem Voigtshof der Familie Grosse in Sonsbeck-Labbeck auf einer Presseveranstaltung vor und begr\u00fc\u00dfte mit der Gemeinde Schermbeck und dem Landhotel Vosh\u00f6vel gleich zwei neue Mitglieder. \u201eWir freuen uns mit der Unterzeichnung des Kooperationsvertrages ein klares Zeichen f\u00fcr den \u00d6kolandbau in der Region zu setzen und die regionale Biolandwirtschaft zu f\u00f6rdern\u201c, betont Judith Schmitz, Klimaschutzkoordinatorin der Gemeinde. Konkret arbeitet die Gemeinde an mehr regionalen Produkten auf den Tellern der Grundsch\u00fclerinnen und -sch\u00fcler: Die neue Grundschule soll mit bio-regionalen Lebensmitteln versorgt und die Kinder an die Wichtigkeit regionaler, nachhaltig produzierter Lebensmittel herangef\u00fchrt werden. Beim Netzwerktreffen konnte die Gemeinde direkt von den Erfahrungen der B\u00fcndnispartner profitieren und f\u00fcr die Umsetzung erste Kontakte kn\u00fcpfen.\u00a0<\/p>\n\n\n\n<p class=\"wp-block-paragraph\">So erz\u00e4hlte Sandra Kimm-Hamacher, Wirtschaftsf\u00f6rderin der Stadt Rees, von ihrem Bildungsprojekt, bei dem Sch\u00fclerinnen und Sch\u00fcler auf einem Biolandwirtschaftsbetrieb hautnah die Bedeutung von regionalen und saisonalen Lebensmitteln erleben konnten. Au\u00dferdem berichtete Andreas Manthey, Klimaschutzmanager der Gemeinde Sonsbeck, vom Umsetzungsweg, den Bio-Anteil bei der Mittagsverpflegung im Offenen Ganztag zur erh\u00f6hen. W\u00e4hrend Schermbeck von solchen Erfahrungen lernen kann, freut sich die Gemeinde in Zukunft auch von eigenen Projekten wie der Schermbecker Kiste zu berichten, die den Verkauf regionaler Produkte f\u00f6rdern.<\/p>\n\n\n\n<p class=\"wp-block-paragraph\">Wie wichtig die Unterst\u00fctzung \u00f6kologischer Wertsch\u00f6pfungsketten f\u00fcr die Landwirtschaft in der Region ist, fasste Kreisdirektor Ralf Berensmeier vom Kreis Wesel in seinem Gru\u00dfwort an das Partnerschaftsb\u00fcndnis hervorragend zusammen: \u201eDie Landwirtschaft ist landschafts-, wirtschafts- und charakterpr\u00e4gend f\u00fcr unsere beiden niederrheinischen Kreise und deren Entwicklung und somit zukunftsweisend f\u00fcr die ganze Region. Gemeinsames Netzwerken und das Einbringen von Fachwissen, Erfahrungen und eigenen Perspektiven der Menschen sind hierf\u00fcr unverzichtbar! Gemeinsam wollen und m\u00fcssen wir uns klarwerden, wo wir hin und wie wir die Landwirtschaft der Zukunft gestalten wollen. F\u00fcr diese Zukunftsvision ist der \u00d6kolandbau ein echtes Plus und bietet gro\u00dfe Chancen.\u201c Das&nbsp;Partnerschaftsb\u00fcndnis k\u00f6nne dabei helfen, die guten Produkte, die am Niederrhein erzeugt werden, auch gut zu verarbeiten und erfolgreich zu vermarkten und dies f\u00fcr alle sichtbar zu machen. \u201eDer Niederrhein soll als eine Region bekannt sein, in der Landwirtschaft und Wirtschaft gemeinsam erfolgreich sein k\u00f6nnen.\u201c&nbsp;<\/p>\n\n\n\n<p class=\"wp-block-paragraph\">Die Gemeinde Schermbeck freut sich darauf, durch die Zusammenarbeit den \u00d6kolandbau in der Region zu f\u00f6rdern und zuk\u00fcnftig eigene Erfahrungen im B\u00fcndnis teilen zu k\u00f6nnen.<\/p>\n\n\n\n<p class=\"wp-block-paragraph\">Quelle: <a href=\"https:\/\/www.schermbeck.de\/rathaus-buerger\/pressemitteilungen\/schermbeck-wird-mitglied-im-partnerschaftsbuendnis-fuer-den\">Gemeinde Schermbeck<\/a><\/p>\n\n\n<figure class=\"wp-block-post-featured-image\"><img loading=\"lazy\" decoding=\"async\" width=\"2560\" height=\"1707\" src=\"https:\/\/standort-niederrhein.de\/wp-content\/uploads\/2026\/09\/Voigtshof3_Meike-Siebel-LWK-scaled.jpg\" class=\"attachment-post-thumbnail size-post-thumbnail wp-post-image\" alt=\"\" style=\"object-fit:cover;\" srcset=\"https:\/\/standort-niederrhein.de\/wp-content\/uploads\/2026\/09\/Voigtshof3_Meike-Siebel-LWK-scaled.jpg 2560w, https:\/\/standort-niederrhein.de\/wp-content\/uploads\/2026\/09\/Voigtshof3_Meike-Siebel-LWK-1280x854.jpg 1280w, https:\/\/standort-niederrhein.de\/wp-content\/uploads\/2026\/09\/Voigtshof3_Meike-Siebel-LWK-980x653.jpg 980w, https:\/\/standort-niederrhein.de\/wp-content\/uploads\/2026\/09\/Voigtshof3_Meike-Siebel-LWK-480x320.jpg 480w\" sizes=\"(min-width: 0px) and (max-width: 480px) 480px, (min-width: 481px) and (max-width: 980px) 980px, (min-width: 981px) and (max-width: 1280px) 1280px, (min-width: 1281px) 2560px, 100vw\" \/><\/figure>\n\n\n<p class=\"wp-block-paragraph\">Von links: Matthias Dames (Landhotel Vosh\u00f6vel), Judith Schmitz (Gemeinde Schermbeck) und Pia Haartz (\u00d6MR Niederrhein) bei der Unterzeichnung des Kooperationsvertrages | Foto: Meike Siebel, LWK<\/p>\n","protected":false},"excerpt":{"rendered":"<p>Schermbeck. Bei bestem Wetter stellte sich das Partnerschaftsb\u00fcndnis auf dem Voigtshof der Familie Grosse in Sonsbeck-Labbeck auf einer Presseveranstaltung vor und begr\u00fc\u00dfte mit der Gemeinde Schermbeck und dem Landhotel Vosh\u00f6vel gleich zwei neue Mitglieder. \u201eWir freuen uns mit der Unterzeichnung des Kooperationsvertrages ein klares Zeichen f\u00fcr den \u00d6kolandbau in der Region zu setzen und die [&hellip;]<\/p>\n","protected":false},"author":3,"featured_media":8361,"comment_status":"closed","ping_status":"closed","sticky":false,"template":"","format":"standard","meta":{"_et_pb_use_builder":"","_et_pb_old_content":"","_et_gb_content_width":"","footnotes":""},"categories":[1],"tags":[],"class_list":["post-8360","post","type-post","status-publish","format-standard","has-post-thumbnail","hentry","category-allgemein"],"_links":{"self":[{"href":"https:\/\/standort-niederrhein.de\/en\/wp-json\/wp\/v2\/posts\/8360","targetHints":{"allow":["GET"]}}],"collection":[{"href":"https:\/\/standort-niederrhein.de\/en\/wp-json\/wp\/v2\/posts"}],"about":[{"href":"https:\/\/standort-niederrhein.de\/en\/wp-json\/wp\/v2\/types\/post"}],"author":[{"embeddable":true,"href":"https:\/\/standort-niederrhein.de\/en\/wp-json\/wp\/v2\/users\/3"}],"replies":[{"embeddable":true,"href":"https:\/\/standort-niederrhein.de\/en\/wp-json\/wp\/v2\/comments?post=8360"}],"version-history":[{"count":1,"href":"https:\/\/standort-niederrhein.de\/en\/wp-json\/wp\/v2\/posts\/8360\/revisions"}],"predecessor-version":[{"id":8362,"href":"https:\/\/standort-niederrhein.de\/en\/wp-json\/wp\/v2\/posts\/8360\/revisions\/8362"}],"wp:featuredmedia":[{"embeddable":true,"href":"https:\/\/standort-niederrhein.de\/en\/wp-json\/wp\/v2\/media\/8361"}],"wp:attachment":[{"href":"https:\/\/standort-niederrhein.de\/en\/wp-json\/wp\/v2\/media?parent=8360"}],"wp:term":[{"taxonomy":"category","embeddable":true,"href":"https:\/\/standort-niederrhein.de\/en\/wp-json\/wp\/v2\/categories?post=8360"},{"taxonomy":"post_tag","embeddable":true,"href":"https:\/\/standort-niederrhein.de\/en\/wp-json\/wp\/v2\/tags?post=8360"}],"curies":[{"name":"wp","href":"https:\/\/api.w.org\/{rel}","templated":true}]}}