{"id":8357,"date":"2026-08-24T06:00:00","date_gmt":"2026-08-24T04:00:00","guid":{"rendered":"https:\/\/standort-niederrhein.de\/?p=8357"},"modified":"2026-09-01T08:55:56","modified_gmt":"2026-09-01T06:55:56","slug":"familienbetrieb-setzt-auf-service-innovation-und-ausbildung","status":"publish","type":"post","link":"https:\/\/standort-niederrhein.de\/en\/2026\/08\/24\/familienbetrieb-setzt-auf-service-innovation-und-ausbildung\/","title":{"rendered":"Familienbetrieb setzt auf Service, Innovation und Ausbildung"},"content":{"rendered":"\n<p class=\"wp-block-paragraph\"><strong>Emmerich am Rhein.<\/strong> Im Rahmen ihrer regelm\u00e4\u00dfigen Unternehmensbesuche waren die Wirtschaftsf\u00f6rderungs- und Stadtmarketing Gesellschaft Emmerich am Rhein mbH (WFG) und B\u00fcrgermeisterin Claudia Lindlahr zu Gast bei Elektrotechnik Kuhn in Emmerich-Elten. Ziel der Besuche ist es, die Unternehmen am Standort Emmerich am Rhein besser kennenzulernen, sich \u00fcber aktuelle Entwicklungen, Herausforderungen und Zukunftsperspektiven auszutauschen und dort zu unterst\u00fctzen, wo Wirtschaftsf\u00f6rderung und Verwaltung einen Beitrag leisten k\u00f6nnen.<\/p>\n\n\n\n<p class=\"wp-block-paragraph\">Gesch\u00e4ftsf\u00fchrer Patrick Kuhn begr\u00fc\u00dfte die G\u00e4ste pers\u00f6nlich und stellte den Familienbetrieb vor. Das Unternehmen wird bereits in zweiter Generation gef\u00fchrt. Patrick Kuhn \u00fcbernahm den Betrieb im Jahr 2022 von seinem Vater Werner Kuhn, der dem Unternehmen weiterhin als Mitarbeiter erhalten geblieben ist. Nach seiner Ausbildung bei dem damaligen Unternehmen Vels (heute Bednarz) absolvierte Patrick Kuhn im Jahr 2013 erfolgreich seine Meisterpr\u00fcfung und bereitete sich anschlie\u00dfend auf die \u00dcbernahme des Betriebs vor. Gemeinsam mit seinem Vater und einem weiteren Mitarbeiter bildet er heute das technische Team. Im B\u00fcro k\u00fcmmern sich seine Ehefrau Corinna Kuhn sowie seine Mutter Sabine Kuhn um die Organisation und die kaufm\u00e4nnischen Aufgaben.<\/p>\n\n\n\n<p class=\"wp-block-paragraph\">Das Leistungsspektrum von Elektrotechnik Kuhn umfasst den Verkauf, die Installation und die Reparatur von Elektroger\u00e4ten. Seit der Betriebs\u00fcbernahme wurden die Angebote zudem um die Bereiche Photovoltaikanlagen sowie E-Mobilit\u00e4t mit Wallboxen erweitert. Rund 90 Prozent der Kundinnen und Kunden stammen aus Emmerich am Rhein. Ein deutliches Zeichen f\u00fcr die starke regionale Verbundenheit des Unternehmens. Auch im Bereich der lokalen Kaufkraft engagiert sich Elektrotechnik Kuhn f\u00fcr den Standort Emmerich am Rhein. Das Unternehmen ist Akzeptanzstelle des Emmericher Einkaufsgutscheins. Kundinnen und Kunden k\u00f6nnen ihren Einkauf sowie ausgew\u00e4hlte Leistungen bequem mit dem Gutschein bezahlen. Damit st\u00e4rkt Elektrotechnik Kuhn nicht nur den regionalen Handel und das Handwerk, sondern unterst\u00fctzt zugleich das gemeinsame Ziel, die Kaufkraft in Emmerich am Rhein zu halten und die lokale Wirtschaft nachhaltig zu f\u00f6rdern.<br>Besonders wichtig ist Patrick Kuhn die zuverl\u00e4ssige Betreuung seiner Bestandskunden. Trotz einer sehr guten Auftragslage legt der Betrieb gro\u00dfen Wert auf schnellen Service und \u00fcbernimmt auch kleinere Elektroarbeiten, die von vielen Unternehmen inzwischen nicht mehr angeboten werden. Dar\u00fcber hinaus k\u00f6nnen Kundinnen und Kunden verschiedenste Elektroger\u00e4te direkt \u00fcber Elektrotechnik Kuhn beziehen. \u201eEs gibt niemanden mehr, der wegen einer kleinen Steckdosenverlegung in der K\u00fcche rausgeht. Das bieten wir unseren Kunden. Gerade dieser pers\u00f6nliche Service und die N\u00e4he zu unseren Kunden machen uns aus\u201c, betont Patrick Kuhn.<\/p>\n\n\n\n<p class=\"wp-block-paragraph\">Wie viele Handwerksbetriebe steht auch Elektrotechnik Kuhn vor der Herausforderung, qualifizierte Fachkr\u00e4fte zu gewinnen. Der Betrieb sucht derzeit nach einem Elektroniker und bietet 2027 auch einen Ausbildungsplatz zum\/r Elektroniker\/-in f\u00fcr Energie- und Geb\u00e4udetechnik aus. Um junge Menschen fr\u00fchzeitig f\u00fcr das Handwerk zu begeistern, beteiligt sich das Unternehmen am 18. November an der von der WFG organisierten Azubib\u00f6rse an der Gesamtschule Emmerich am Rhein.<\/p>\n\n\n\n<p class=\"wp-block-paragraph\">B\u00fcrgermeisterin Claudia Lindlahr zeigte sich beeindruckt vom Unternehmen und seinem Engagement: \u201eBei meinem Besuch ist mir vor allem eines aufgefallen: Hier steht der Kunde wirklich im Mittelpunkt. Nat\u00fcrlich geh\u00f6ren Photovoltaik, E-Mobilit\u00e4t und moderne Elektrotechnik l\u00e4ngst zum Leistungsspektrum. Aber genauso selbstverst\u00e4ndlich k\u00fcmmert sich das Team auch um die kleinen Anliegen, die f\u00fcr viele Menschen oft die gr\u00f6\u00dfte Hilfe sind. Diese Bodenst\u00e4ndigkeit, gepaart mit hoher fachlicher Kompetenz und der Ausbildung junger Menschen, macht Elektrotechnik Kuhn zu einem echten Aush\u00e4ngeschild f\u00fcr unsere heimische Wirtschaft.\u201c<\/p>\n\n\n\n<p class=\"wp-block-paragraph\">Auch f\u00fcr die WFG sind die regelm\u00e4\u00dfigen Unternehmensbesuche ein wichtiger Bestandteil der Wirtschaftsf\u00f6rderung. Der direkte Dialog erm\u00f6glicht es, Entwicklungen fr\u00fchzeitig zu erkennen, Bedarfe aufzunehmen und Unternehmen gezielt zu begleiten. \u201eHandwerksbetriebe wie Elektrotechnik Kuhn zeigen, welche Bedeutung familiengef\u00fchrte Unternehmen f\u00fcr unseren Wirtschaftsstandort haben. Sie bieten langj\u00e4hrige Erfahrung, investieren in die Ausbildung junger Menschen und bieten gleichzeitig einen pers\u00f6nlichen Service, der heute keine Selbstverst\u00e4ndlichkeit mehr ist. Genau diese Mischung macht das Emmericher Handwerk stark. Als WFG m\u00f6chten wir solche Betriebe sichtbar machen, ihre Anliegen aufnehmen und sie bei ihrer weiteren Entwicklung bestm\u00f6glich begleiten\u201c, erkl\u00e4rt WFG-Gesch\u00e4ftsf\u00fchrerin Sara Kreipe.<\/p>\n\n\n\n<p class=\"wp-block-paragraph\">Der Unternehmensbesuch machte deutlich, wie wichtig inhabergef\u00fchrte Handwerksbetriebe f\u00fcr die wirtschaftliche Entwicklung der Stadt sind. Mit einem hohen Qualit\u00e4tsanspruch, regionaler Verbundenheit, der Bereitschaft zur Ausbildung und dem Ausbau zukunftsorientierter Gesch\u00e4ftsfelder tr\u00e4gt Elektrotechnik Kuhn ma\u00dfgeblich zur Attraktivit\u00e4t des Wirtschaftsstandortes Emmerich am Rhein bei. Die WFG wird den engen Austausch mit den Unternehmen auch k\u00fcnftig fortsetzen, um deren Anliegen aufzunehmen und gemeinsam die Zukunft des Standorts aktiv zu gestalten.<\/p>\n\n\n\n<p class=\"wp-block-paragraph\">Quelle: <a href=\"https:\/\/www.emmerich.de\/stadt-rathaus\/aktuelles\/aktuelle-meldungen\/unternehmensbesuch-bei-elektrotechnik-kuhn\">Stadt Emmerich<\/a><\/p>\n\n\n<figure class=\"wp-block-post-featured-image\"><img loading=\"lazy\" decoding=\"async\" width=\"800\" height=\"600\" src=\"https:\/\/standort-niederrhein.de\/wp-content\/uploads\/2026\/09\/Emmerich.jpg\" class=\"attachment-post-thumbnail size-post-thumbnail wp-post-image\" alt=\"\" style=\"object-fit:cover;\" srcset=\"https:\/\/standort-niederrhein.de\/wp-content\/uploads\/2026\/09\/Emmerich.jpg 800w, https:\/\/standort-niederrhein.de\/wp-content\/uploads\/2026\/09\/Emmerich-480x360.jpg 480w\" sizes=\"(min-width: 0px) and (max-width: 480px) 480px, (min-width: 481px) 800px, 100vw\" \/><\/figure>\n\n\n<p class=\"wp-block-paragraph\">Foto: Stadt Emmerich<\/p>\n","protected":false},"excerpt":{"rendered":"<p>Emmerich am Rhein. Im Rahmen ihrer regelm\u00e4\u00dfigen Unternehmensbesuche waren die Wirtschaftsf\u00f6rderungs- und Stadtmarketing Gesellschaft Emmerich am Rhein mbH (WFG) und B\u00fcrgermeisterin Claudia Lindlahr zu Gast bei Elektrotechnik Kuhn in Emmerich-Elten. Ziel der Besuche ist es, die Unternehmen am Standort Emmerich am Rhein besser kennenzulernen, sich \u00fcber aktuelle Entwicklungen, Herausforderungen und Zukunftsperspektiven auszutauschen und dort zu [&hellip;]<\/p>\n","protected":false},"author":3,"featured_media":8358,"comment_status":"closed","ping_status":"closed","sticky":false,"template":"","format":"standard","meta":{"_et_pb_use_builder":"","_et_pb_old_content":"","_et_gb_content_width":"","footnotes":""},"categories":[1],"tags":[],"class_list":["post-8357","post","type-post","status-publish","format-standard","has-post-thumbnail","hentry","category-allgemein"],"_links":{"self":[{"href":"https:\/\/standort-niederrhein.de\/en\/wp-json\/wp\/v2\/posts\/8357","targetHints":{"allow":["GET"]}}],"collection":[{"href":"https:\/\/standort-niederrhein.de\/en\/wp-json\/wp\/v2\/posts"}],"about":[{"href":"https:\/\/standort-niederrhein.de\/en\/wp-json\/wp\/v2\/types\/post"}],"author":[{"embeddable":true,"href":"https:\/\/standort-niederrhein.de\/en\/wp-json\/wp\/v2\/users\/3"}],"replies":[{"embeddable":true,"href":"https:\/\/standort-niederrhein.de\/en\/wp-json\/wp\/v2\/comments?post=8357"}],"version-history":[{"count":1,"href":"https:\/\/standort-niederrhein.de\/en\/wp-json\/wp\/v2\/posts\/8357\/revisions"}],"predecessor-version":[{"id":8359,"href":"https:\/\/standort-niederrhein.de\/en\/wp-json\/wp\/v2\/posts\/8357\/revisions\/8359"}],"wp:featuredmedia":[{"embeddable":true,"href":"https:\/\/standort-niederrhein.de\/en\/wp-json\/wp\/v2\/media\/8358"}],"wp:attachment":[{"href":"https:\/\/standort-niederrhein.de\/en\/wp-json\/wp\/v2\/media?parent=8357"}],"wp:term":[{"taxonomy":"category","embeddable":true,"href":"https:\/\/standort-niederrhein.de\/en\/wp-json\/wp\/v2\/categories?post=8357"},{"taxonomy":"post_tag","embeddable":true,"href":"https:\/\/standort-niederrhein.de\/en\/wp-json\/wp\/v2\/tags?post=8357"}],"curies":[{"name":"wp","href":"https:\/\/api.w.org\/{rel}","templated":true}]}}