{"id":8349,"date":"2026-08-20T06:00:00","date_gmt":"2026-08-20T04:00:00","guid":{"rendered":"https:\/\/standort-niederrhein.de\/?p=8349"},"modified":"2026-09-01T08:27:44","modified_gmt":"2026-09-01T06:27:44","slug":"innovation-am-strassenrand","status":"publish","type":"post","link":"https:\/\/standort-niederrhein.de\/en\/2026\/08\/20\/innovation-am-strassenrand\/","title":{"rendered":"Innovation am Stra\u00dfenrand"},"content":{"rendered":"\n<p class=\"wp-block-paragraph\"><strong>Rhein-Kreis Neuss\/ Kleinenbroich.<\/strong> Der Rhein-Kreis Neuss, die Stadt Korschenbroich sowie die NEW setzen ein innovatives Zeichen im Zuge der Mobilit\u00e4tswende. Im Rahmen eines Modellversuchs wurden an der Hochstra\u00dfe (K4) in Kleinenbroich in H\u00f6he der katholischen B\u00fccherei St. Dionysius zwei von der Firma Rheinmetall entwickelte Ladebordsteine verbaut. Mit dieser platzsparenden Technologie begegnen der Rhein-Kreis Neuss, die Stadt Korschenbroich sowie die NEW der steigenden Nachfrage nach E-Ladeinfrastruktur, ohne das gewohnte Ortsbild durch Lades\u00e4ulen zu ver\u00e4ndern. \u201eDie Ladebordsteine f\u00fcgen sich nahtlos in die bestehende Infrastruktur vor Ort ein und tragen zum Ausbau der \u00f6ffentlich zug\u00e4nglichen Ladepunkte f\u00fcr E-Mobilit\u00e4t im Kreisgebiet bei\u201c, betont Kreisdezernent Gregor K\u00fcpper. \u201eZugleich wird hiermit ein weiterer Beitrag dazu geleistet, B\u00fcrgerinnen und B\u00fcrgern ohne eigene Garage oder privaten Stellplatz ein m\u00f6glichst nutzerfreundliches Laden im \u00f6ffentlichen Raum zu erm\u00f6glichen.\u201c<\/p>\n\n\n\n<p class=\"wp-block-paragraph\">\u201eMit den Ladebordsteinen testen wir eine innovative L\u00f6sung, die den Ausbau der Ladeinfrastruktur mit einem attraktiven \u00f6ffentlichen Raum verbindet. So schaffen wir ein zukunftsf\u00e4higes Mobilit\u00e4tsangebot, ohne das Ortsbild zu beeintr\u00e4chtigen\u201c, sagt Georg Onkelbach, der Technische Beigeordnete der Stadt Korschenbroich.<\/p>\n\n\n\n<p class=\"wp-block-paragraph\">Im Vergleich zu herk\u00f6mmlichen Lades\u00e4ulen bietet die im Bordstein integrierte L\u00f6sung entscheidende Vorteile. So verschwindet die gesamte Technik im vorhandenen Bordstein, wodurch Gehwege frei von zus\u00e4tzlichen Hindernissen bleiben. Ladebordsteine \u00fcberzeugen zudem durch hohe Robustheit und Zuverl\u00e4ssigkeit, eine platzsparende Bauweise sowie einfache und kosteng\u00fcnstige Wartung.<\/p>\n\n\n\n<p class=\"wp-block-paragraph\">\u201eWer sein Elektroauto laden m\u00f6chte, braucht vor allem eines: eine einfache und verl\u00e4ssliche M\u00f6glichkeit direkt vor Ort. Die Ladebordsteine sind ein spannender Ansatz, um genau das zu erm\u00f6glichen \u2013 platzsparend, unauff\u00e4llig und alltagstauglich. Gemeinsam mit unseren Partnern testen wir, wie innovative Technologien den Umstieg auf klimafreundliche Mobilit\u00e4t noch komfortabler machen k\u00f6nnen\u201c, erkl\u00e4rt Johannes Vieten, Kompetenzcenterleiter Ladel\u00f6sungen bei der NEW.<\/p>\n\n\n\n<p class=\"wp-block-paragraph\">Durch den modularen Aufbau des Ladebordsteins kann die Elektronikeinheit im Servicefall innerhalb weniger Minuten durch Austauschmodule ersetzt werden, wodurch die Ladepunkte fast durchgehend einsatzbereit bleiben sollen, ohne dass hierf\u00fcr die Stra\u00dfe oder der Gehweg aufgerissen werden m\u00fcssen. Dar\u00fcber hinaus gilt die Technik durch die kapselnde Bauweise als wetterfest und betriebssicher. F\u00fcr die Betreiber entstehen gleichzeitig Vorteile durch geringere Installations- und Wartungskosten, vereinfachte Genehmigungsprozesse sowie die M\u00f6glichkeit zur kosteneffizienten und fl\u00e4chendeckenden Vorr\u00fcstung von Hohlbordsteinen, die mit steigendem Ladebedarf flexibel nachger\u00fcstet werden k\u00f6nnen.<\/p>\n\n\n\n<p class=\"wp-block-paragraph\">Die Gesamtkosten der Ma\u00dfnahmen (inkl. Anschaffung der zwei Ladebordsteine) belaufen sich auf rund 18.300 Euro.<\/p>\n\n\n\n<p class=\"wp-block-paragraph\">Quelle: <a href=\"http:\/\/www.rhein-kreis-neuss.de\">Rhein-Kreis Neuss<\/a><\/p>\n\n\n<figure class=\"wp-block-post-featured-image\"><img loading=\"lazy\" decoding=\"async\" width=\"2300\" height=\"1533\" src=\"https:\/\/standort-niederrhein.de\/wp-content\/uploads\/2026\/09\/RKN-Ladebordsteine-0625.jpg\" class=\"attachment-post-thumbnail size-post-thumbnail wp-post-image\" alt=\"\" style=\"object-fit:cover;\" srcset=\"https:\/\/standort-niederrhein.de\/wp-content\/uploads\/2026\/09\/RKN-Ladebordsteine-0625.jpg 2300w, https:\/\/standort-niederrhein.de\/wp-content\/uploads\/2026\/09\/RKN-Ladebordsteine-0625-1280x853.jpg 1280w, https:\/\/standort-niederrhein.de\/wp-content\/uploads\/2026\/09\/RKN-Ladebordsteine-0625-980x653.jpg 980w, https:\/\/standort-niederrhein.de\/wp-content\/uploads\/2026\/09\/RKN-Ladebordsteine-0625-480x320.jpg 480w\" sizes=\"(min-width: 0px) and (max-width: 480px) 480px, (min-width: 481px) and (max-width: 980px) 980px, (min-width: 981px) and (max-width: 1280px) 1280px, (min-width: 1281px) 2300px, 100vw\" \/><\/figure>\n\n\n<p class=\"wp-block-paragraph\">Die Ladebordsteine k\u00f6nnen an der Hochstra\u00dfe (K4) in Kleinenbroich genutzt werden. | Foto: W. Walter\/ Rhein-Kreis Neuss<\/p>\n","protected":false},"excerpt":{"rendered":"<p>Rhein-Kreis Neuss\/ Kleinenbroich. Der Rhein-Kreis Neuss, die Stadt Korschenbroich sowie die NEW setzen ein innovatives Zeichen im Zuge der Mobilit\u00e4tswende. Im Rahmen eines Modellversuchs wurden an der Hochstra\u00dfe (K4) in Kleinenbroich in H\u00f6he der katholischen B\u00fccherei St. Dionysius zwei von der Firma Rheinmetall entwickelte Ladebordsteine verbaut. Mit dieser platzsparenden Technologie begegnen der Rhein-Kreis Neuss, die [&hellip;]<\/p>\n","protected":false},"author":3,"featured_media":8350,"comment_status":"closed","ping_status":"closed","sticky":false,"template":"","format":"standard","meta":{"_et_pb_use_builder":"","_et_pb_old_content":"","_et_gb_content_width":"","footnotes":""},"categories":[1],"tags":[],"class_list":["post-8349","post","type-post","status-publish","format-standard","has-post-thumbnail","hentry","category-allgemein"],"_links":{"self":[{"href":"https:\/\/standort-niederrhein.de\/en\/wp-json\/wp\/v2\/posts\/8349","targetHints":{"allow":["GET"]}}],"collection":[{"href":"https:\/\/standort-niederrhein.de\/en\/wp-json\/wp\/v2\/posts"}],"about":[{"href":"https:\/\/standort-niederrhein.de\/en\/wp-json\/wp\/v2\/types\/post"}],"author":[{"embeddable":true,"href":"https:\/\/standort-niederrhein.de\/en\/wp-json\/wp\/v2\/users\/3"}],"replies":[{"embeddable":true,"href":"https:\/\/standort-niederrhein.de\/en\/wp-json\/wp\/v2\/comments?post=8349"}],"version-history":[{"count":1,"href":"https:\/\/standort-niederrhein.de\/en\/wp-json\/wp\/v2\/posts\/8349\/revisions"}],"predecessor-version":[{"id":8351,"href":"https:\/\/standort-niederrhein.de\/en\/wp-json\/wp\/v2\/posts\/8349\/revisions\/8351"}],"wp:featuredmedia":[{"embeddable":true,"href":"https:\/\/standort-niederrhein.de\/en\/wp-json\/wp\/v2\/media\/8350"}],"wp:attachment":[{"href":"https:\/\/standort-niederrhein.de\/en\/wp-json\/wp\/v2\/media?parent=8349"}],"wp:term":[{"taxonomy":"category","embeddable":true,"href":"https:\/\/standort-niederrhein.de\/en\/wp-json\/wp\/v2\/categories?post=8349"},{"taxonomy":"post_tag","embeddable":true,"href":"https:\/\/standort-niederrhein.de\/en\/wp-json\/wp\/v2\/tags?post=8349"}],"curies":[{"name":"wp","href":"https:\/\/api.w.org\/{rel}","templated":true}]}}