{"id":7740,"date":"2026-05-02T06:00:00","date_gmt":"2026-05-02T04:00:00","guid":{"rendered":"https:\/\/standort-niederrhein.de\/?p=7740"},"modified":"2026-04-30T12:01:35","modified_gmt":"2026-04-30T10:01:35","slug":"karrieremesse-designberufe-rufen-bringt-kreativbranche-und-nachwuchs-zusammen","status":"publish","type":"post","link":"https:\/\/standort-niederrhein.de\/en\/2026\/05\/02\/karrieremesse-designberufe-rufen-bringt-kreativbranche-und-nachwuchs-zusammen\/","title":{"rendered":"Karrieremesse \u201edesignberufe rufen!\u201c bringt Kreativbranche und Nachwuchs zusammen"},"content":{"rendered":"\n<p><strong>Krefeld. <\/strong>Wie gelingt der Einstieg in die Designbranche? Antworten darauf gibt die Berufseinstiegs- und Karrieremesse \u201edesignberufe rufen!\u201c am 6. Mai von 11 bis 15 Uhr am Fachbereich Design der Hochschule Niederrhein (HSNR). Eingeladen sind Studierende, Absolvent:innen, Studieninteressierte und Berufseinsteiger:innen sowie Abiturient:innen und Berufssch\u00fcler:innen, die sich \u00fcber berufliche Perspektiven in der Designwirtschaft informieren m\u00f6chten.<\/p>\n\n\n\n<p>In der Shedhalle am Campus Krefeld West (Frankenring 20) erhalten Besucher:innen Einblicke in vielf\u00e4ltige Arbeitsfelder und k\u00f6nnen Kontakte zu Unternehmen und Kreativschaffenden kn\u00fcpfen. Der Eintritt ist frei.<\/p>\n\n\n\n<p>In ihrer neunten Auflage bringt die Messe erneut Praktiker:innen, Theoretiker:innen und Studierende zusammen. Vor Ort sind Unternehmen aus den Bereichen Kommunikations- und Produktdesign \u2013 darunter Scholz &amp; Friends, dreiform und BUTTER. Die Messe bietet Gelegenheit, sich \u00fcber Praktika, Ausbildungspl\u00e4tze, Berufsbilder und Karrierechancen zu informieren.<\/p>\n\n\n\n<p>Erg\u00e4nzt wird das Programm durch Vortr\u00e4ge zu aktuellen Themen wie Unternehmensgr\u00fcndung in der Kreativbranche, den Einfluss von K\u00fcnstlicher Intelligenz auf Design und Werbung sowie Freiberuflichkeit in kreativen Berufen.<\/p>\n\n\n\n<p>\u201eMit ,designberufe rufen!\u2018 schaffen wir eine Plattform, die Nachwuchstalente und Unternehmen zusammenbringt und Orientierung f\u00fcr den Berufseinstieg bietet\u201c, sagt Professor Dr. Erik Schmid, Dekan des Fachbereichs Design der Hochschule Niederrhein. Weitere Informationen zur Messe unter: <a href=\"https:\/\/cisionone-email.hs-niederrhein.de\/c\/eJxcjrGO8yAQhJ8GOiJYb4AtKNL4NSLiXf9GsZ0_4MTK2598uuJ0zRTfjGaGk7ibQy3JhRAgBoROT8n7yJa5i2g5Mvvsgxvt2Q8DYkQfdEmeZEQ7WhoA-Ooc2kgxIiCKQtsKy708zZLLLLWZMzIyeyJvAr3b83QYek7Ttv1vqrso6BX0-76fpmbWIiy1TlLWE4uCnqWVf6uCvm0vLlJl_YVvUl-jmEOOiF6ESzZVZslNTOH0Da4_QHUXCGCJdE1L_kg18-f-OB5veeVH3f6s67ZVkeXoOdOQIZOYMIRgMNJo8uhvxttgLRE5tFm_E3wFAAD__9Adar4\">https:\/\/www.hs-niederrhein.de\/design\/studierende\/designberufe-rufen\/<\/a><\/p>\n\n\n\n<p>Quelle: <a href=\"http:\/\/www.hs-niederrhein.de\">Hochschule Niederrhein<\/a><\/p>\n\n\n<figure class=\"wp-block-post-featured-image\"><img loading=\"lazy\" decoding=\"async\" width=\"1884\" height=\"1231\" src=\"https:\/\/standort-niederrhein.de\/wp-content\/uploads\/2026\/04\/2026-04-27-designberufe-rufen.jpg\" class=\"attachment-post-thumbnail size-post-thumbnail wp-post-image\" alt=\"\" style=\"object-fit:cover;\" srcset=\"https:\/\/standort-niederrhein.de\/wp-content\/uploads\/2026\/04\/2026-04-27-designberufe-rufen.jpg 1884w, https:\/\/standort-niederrhein.de\/wp-content\/uploads\/2026\/04\/2026-04-27-designberufe-rufen-1280x836.jpg 1280w, https:\/\/standort-niederrhein.de\/wp-content\/uploads\/2026\/04\/2026-04-27-designberufe-rufen-980x640.jpg 980w, https:\/\/standort-niederrhein.de\/wp-content\/uploads\/2026\/04\/2026-04-27-designberufe-rufen-480x314.jpg 480w\" sizes=\"(min-width: 0px) and (max-width: 480px) 480px, (min-width: 481px) and (max-width: 980px) 980px, (min-width: 981px) and (max-width: 1280px) 1280px, (min-width: 1281px) 1884px, 100vw\" \/><\/figure>\n\n\n<p>Am 6. Mai 2026 findet die Messe \u201edesignberufe rufen\u201c am Fachbereich Design der Hochschule Niederrhein statt. | Foto: Lucas Coersten\/ HSNR<\/p>\n","protected":false},"excerpt":{"rendered":"<p>Krefeld. Wie gelingt der Einstieg in die Designbranche? Antworten darauf gibt die Berufseinstiegs- und Karrieremesse \u201edesignberufe rufen!\u201c am 6. Mai von 11 bis 15 Uhr am Fachbereich Design der Hochschule Niederrhein (HSNR). Eingeladen sind Studierende, Absolvent:innen, Studieninteressierte und Berufseinsteiger:innen sowie Abiturient:innen und Berufssch\u00fcler:innen, die sich \u00fcber berufliche Perspektiven in der Designwirtschaft informieren m\u00f6chten. In der [&hellip;]<\/p>\n","protected":false},"author":3,"featured_media":7741,"comment_status":"closed","ping_status":"closed","sticky":false,"template":"","format":"standard","meta":{"_et_pb_use_builder":"","_et_pb_old_content":"","_et_gb_content_width":"","footnotes":""},"categories":[1],"tags":[],"class_list":["post-7740","post","type-post","status-publish","format-standard","has-post-thumbnail","hentry","category-allgemein"],"_links":{"self":[{"href":"https:\/\/standort-niederrhein.de\/en\/wp-json\/wp\/v2\/posts\/7740","targetHints":{"allow":["GET"]}}],"collection":[{"href":"https:\/\/standort-niederrhein.de\/en\/wp-json\/wp\/v2\/posts"}],"about":[{"href":"https:\/\/standort-niederrhein.de\/en\/wp-json\/wp\/v2\/types\/post"}],"author":[{"embeddable":true,"href":"https:\/\/standort-niederrhein.de\/en\/wp-json\/wp\/v2\/users\/3"}],"replies":[{"embeddable":true,"href":"https:\/\/standort-niederrhein.de\/en\/wp-json\/wp\/v2\/comments?post=7740"}],"version-history":[{"count":1,"href":"https:\/\/standort-niederrhein.de\/en\/wp-json\/wp\/v2\/posts\/7740\/revisions"}],"predecessor-version":[{"id":7742,"href":"https:\/\/standort-niederrhein.de\/en\/wp-json\/wp\/v2\/posts\/7740\/revisions\/7742"}],"wp:featuredmedia":[{"embeddable":true,"href":"https:\/\/standort-niederrhein.de\/en\/wp-json\/wp\/v2\/media\/7741"}],"wp:attachment":[{"href":"https:\/\/standort-niederrhein.de\/en\/wp-json\/wp\/v2\/media?parent=7740"}],"wp:term":[{"taxonomy":"category","embeddable":true,"href":"https:\/\/standort-niederrhein.de\/en\/wp-json\/wp\/v2\/categories?post=7740"},{"taxonomy":"post_tag","embeddable":true,"href":"https:\/\/standort-niederrhein.de\/en\/wp-json\/wp\/v2\/tags?post=7740"}],"curies":[{"name":"wp","href":"https:\/\/api.w.org\/{rel}","templated":true}]}}