{"id":7735,"date":"2026-04-26T08:00:00","date_gmt":"2026-04-26T06:00:00","guid":{"rendered":"https:\/\/standort-niederrhein.de\/?p=7735"},"modified":"2026-04-29T12:31:55","modified_gmt":"2026-04-29T10:31:55","slug":"startschuss-fuer-zirkulaeres-bauen","status":"publish","type":"post","link":"https:\/\/standort-niederrhein.de\/en\/2026\/04\/26\/startschuss-fuer-zirkulaeres-bauen\/","title":{"rendered":"Startschuss f\u00fcr zirkul\u00e4res Bauen"},"content":{"rendered":"\n<p><strong>Kreis Wesel. <\/strong>Ein bedeutender Meilenstein f\u00fcr die nachhaltige Transformation am Niederrhein: Im Rahmen des Thementischs \u201eZirkul\u00e4res Bauen in Kommunen\u201c im Ministerium f\u00fcr Umwelt, Naturschutz und Verkehr des Landes Nordrhein-Westfalen wurde in dieser Woche der EFRE-Bewilligungsbescheid f\u00fcr das Projekt Circular.NiederRhein offiziell \u00fcbergeben. Staatssekret\u00e4r Viktor Haase \u00fcberreichte den Bescheid an die EntwicklungsAgentur Wirtschaft (EAW) des Kreises Wesel.<\/p>\n\n\n\n<p><strong>Transformation der Bauwirtschaft im Fokus<\/strong><br>Mit der Bewilligung startet ein wegweisendes Vorhaben f\u00fcr die Region. Ziel von Circular.NiederRhein ist es, den \u00dcbergang von linearen zu zirkul\u00e4ren Wertsch\u00f6pfungsketten im Bau-, Sanierungs- und R\u00fcckbausektor aktiv zu gestalten. Dabei sollen Stoffkreisl\u00e4ufe geschlossen, der Einsatz von Sekund\u00e4rrohstoffen gef\u00f6rdert und die Ressourceneffizienz nachhaltig gesteigert werden.<\/p>\n\n\n\n<p>Lukas H\u00e4hnel, Leiter der EAW, betont die Bedeutung des Projekts: \u201eDer Niederrhein Kreis Wesel positioniert sich mit diesem Projekt als aktiver Gestalter einer ressourcenschonenden und wirtschaftlich tragf\u00e4higen Transformation. Circular.NiederRhein ist ein wichtiger Baustein f\u00fcr nachhaltige Innovation und die langfristige regionale Wettbewerbsf\u00e4higkeit.\u201c<\/p>\n\n\n\n<p><strong>Starke Partnerschaft f\u00fcr die Region<\/strong><br>Die EAW \u00fcbernimmt als zentrale Wirtschaftsf\u00f6rderung des Kreises Wesel eine wesentliche Koordinierungs- und Schnittstellenfunktion. Das Projekt wird in einem interdisziplin\u00e4ren Konsortium unter der Leitung der Duisburg Business &amp; Innovation GmbH umgesetzt. Zu den Partnern geh\u00f6ren neben dem Kreis Wesel, vertreten durch die EAW, auch die Wirtschaftsf\u00f6rderung Kreis Kleve GmbH, die Hochschule Rhein-Waal, die Universit\u00e4t Duisburg-Essen, das Wuppertal Institut sowie der Think Tank Regenalyze aus Rotterdam.<\/p>\n\n\n\n<p>F\u00fcr die Projektumsetzung erhalten die acht Partner \u00fcber die n\u00e4chsten drei Jahre insgesamt 2,18 Mio. Euro.<\/p>\n\n\n\n<p><strong>Unterst\u00fctzung f\u00fcr Unternehmen<\/strong><br>Ein besonderer Fokus liegt auf der Unterst\u00fctzung regionaler Unternehmen aus Bauwirtschaft, Planung, R\u00fcckbau und Logistik. Die EAW begleitet diese bei der Entwicklung praxisnaher L\u00f6sungen und innovativer Gesch\u00e4ftsmodelle. Im Kern geht es darum, Rohstoffe aus R\u00fcckbau und Sanierung effizient wiederzuverwenden und logistische Stoffstr\u00f6me am Niederrhein zu optimieren. Mit der \u00dcbergabe des Bewilligungsbescheids ist der offizielle Startschuss f\u00fcr die Projektumsetzung erfolgt, die den Niederrhein Kreis Wesel als Vorreiter f\u00fcr nachhaltiges Bauen st\u00e4rkt.<\/p>\n\n\n\n<p>Quelle: <a href=\"https:\/\/www.kreis-wesel.de\/aktuelles\/presse\/startschuss-fuer-zirkulaeres-bauen-kreis-wesel-erhaelt-efre-foerderbescheid-fuer\">Kreis Wesel<\/a><\/p>\n","protected":false},"excerpt":{"rendered":"<p>Kreis Wesel. Ein bedeutender Meilenstein f\u00fcr die nachhaltige Transformation am Niederrhein: Im Rahmen des Thementischs \u201eZirkul\u00e4res Bauen in Kommunen\u201c im Ministerium f\u00fcr Umwelt, Naturschutz und Verkehr des Landes Nordrhein-Westfalen wurde in dieser Woche der EFRE-Bewilligungsbescheid f\u00fcr das Projekt Circular.NiederRhein offiziell \u00fcbergeben. Staatssekret\u00e4r Viktor Haase \u00fcberreichte den Bescheid an die EntwicklungsAgentur Wirtschaft (EAW) des Kreises Wesel. [&hellip;]<\/p>\n","protected":false},"author":3,"featured_media":0,"comment_status":"closed","ping_status":"closed","sticky":false,"template":"","format":"standard","meta":{"_et_pb_use_builder":"","_et_pb_old_content":"","_et_gb_content_width":"","footnotes":""},"categories":[1],"tags":[],"class_list":["post-7735","post","type-post","status-publish","format-standard","hentry","category-allgemein"],"_links":{"self":[{"href":"https:\/\/standort-niederrhein.de\/en\/wp-json\/wp\/v2\/posts\/7735","targetHints":{"allow":["GET"]}}],"collection":[{"href":"https:\/\/standort-niederrhein.de\/en\/wp-json\/wp\/v2\/posts"}],"about":[{"href":"https:\/\/standort-niederrhein.de\/en\/wp-json\/wp\/v2\/types\/post"}],"author":[{"embeddable":true,"href":"https:\/\/standort-niederrhein.de\/en\/wp-json\/wp\/v2\/users\/3"}],"replies":[{"embeddable":true,"href":"https:\/\/standort-niederrhein.de\/en\/wp-json\/wp\/v2\/comments?post=7735"}],"version-history":[{"count":1,"href":"https:\/\/standort-niederrhein.de\/en\/wp-json\/wp\/v2\/posts\/7735\/revisions"}],"predecessor-version":[{"id":7736,"href":"https:\/\/standort-niederrhein.de\/en\/wp-json\/wp\/v2\/posts\/7735\/revisions\/7736"}],"wp:attachment":[{"href":"https:\/\/standort-niederrhein.de\/en\/wp-json\/wp\/v2\/media?parent=7735"}],"wp:term":[{"taxonomy":"category","embeddable":true,"href":"https:\/\/standort-niederrhein.de\/en\/wp-json\/wp\/v2\/categories?post=7735"},{"taxonomy":"post_tag","embeddable":true,"href":"https:\/\/standort-niederrhein.de\/en\/wp-json\/wp\/v2\/tags?post=7735"}],"curies":[{"name":"wp","href":"https:\/\/api.w.org\/{rel}","templated":true}]}}