{"id":7730,"date":"2026-04-30T06:00:00","date_gmt":"2026-04-30T04:00:00","guid":{"rendered":"https:\/\/standort-niederrhein.de\/?p=7730"},"modified":"2026-04-29T09:44:09","modified_gmt":"2026-04-29T07:44:09","slug":"landraetin-und-vrr-vorstandssprecher-bekraeftigen-zusammenarbeit","status":"publish","type":"post","link":"https:\/\/standort-niederrhein.de\/en\/2026\/04\/30\/landraetin-und-vrr-vorstandssprecher-bekraeftigen-zusammenarbeit\/","title":{"rendered":"Landr\u00e4tin und VRR-Vorstandssprecher bekr\u00e4ftigen Zusammenarbeit"},"content":{"rendered":"\n<p><strong>Rhein-Kreis Neuss. <\/strong>Landr\u00e4tin Katharina Reinhold und Oliver Wittke, Vorstandssprecher des Verkehrsverbunds Rhein-Ruhr (VRR), haben bei einem Treffen im Kreishaus in Grevenbroich bekr\u00e4ftigt, die gute Zusammenarbeit zwischen dem Rhein-Kreis Neuss und dem VRR weiter zu st\u00e4rken. \u201eEin gut ausgebauter \u00d6PNV und eine zukunftsfeste Verkehrsinfrastruktur im Rheinischen Revier sind wichtig, um unsere Heimat f\u00fcr die Menschen, die hier leben und arbeiten, und als Wirtschaftsstandort gezielt weiterzuentwickeln und bestm\u00f6glich f\u00fcr die Zukunft aufzustellen. Der Rhein-Kreis Neuss und der VRR setzen dabei auf ein gutes und vertrauensvolles Miteinander\u201c, betont Katharina Reinhold.<\/p>\n\n\n\n<p>Die Landr\u00e4tin und der VRR-Vorstandssprecher hoben die hohe Bedeutung eines zukunfts- und bedarfsgerechten \u00d6PNV hervor. \u201eMobilit\u00e4tsbed\u00fcrfnisse machen nicht an Gemeindegrenzen halt. \u00d6ffentliche Mobilit\u00e4t im l\u00e4ndlichen Raum braucht flexible Angebote, \u00fcbergreifende Konzepte und Verl\u00e4sslichkeit. Deshalb ist es besonders wichtig, dass die Verantwortlichen kooperieren, um die Mobilit\u00e4t zukunftsf\u00e4hig und kundenorientiert zu gestalten, und effiziente Organisationsstrukturen sind dabei von zentraler Bedeutung. Richtig ist, das Gelingen der Mobilit\u00e4tswende entscheidet sich im l\u00e4ndlichen Raum\u201c, erg\u00e4nzt Oliver Wittke, Vorstandssprecher beim Verkehrsverbund Rhein-Ruhr.<\/p>\n\n\n\n<p>Bei dem Treffen im Kreishaus wurde auch die Strukturreform des Schienenpersonennahverkehrs in Nordrhein-Westfalen thematisiert. Das Land plant, dass die Organisation des gesamten Schienenpersonennahverkehrs in NRW k\u00fcnftig von der neuen Gesellschaft \u201eSchiene.NRW\u201c und damit aus einer Hand organisiert und gesteuert werden soll.&nbsp;<\/p>\n\n\n\n<p>Quelle: <a href=\"http:\/\/www.rhein-kreis-neuss.de\">Rhein-Kreis Neuss<\/a><\/p>\n\n\n<figure class=\"wp-block-post-featured-image\"><img loading=\"lazy\" decoding=\"async\" width=\"2400\" height=\"1347\" src=\"https:\/\/standort-niederrhein.de\/wp-content\/uploads\/2026\/04\/831A5490-2.jpg\" class=\"attachment-post-thumbnail size-post-thumbnail wp-post-image\" alt=\"\" style=\"object-fit:cover;\" srcset=\"https:\/\/standort-niederrhein.de\/wp-content\/uploads\/2026\/04\/831A5490-2.jpg 2400w, https:\/\/standort-niederrhein.de\/wp-content\/uploads\/2026\/04\/831A5490-2-1280x718.jpg 1280w, https:\/\/standort-niederrhein.de\/wp-content\/uploads\/2026\/04\/831A5490-2-980x550.jpg 980w, https:\/\/standort-niederrhein.de\/wp-content\/uploads\/2026\/04\/831A5490-2-480x269.jpg 480w\" sizes=\"(min-width: 0px) and (max-width: 480px) 480px, (min-width: 481px) and (max-width: 980px) 980px, (min-width: 981px) and (max-width: 1280px) 1280px, (min-width: 1281px) 2400px, 100vw\" \/><\/figure>\n\n\n<p>Landr\u00e4tin Katharina Reinhold begr\u00fc\u00dfte VRR-Vorstandssprecher Oliver Wittke im Kreishaus in Grevenbroich. | Foto: D. Staniek\/ Rhein-Kreis Neuss<\/p>\n","protected":false},"excerpt":{"rendered":"<p>Rhein-Kreis Neuss. Landr\u00e4tin Katharina Reinhold und Oliver Wittke, Vorstandssprecher des Verkehrsverbunds Rhein-Ruhr (VRR), haben bei einem Treffen im Kreishaus in Grevenbroich bekr\u00e4ftigt, die gute Zusammenarbeit zwischen dem Rhein-Kreis Neuss und dem VRR weiter zu st\u00e4rken. \u201eEin gut ausgebauter \u00d6PNV und eine zukunftsfeste Verkehrsinfrastruktur im Rheinischen Revier sind wichtig, um unsere Heimat f\u00fcr die Menschen, die [&hellip;]<\/p>\n","protected":false},"author":3,"featured_media":7731,"comment_status":"closed","ping_status":"closed","sticky":false,"template":"","format":"standard","meta":{"_et_pb_use_builder":"","_et_pb_old_content":"","_et_gb_content_width":"","footnotes":""},"categories":[1],"tags":[],"class_list":["post-7730","post","type-post","status-publish","format-standard","has-post-thumbnail","hentry","category-allgemein"],"_links":{"self":[{"href":"https:\/\/standort-niederrhein.de\/en\/wp-json\/wp\/v2\/posts\/7730","targetHints":{"allow":["GET"]}}],"collection":[{"href":"https:\/\/standort-niederrhein.de\/en\/wp-json\/wp\/v2\/posts"}],"about":[{"href":"https:\/\/standort-niederrhein.de\/en\/wp-json\/wp\/v2\/types\/post"}],"author":[{"embeddable":true,"href":"https:\/\/standort-niederrhein.de\/en\/wp-json\/wp\/v2\/users\/3"}],"replies":[{"embeddable":true,"href":"https:\/\/standort-niederrhein.de\/en\/wp-json\/wp\/v2\/comments?post=7730"}],"version-history":[{"count":1,"href":"https:\/\/standort-niederrhein.de\/en\/wp-json\/wp\/v2\/posts\/7730\/revisions"}],"predecessor-version":[{"id":7732,"href":"https:\/\/standort-niederrhein.de\/en\/wp-json\/wp\/v2\/posts\/7730\/revisions\/7732"}],"wp:featuredmedia":[{"embeddable":true,"href":"https:\/\/standort-niederrhein.de\/en\/wp-json\/wp\/v2\/media\/7731"}],"wp:attachment":[{"href":"https:\/\/standort-niederrhein.de\/en\/wp-json\/wp\/v2\/media?parent=7730"}],"wp:term":[{"taxonomy":"category","embeddable":true,"href":"https:\/\/standort-niederrhein.de\/en\/wp-json\/wp\/v2\/categories?post=7730"},{"taxonomy":"post_tag","embeddable":true,"href":"https:\/\/standort-niederrhein.de\/en\/wp-json\/wp\/v2\/tags?post=7730"}],"curies":[{"name":"wp","href":"https:\/\/api.w.org\/{rel}","templated":true}]}}