{"id":7727,"date":"2026-04-29T06:00:00","date_gmt":"2026-04-29T04:00:00","guid":{"rendered":"https:\/\/standort-niederrhein.de\/?p=7727"},"modified":"2026-04-28T09:42:47","modified_gmt":"2026-04-28T07:42:47","slug":"arbeitstreffen-der-wirtschaftsfoerderungen-des-kreises-kleve","status":"publish","type":"post","link":"https:\/\/standort-niederrhein.de\/en\/2026\/04\/29\/arbeitstreffen-der-wirtschaftsfoerderungen-des-kreises-kleve\/","title":{"rendered":"Arbeitstreffen der Wirtschaftsf\u00f6rderungen des Kreises Kleve"},"content":{"rendered":"\n<p><strong>Kreis Kleve.<\/strong> K\u00fcrzlich trafen sich die Wirtschaftsf\u00f6rderinnen und Wirtschaftsf\u00f6rderer des Kreises Kleve zu einem zweit\u00e4gigen Arbeitstreffen mit dem Schwerpunktthema Circular Economy. Ziel des Treffens war der fachliche Austausch zu aktuellen Projekten und Zukunftsthemen der regionalen Wirtschaftsf\u00f6rderung.<\/p>\n\n\n\n<p>Der erste Veranstaltungstag f\u00fchrte die Teilnehmenden nach Bottrop zum Campus der Hochschule Ruhr-West. Dort besuchten die Teilnehmenden das Circular Digital Economy Lab (CDEL) des Prosperkolleg e.\u202fV. sowie das HRW Fab\u2011Lab. Vorgestellt wurden unter anderem digitale Werkzeuge, praxisnahe Testumgebungen sowie Angebote zur Begleitung von Unternehmen bei der Umstellung auf zirkul\u00e4re Wertsch\u00f6pfung. Der Besuch bot Einblicke in bestehende Strukturen und Ans\u00e4tze zur nachhaltigen und ressourcenschonenden Wirtschaftsweise.<\/p>\n\n\n\n<p>Im Anschluss fand ein fachlicher Austausch mit der WiN Emscher\u2011Lippe GmbH in Herten statt. Die Themen Circular Economy, regionale Koordination der Wirtschaftsf\u00f6rderungen sowie aktuelle Verbundprojekte standen hier im Fokus. Die Teilnehmenden diskutierten Fragestellungen rund um die zirkul\u00e4re Wirtschaft mit dem Ziel, Erfahrungen auszutauschen, Ankn\u00fcpfungspunkte zu identifizieren und gemeinsame Herausforderungen zu benennen.<\/p>\n\n\n\n<p>Bei der internen Tagung am zweiten Tag sprachen die Wirtschaftsf\u00f6rderinnen und Wirtschaftsf\u00f6rderer \u00fcber laufende Aktivit\u00e4ten, anstehende Projekte und die Zusammenarbeit zwischen den Kommunen.<\/p>\n\n\n\n<p>Das Arbeitstreffen bot erneut eine wichtige Plattform f\u00fcr den interkommunalen Austausch und die gemeinsame Weiterentwicklung der Wirtschaftsf\u00f6rderungsarbeit im Kreis Kleve.<\/p>\n\n\n\n<p>Quelle: <a href=\"http:\/\/www.wfg-kreis-kleve.de\">WFG Kreis Kleve<\/a><\/p>\n\n\n<figure class=\"wp-block-post-featured-image\"><img loading=\"lazy\" decoding=\"async\" width=\"2560\" height=\"1306\" src=\"https:\/\/standort-niederrhein.de\/wp-content\/uploads\/2026\/04\/PI-Wifoe-Treffen-scaled.jpg\" class=\"attachment-post-thumbnail size-post-thumbnail wp-post-image\" alt=\"\" style=\"object-fit:cover;\" srcset=\"https:\/\/standort-niederrhein.de\/wp-content\/uploads\/2026\/04\/PI-Wifoe-Treffen-scaled.jpg 2560w, https:\/\/standort-niederrhein.de\/wp-content\/uploads\/2026\/04\/PI-Wifoe-Treffen-1280x653.jpg 1280w, https:\/\/standort-niederrhein.de\/wp-content\/uploads\/2026\/04\/PI-Wifoe-Treffen-980x500.jpg 980w, https:\/\/standort-niederrhein.de\/wp-content\/uploads\/2026\/04\/PI-Wifoe-Treffen-480x245.jpg 480w\" sizes=\"(min-width: 0px) and (max-width: 480px) 480px, (min-width: 481px) and (max-width: 980px) 980px, (min-width: 981px) and (max-width: 1280px) 1280px, (min-width: 1281px) 2560px, 100vw\" \/><\/figure>\n\n\n<p>Gruppenfoto der Wirtschaftsf\u00f6rderinnen und Wirtschaftsf\u00f6rderer des Kreises Kleve, WFG Kreis Kleve und Mitarbeitern der Hochschule Ruhr-West im Fab Lab in Bottrop. | Foto: WFG Kreis Kleve<\/p>\n","protected":false},"excerpt":{"rendered":"<p>Kreis Kleve. K\u00fcrzlich trafen sich die Wirtschaftsf\u00f6rderinnen und Wirtschaftsf\u00f6rderer des Kreises Kleve zu einem zweit\u00e4gigen Arbeitstreffen mit dem Schwerpunktthema Circular Economy. Ziel des Treffens war der fachliche Austausch zu aktuellen Projekten und Zukunftsthemen der regionalen Wirtschaftsf\u00f6rderung. Der erste Veranstaltungstag f\u00fchrte die Teilnehmenden nach Bottrop zum Campus der Hochschule Ruhr-West. Dort besuchten die Teilnehmenden das Circular [&hellip;]<\/p>\n","protected":false},"author":3,"featured_media":7728,"comment_status":"closed","ping_status":"closed","sticky":false,"template":"","format":"standard","meta":{"_et_pb_use_builder":"","_et_pb_old_content":"","_et_gb_content_width":"","footnotes":""},"categories":[1],"tags":[],"class_list":["post-7727","post","type-post","status-publish","format-standard","has-post-thumbnail","hentry","category-allgemein"],"_links":{"self":[{"href":"https:\/\/standort-niederrhein.de\/en\/wp-json\/wp\/v2\/posts\/7727","targetHints":{"allow":["GET"]}}],"collection":[{"href":"https:\/\/standort-niederrhein.de\/en\/wp-json\/wp\/v2\/posts"}],"about":[{"href":"https:\/\/standort-niederrhein.de\/en\/wp-json\/wp\/v2\/types\/post"}],"author":[{"embeddable":true,"href":"https:\/\/standort-niederrhein.de\/en\/wp-json\/wp\/v2\/users\/3"}],"replies":[{"embeddable":true,"href":"https:\/\/standort-niederrhein.de\/en\/wp-json\/wp\/v2\/comments?post=7727"}],"version-history":[{"count":1,"href":"https:\/\/standort-niederrhein.de\/en\/wp-json\/wp\/v2\/posts\/7727\/revisions"}],"predecessor-version":[{"id":7729,"href":"https:\/\/standort-niederrhein.de\/en\/wp-json\/wp\/v2\/posts\/7727\/revisions\/7729"}],"wp:featuredmedia":[{"embeddable":true,"href":"https:\/\/standort-niederrhein.de\/en\/wp-json\/wp\/v2\/media\/7728"}],"wp:attachment":[{"href":"https:\/\/standort-niederrhein.de\/en\/wp-json\/wp\/v2\/media?parent=7727"}],"wp:term":[{"taxonomy":"category","embeddable":true,"href":"https:\/\/standort-niederrhein.de\/en\/wp-json\/wp\/v2\/categories?post=7727"},{"taxonomy":"post_tag","embeddable":true,"href":"https:\/\/standort-niederrhein.de\/en\/wp-json\/wp\/v2\/tags?post=7727"}],"curies":[{"name":"wp","href":"https:\/\/api.w.org\/{rel}","templated":true}]}}