{"id":7693,"date":"2026-04-17T07:00:00","date_gmt":"2026-04-17T05:00:00","guid":{"rendered":"https:\/\/standort-niederrhein.de\/?p=7693"},"modified":"2026-04-21T10:43:21","modified_gmt":"2026-04-21T08:43:21","slug":"campus-fuer-bildung-und-innovation","status":"publish","type":"post","link":"https:\/\/standort-niederrhein.de\/en\/2026\/04\/17\/campus-fuer-bildung-und-innovation\/","title":{"rendered":"Campus f\u00fcr Bildung und Innovation"},"content":{"rendered":"\n<p><strong>Mittlerer Niederrhein\/ Neuss.<\/strong> Die Industrie- und Handelskammer (IHK) Mittlerer Niederrhein, die Stadt Neuss und die Stadthafen Neuss GmbH &amp; Co. KG stellen die Weichen f\u00fcr die k\u00fcnftige Nutzung des Areals zwischen LAGA, Hafen und Innenstadt: Die Partner unterzeichneten eine Anhandgabe- und Kooperationsvereinbarung f\u00fcr die Errichtung eines \u201eCampus f\u00fcr Bildung und Innovation\u201c auf einem rund 3.000 Quadratmeter gro\u00dfen Areal auf dem Wendersplatz. Der Vertrag sieht vor, dass die IHK alle notwendigen Planungs-, Pr\u00fcf- und Vorbereitungsschritte f\u00fcr das geplante Bauprojekt durchf\u00fchren kann. Gleichzeitig wird das Grundst\u00fcck w\u00e4hrenddessen nicht an Dritte vergeben. In das europaweite Vergabeverfahren der IHK f\u00fcr die Planungsleistungen ist die Stadt Neuss eingebunden. Die Anhandgabe schafft somit die Voraussetzungen f\u00fcr den Kauf und die Bebauung des Grundst\u00fccks durch die IHK.<\/p>\n\n\n\n<p>\u201eWir freuen uns sehr, dass wir nun gemeinsam mit der Stadt den n\u00e4chsten Schritt zur Umsetzung unseres Campus-Projekts gehen\u201c, sagte IHK-Pr\u00e4sident Elmar te Neues. \u201eDieses Projekt leistet einen zentralen Beitrag zur Fachkr\u00e4ftesicherung unserer Unternehmen und st\u00e4rkt unsere Region im Strukturwandel.\u201c IHK-Hauptgesch\u00e4ftsf\u00fchrer J\u00fcrgen Steinmetz verwies auf den ambitionierten Zeitplan: \u201eDie Fertigstellung ist f\u00fcr 2029 avisiert. Die Ausschreibung f\u00fcr Los 1 verl\u00e4uft sehr vielversprechend. 35 B\u00fcros aus ganz Deutschland haben sich bisher beworben.\u201c B\u00fcrgermeiste Reiner Breuer betonte: \u201eIch freue mich sehr, dass wir mit der heutigen Vereinbarung einen weiteren wichtigen Schritt f\u00fcr die Entwicklung des Wendersplatzes gehen. Der Campus f\u00fcr Bildung und Innovation wird diesen zentralen Standort nachhaltig beleben, neue Frequenz erzeugen und die mit der Landesgartenschau geschaffene Verbindung zwischen Innenstadt und neuem Stadtpark dauerhaft st\u00e4rken.\u201c<\/p>\n\n\n\n<p>Die Vollversammlung der IHK hat die Errichtung eines \u201eCampus f\u00fcr Bildung und Innovation\u201c auf dem Wendersplatz beschlossen. Daf\u00fcr hatte sich die IHK auf den F\u00f6rderaufruf REVIER.GESTALTEN beworben. Das Ministerium f\u00fcr Arbeit, Gesundheit und Soziales des Landes Nordrhein-Westfalen sowie die Bezirksregierung K\u00f6ln und die Zukunftsagentur Rheinisches Revier hatten die grunds\u00e4tzliche F\u00f6rderw\u00fcrdigkeit des Campus-Projekts best\u00e4tigt und eine F\u00f6rderung in Aussicht gestellt. Der F\u00f6rderantrag wird bis zum 30. Juni gestellt. Grundlage daf\u00fcr ist, dass die Partner eine Kaufoption f\u00fcr das Grundst\u00fcck auf dem Wendersplatz vereinbaren.<\/p>\n\n\n\n<p>Der geplante Campus f\u00fcr Bildung und Innovation wird sich auf die zentralen Transformationsfelder der Zukunft konzentrieren: K\u00fcnstliche Intelligenz und Digitalisierung, Automatisierung, Robotik, Logistik und Industrie 4.0, nachhaltiges Wirtschaften und technologische Innovationen. Konkret geplant sind unter anderem ein Veranstaltungsbereich, Kreativbereiche, ein Studio f\u00fcr digitale Bildung, ein Community-Bereich, Art Thinking Showrooms, Extended-Reality-Werkst\u00e4tten und Games &amp; Learn Labs. \u201eMit diesen Lernformaten und Lernorten wird der Campus neue Ma\u00dfst\u00e4be f\u00fcr die berufliche Bildung setzen\u201c, erl\u00e4utert IHK-Hauptgesch\u00e4ftsf\u00fchrer J\u00fcrgen Steinmetz. \u201eEr ist mehr als eine lokale Bildungseinrichtung: Er ist ein strategischer Baustein f\u00fcr die Entwicklung des Rheinischen Reviers mit bundesweiter Strahlkraft und Pioniercharakter f\u00fcr die berufliche Bildung der Zukunft.\u201c<\/p>\n\n\n\n<p>Quelle: <a href=\"https:\/\/mittlerer-niederrhein.ihk.de\/news\/detail\/campus-fuer-bildung-und-innovation\">IHK Mittlerer Niederrhein<\/a><\/p>\n\n\n<figure class=\"wp-block-post-featured-image\"><img loading=\"lazy\" decoding=\"async\" width=\"1280\" height=\"854\" src=\"https:\/\/standort-niederrhein.de\/wp-content\/uploads\/2026\/04\/csm_2026_pm092_Anhandgabe_Wendersplatz_IHK_Neuss_9dfa6fedbb.jpg\" class=\"attachment-post-thumbnail size-post-thumbnail wp-post-image\" alt=\"\" style=\"object-fit:cover;\" srcset=\"https:\/\/standort-niederrhein.de\/wp-content\/uploads\/2026\/04\/csm_2026_pm092_Anhandgabe_Wendersplatz_IHK_Neuss_9dfa6fedbb.jpg 1280w, https:\/\/standort-niederrhein.de\/wp-content\/uploads\/2026\/04\/csm_2026_pm092_Anhandgabe_Wendersplatz_IHK_Neuss_9dfa6fedbb-980x654.jpg 980w, https:\/\/standort-niederrhein.de\/wp-content\/uploads\/2026\/04\/csm_2026_pm092_Anhandgabe_Wendersplatz_IHK_Neuss_9dfa6fedbb-480x320.jpg 480w\" sizes=\"(min-width: 0px) and (max-width: 480px) 480px, (min-width: 481px) and (max-width: 980px) 980px, (min-width: 981px) 1280px, 100vw\" \/><\/figure>\n\n\n<p>Nach der Unterzeichnung der Anhandgabe- und Kooperationsvereinbarung f\u00fcr die Errichtung eines \u201eCampus f\u00fcr Bildung und Innovation\u201c auf dem Wendersplatz (v.l.): Andreas Galland, Leiter des Rechtsamts der Stadt Neuss, IHK-Pr\u00e4sident Elmar te Neues, IHK-Hauptgesch\u00e4ftsf\u00fchrer J\u00fcrgen Steinmetz, B\u00fcrgermeister Reiner Breuer und Beigeordneter Christoph H\u00f6lters. | Foto: IHK Mittlerer Niederrhein<\/p>\n","protected":false},"excerpt":{"rendered":"<p>Mittlerer Niederrhein\/ Neuss. Die Industrie- und Handelskammer (IHK) Mittlerer Niederrhein, die Stadt Neuss und die Stadthafen Neuss GmbH &amp; Co. KG stellen die Weichen f\u00fcr die k\u00fcnftige Nutzung des Areals zwischen LAGA, Hafen und Innenstadt: Die Partner unterzeichneten eine Anhandgabe- und Kooperationsvereinbarung f\u00fcr die Errichtung eines \u201eCampus f\u00fcr Bildung und Innovation\u201c auf einem rund 3.000 [&hellip;]<\/p>\n","protected":false},"author":3,"featured_media":7694,"comment_status":"closed","ping_status":"closed","sticky":false,"template":"","format":"standard","meta":{"_et_pb_use_builder":"","_et_pb_old_content":"","_et_gb_content_width":"","footnotes":""},"categories":[1],"tags":[],"class_list":["post-7693","post","type-post","status-publish","format-standard","has-post-thumbnail","hentry","category-allgemein"],"_links":{"self":[{"href":"https:\/\/standort-niederrhein.de\/en\/wp-json\/wp\/v2\/posts\/7693","targetHints":{"allow":["GET"]}}],"collection":[{"href":"https:\/\/standort-niederrhein.de\/en\/wp-json\/wp\/v2\/posts"}],"about":[{"href":"https:\/\/standort-niederrhein.de\/en\/wp-json\/wp\/v2\/types\/post"}],"author":[{"embeddable":true,"href":"https:\/\/standort-niederrhein.de\/en\/wp-json\/wp\/v2\/users\/3"}],"replies":[{"embeddable":true,"href":"https:\/\/standort-niederrhein.de\/en\/wp-json\/wp\/v2\/comments?post=7693"}],"version-history":[{"count":1,"href":"https:\/\/standort-niederrhein.de\/en\/wp-json\/wp\/v2\/posts\/7693\/revisions"}],"predecessor-version":[{"id":7695,"href":"https:\/\/standort-niederrhein.de\/en\/wp-json\/wp\/v2\/posts\/7693\/revisions\/7695"}],"wp:featuredmedia":[{"embeddable":true,"href":"https:\/\/standort-niederrhein.de\/en\/wp-json\/wp\/v2\/media\/7694"}],"wp:attachment":[{"href":"https:\/\/standort-niederrhein.de\/en\/wp-json\/wp\/v2\/media?parent=7693"}],"wp:term":[{"taxonomy":"category","embeddable":true,"href":"https:\/\/standort-niederrhein.de\/en\/wp-json\/wp\/v2\/categories?post=7693"},{"taxonomy":"post_tag","embeddable":true,"href":"https:\/\/standort-niederrhein.de\/en\/wp-json\/wp\/v2\/tags?post=7693"}],"curies":[{"name":"wp","href":"https:\/\/api.w.org\/{rel}","templated":true}]}}