{"id":7509,"date":"2026-03-13T06:00:00","date_gmt":"2026-03-13T05:00:00","guid":{"rendered":"https:\/\/standort-niederrhein.de\/?p=7509"},"modified":"2026-03-12T12:59:59","modified_gmt":"2026-03-12T11:59:59","slug":"impulse-fuer-internationale-kooperationen","status":"publish","type":"post","link":"https:\/\/standort-niederrhein.de\/en\/2026\/03\/13\/impulse-fuer-internationale-kooperationen\/","title":{"rendered":"Impulse f\u00fcr internationale Kooperationen"},"content":{"rendered":"\n<p><strong>Rhein-Kreis Neuss. <\/strong>Die deutsch-japanischen Kontakte haben eine weitere St\u00e4rkung erfahren: Die Wirtschaftsf\u00f6rderung impuls.RheinKreisNeuss begr\u00fc\u00dfte jetzt eine Delegation des Tokyo Metropolitan Government und des dortigen \u201eSupport Centers\u201c f\u00fcr kleine und mittelgro\u00dfe Betriebe. Im Mittelpunkt des Besuchs standen konkrete Kontakte sowie der Aufbau einer nachhaltigen Zusammenarbeit zwischen drei japanischen Unternehmen und regionalen Partnern. Ziel der Gespr\u00e4che war es, Kooperationspotenziale zu identifizieren und weitere Gesch\u00e4fte anzubahnen.<\/p>\n\n\n\n<p>Ein japanisches Unternehmen, das unter anderem auf drahtlose Kommunikationssysteme f\u00fcr Beh\u00f6rden spezialisiert ist, tauschte sich mit dem auf dem Areal B\u00f6hler in Meerbusch ans\u00e4ssigen DefenseTech-Inkubator.NRW \u00fcber Innovationen im Sicherheits- und Verteidigungsbereich aus. Im Zentrum f\u00fcr Orthop\u00e4die und Unfallchirurgie des Rheinland Klinikums in Dormagen erhielt ein Medizintechnik-Start-up, das sich auf die fr\u00fchzeitige Erkennung von Wirbels\u00e4ulenproblemen fokussiert, fachliche Hinweise f\u00fcr den Markteintritt in Deutschland. Ein Betrieb aus der Robotik-Branche nutzte eine Hafenrundfahrt in Neuss, um regionale Wirtschaftsstrukturen und Logistikprozesse kennenzulernen und m\u00f6gliche Anwendungsfelder f\u00fcr seine Technologien zu identifizieren.<\/p>\n\n\n\n<p>Im Rahmen des Delegationsbesuchs wurde zudem das impuls.werk Rhein-Kreis Neuss vorgestellt \u2013 der Innovations- und Gr\u00fcndungsstandort des Kreises, der ausdr\u00fccklich auch internationalen Start-ups offensteht. Das dort ans\u00e4ssige Start-up Cravies berichtete aus erster Hand \u00fcber die Zusammenarbeit mit der Wirtschaftsf\u00f6rderung und die Vorteile des Standorts.<\/p>\n\n\n\n<p>Der Rhein-Kreis Neuss ist eine von sieben Partnerregionen in einem Kooperationsprojekt zwischen Nordrhein-Westfalen und Japan. Seit der Absichtserkl\u00e4rung zwischen NRW und Tokio im Jahr 2021 w\u00e4chst das Netzwerk kontinuierlich, sowohl digital als auch durch pers\u00f6nliche Begegnungen.<\/p>\n\n\n\n<p>Quelle: <a href=\"http:\/\/www.rhein-kreis-neuss.de\">Rhein-Kreis Neuss<\/a><\/p>\n\n\n<figure class=\"wp-block-post-featured-image\"><img loading=\"lazy\" decoding=\"async\" width=\"2016\" height=\"1512\" src=\"https:\/\/standort-niederrhein.de\/wp-content\/uploads\/2026\/03\/Japanische-Delegation-1.jpg\" class=\"attachment-post-thumbnail size-post-thumbnail wp-post-image\" alt=\"\" style=\"object-fit:cover;\" srcset=\"https:\/\/standort-niederrhein.de\/wp-content\/uploads\/2026\/03\/Japanische-Delegation-1.jpg 2016w, https:\/\/standort-niederrhein.de\/wp-content\/uploads\/2026\/03\/Japanische-Delegation-1-1280x960.jpg 1280w, https:\/\/standort-niederrhein.de\/wp-content\/uploads\/2026\/03\/Japanische-Delegation-1-980x735.jpg 980w, https:\/\/standort-niederrhein.de\/wp-content\/uploads\/2026\/03\/Japanische-Delegation-1-480x360.jpg 480w\" sizes=\"(min-width: 0px) and (max-width: 480px) 480px, (min-width: 481px) and (max-width: 980px) 980px, (min-width: 981px) and (max-width: 1280px) 1280px, (min-width: 1281px) 2016px, 100vw\" \/><\/figure>\n\n\n<p>Die Wirtschaftsf\u00f6rderung impuls.RheinKreisNeuss unter der Leitung von Robert Abts begr\u00fc\u00dfte eine Delegation aus Japan und erm\u00f6glichte Kontakte mit regionalen Unternehmen. | Foto: Rhein-Kreis Neuss<\/p>\n","protected":false},"excerpt":{"rendered":"<p>Rhein-Kreis Neuss. Die deutsch-japanischen Kontakte haben eine weitere St\u00e4rkung erfahren: Die Wirtschaftsf\u00f6rderung impuls.RheinKreisNeuss begr\u00fc\u00dfte jetzt eine Delegation des Tokyo Metropolitan Government und des dortigen \u201eSupport Centers\u201c f\u00fcr kleine und mittelgro\u00dfe Betriebe. Im Mittelpunkt des Besuchs standen konkrete Kontakte sowie der Aufbau einer nachhaltigen Zusammenarbeit zwischen drei japanischen Unternehmen und regionalen Partnern. Ziel der Gespr\u00e4che war [&hellip;]<\/p>\n","protected":false},"author":3,"featured_media":7510,"comment_status":"closed","ping_status":"closed","sticky":false,"template":"","format":"standard","meta":{"_et_pb_use_builder":"","_et_pb_old_content":"","_et_gb_content_width":"","footnotes":""},"categories":[1],"tags":[],"class_list":["post-7509","post","type-post","status-publish","format-standard","has-post-thumbnail","hentry","category-allgemein"],"_links":{"self":[{"href":"https:\/\/standort-niederrhein.de\/en\/wp-json\/wp\/v2\/posts\/7509","targetHints":{"allow":["GET"]}}],"collection":[{"href":"https:\/\/standort-niederrhein.de\/en\/wp-json\/wp\/v2\/posts"}],"about":[{"href":"https:\/\/standort-niederrhein.de\/en\/wp-json\/wp\/v2\/types\/post"}],"author":[{"embeddable":true,"href":"https:\/\/standort-niederrhein.de\/en\/wp-json\/wp\/v2\/users\/3"}],"replies":[{"embeddable":true,"href":"https:\/\/standort-niederrhein.de\/en\/wp-json\/wp\/v2\/comments?post=7509"}],"version-history":[{"count":1,"href":"https:\/\/standort-niederrhein.de\/en\/wp-json\/wp\/v2\/posts\/7509\/revisions"}],"predecessor-version":[{"id":7511,"href":"https:\/\/standort-niederrhein.de\/en\/wp-json\/wp\/v2\/posts\/7509\/revisions\/7511"}],"wp:featuredmedia":[{"embeddable":true,"href":"https:\/\/standort-niederrhein.de\/en\/wp-json\/wp\/v2\/media\/7510"}],"wp:attachment":[{"href":"https:\/\/standort-niederrhein.de\/en\/wp-json\/wp\/v2\/media?parent=7509"}],"wp:term":[{"taxonomy":"category","embeddable":true,"href":"https:\/\/standort-niederrhein.de\/en\/wp-json\/wp\/v2\/categories?post=7509"},{"taxonomy":"post_tag","embeddable":true,"href":"https:\/\/standort-niederrhein.de\/en\/wp-json\/wp\/v2\/tags?post=7509"}],"curies":[{"name":"wp","href":"https:\/\/api.w.org\/{rel}","templated":true}]}}