{"id":7506,"date":"2026-03-12T05:00:00","date_gmt":"2026-03-12T04:00:00","guid":{"rendered":"https:\/\/standort-niederrhein.de\/?p=7506"},"modified":"2026-03-12T12:16:53","modified_gmt":"2026-03-12T11:16:53","slug":"benjamin-altmeyer-erhaelt-gruendungsstipendium-nrw-mit-einer-ki-idee-fuer-effizientere-gutachten","status":"publish","type":"post","link":"https:\/\/standort-niederrhein.de\/en\/2026\/03\/12\/benjamin-altmeyer-erhaelt-gruendungsstipendium-nrw-mit-einer-ki-idee-fuer-effizientere-gutachten\/","title":{"rendered":"Benjamin Altmeyer erh\u00e4lt Gr\u00fcndungsstipendium NRW mit einer KI-Idee f\u00fcr effizientere Gutachten"},"content":{"rendered":"\n<p><strong>Rhein-Kreis Neuss.<\/strong> Die impuls.RheinKreisNeuss Wirtschaftsf\u00f6rderung kann das Meerbuscher Start-up flaiu zu den erfolgreichen Bewerbern f\u00fcr das Gr\u00fcndungsstipendium NRW z\u00e4hlen. Die Jury des Gr\u00fcndungsnetzwerks Rhein-Kreis\u202fNeuss\/Kreis\u202fViersen unter dem Vorsitz von <a>Christian Schieren, Leiter des Startercenters NRW bei der impuls.RheinKreisNeuss Wirtschaftsf\u00f6rderung<\/a>, war von dem Unternehmen \u00fcberzeugt und empfahl es f\u00fcr das Gr\u00fcndungsstipendium NRW. Dem folgte der Projekttr\u00e4ger J\u00fclich mit der Bewilligung des Stipendiums.<\/p>\n\n\n\n<p>Der Grevenbroicher Benjamin Altmeyer erh\u00e4lt das Stipendium mit seiner KI-Idee f\u00fcr effizientere Gutachten. Altmeyer vereinfacht mit seiner innovativen Softwarel\u00f6sung grundlegend den Dokumentationsprozess f\u00fcr Fachexperten wie Sachverst\u00e4ndige, Energieberater und Immobiliengutachter.<\/p>\n\n\n\n<p>Die impuls.RheinKreisNeuss Wirtschaftsf\u00f6rderung unterst\u00fctzt das Meerbuscher Start-up flaiu mit seiner App ImmIQ als Teil des Gr\u00fcndungsnetzwerks Rhein-Kreis Neuss \/ Kreis Viersen. \u201eflaiu zeigt mit seiner App ImmIQ, dass digitale Technologien und K\u00fcnstliche Intelligenz k\u00fcnftig immer mehr als wesentliche Transformatoren in bestehende Gesch\u00e4ftsmodelle von Unternehmen Einzug nehmen und die Qualit\u00e4t von Arbeitsergebnissen verbessern k\u00f6nnen\u201c, betont Robert Abts, Leiter der impuls.RheinKreisNeuss Wirtschaftsf\u00f6rderung. \u201eSolche Innovationen st\u00e4rken die Wettbewerbsf\u00e4higkeit unserer Region und er\u00f6ffnen neue Perspektiven f\u00fcr wissensbasierte Dienstleistungen.\u201c<\/p>\n\n\n\n<p>Viele Experten verbringen nach Ortsterminen einen erheblichen Teil ihrer Arbeitszeit mit der aufwendigen Nachbereitung und Dokumentation von Befunden. Genau hier setzt ImmIQ an: Die KI-gest\u00fctzte Anwendung \u2013 verf\u00fcgbar als App und Webl\u00f6sung \u2013 erm\u00f6glicht es, Fotos, Sprachmemos und Notizen direkt vor Ort zu erfassen und automatisch in strukturierte Berichte zu \u00fcberf\u00fchren. \u201eWir geben Experten mehr Zeit f\u00fcr das, was sie wirklich lieben: ihre Erfahrung vor Ort einzubringen und klare Einsch\u00e4tzungen zu liefern \u2013 statt sich im Anschluss stundenlang mit Dokumentationspflichten aufzuhalten\u201c, erkl\u00e4rt Benjamin Altmeyer. \u201eUnsere Software verarbeitet Informationen aus Sprache, Bildern und Notizen und erstellt daraus auf Knopfdruck vollst\u00e4ndige, strukturierte und DSGVO-konforme Berichte \u2013 dank eines innovativen intelligenten Faktenmodells.\u201c<\/p>\n\n\n\n<p>ImmIQ richtet sich zun\u00e4chst an Sachverst\u00e4ndige und Gutachter im Bau-, Immobilien- und Energiebereich. Allein in Deutschland gibt es mehr als 25 000 Sachverst\u00e4ndige, die j\u00e4hrlich \u00fcber 800 000 Gutachten erstellen. Perspektivisch plant das Unternehmen hinter der App eine Erweiterung auf weitere Branchen wie Versicherungen oder Handwerksbetriebe sowie auf europ\u00e4ische M\u00e4rkte. Alle Infos zu ImmIQ inklusive einer kostenlosen Demo finden sich <a href=\"https:\/\/immiq.de\/\">hier<\/a>.<\/p>\n\n\n\n<p>Das Gr\u00fcndungsstipendium NRW unterst\u00fctzt innovative Start-ups in der fr\u00fchen Phase, indem es ein monatliches Stipendium bereitstellt. Somit k\u00f6nnen Gr\u00fcnderinnen und Gr\u00fcnder sich voll und ganz auf die Weiterentwicklung ihrer Gesch\u00e4ftsidee konzentrieren. Weitere Informationen zum Gr\u00fcndungsstipendium NRW gibt es unter dem Link <a href=\"http:\/\/www.gruendungsstipendium.nrw\">www.gruendungsstipendium.nrw<\/a> sowie bei Christian Schieren von der impuls.RheinKreisNeuss Wirtschaftsf\u00f6rderung unter Tel. 02131 928-7512 oder per <a href=\"mailto:christian.schieren@rhein-kreis-neuss.de\">Mail<\/a>.<\/p>\n\n\n\n<p>Quelle: <a href=\"http:\/\/www.rhein-kreis-neuss.de\">Rhein-Kreis Neuss<\/a><\/p>\n\n\n<figure class=\"wp-block-post-featured-image\"><img loading=\"lazy\" decoding=\"async\" width=\"2560\" height=\"1706\" src=\"https:\/\/standort-niederrhein.de\/wp-content\/uploads\/2026\/03\/Benjamin-Altmeyer-Foto-Wolfgang-Walter-scaled.jpg\" class=\"attachment-post-thumbnail size-post-thumbnail wp-post-image\" alt=\"\" style=\"object-fit:cover;\" srcset=\"https:\/\/standort-niederrhein.de\/wp-content\/uploads\/2026\/03\/Benjamin-Altmeyer-Foto-Wolfgang-Walter-scaled.jpg 2560w, https:\/\/standort-niederrhein.de\/wp-content\/uploads\/2026\/03\/Benjamin-Altmeyer-Foto-Wolfgang-Walter-1280x853.jpg 1280w, https:\/\/standort-niederrhein.de\/wp-content\/uploads\/2026\/03\/Benjamin-Altmeyer-Foto-Wolfgang-Walter-980x653.jpg 980w, https:\/\/standort-niederrhein.de\/wp-content\/uploads\/2026\/03\/Benjamin-Altmeyer-Foto-Wolfgang-Walter-480x320.jpg 480w\" sizes=\"(min-width: 0px) and (max-width: 480px) 480px, (min-width: 481px) and (max-width: 980px) 980px, (min-width: 981px) and (max-width: 1280px) 1280px, (min-width: 1281px) 2560px, 100vw\" \/><\/figure>\n\n\n<p>Von links: Robert Abts, Leiter der impuls.RheinKreisNeuss Wirtschaftsf\u00f6rderung, Gr\u00fcnder Benjamin Altmeyer und Christian Schieren, Leiter des Startercenters NRW bei der impuls.RheinKreisNeuss Wirtschaftsf\u00f6rderung | Foto: W. Walter\/ Rhein-Kreis Neuss<\/p>\n","protected":false},"excerpt":{"rendered":"<p>Rhein-Kreis Neuss. Die impuls.RheinKreisNeuss Wirtschaftsf\u00f6rderung kann das Meerbuscher Start-up flaiu zu den erfolgreichen Bewerbern f\u00fcr das Gr\u00fcndungsstipendium NRW z\u00e4hlen. Die Jury des Gr\u00fcndungsnetzwerks Rhein-Kreis\u202fNeuss\/Kreis\u202fViersen unter dem Vorsitz von Christian Schieren, Leiter des Startercenters NRW bei der impuls.RheinKreisNeuss Wirtschaftsf\u00f6rderung, war von dem Unternehmen \u00fcberzeugt und empfahl es f\u00fcr das Gr\u00fcndungsstipendium NRW. Dem folgte der Projekttr\u00e4ger J\u00fclich [&hellip;]<\/p>\n","protected":false},"author":3,"featured_media":7507,"comment_status":"closed","ping_status":"closed","sticky":false,"template":"","format":"standard","meta":{"_et_pb_use_builder":"","_et_pb_old_content":"","_et_gb_content_width":"","footnotes":""},"categories":[1],"tags":[],"class_list":["post-7506","post","type-post","status-publish","format-standard","has-post-thumbnail","hentry","category-allgemein"],"_links":{"self":[{"href":"https:\/\/standort-niederrhein.de\/en\/wp-json\/wp\/v2\/posts\/7506","targetHints":{"allow":["GET"]}}],"collection":[{"href":"https:\/\/standort-niederrhein.de\/en\/wp-json\/wp\/v2\/posts"}],"about":[{"href":"https:\/\/standort-niederrhein.de\/en\/wp-json\/wp\/v2\/types\/post"}],"author":[{"embeddable":true,"href":"https:\/\/standort-niederrhein.de\/en\/wp-json\/wp\/v2\/users\/3"}],"replies":[{"embeddable":true,"href":"https:\/\/standort-niederrhein.de\/en\/wp-json\/wp\/v2\/comments?post=7506"}],"version-history":[{"count":1,"href":"https:\/\/standort-niederrhein.de\/en\/wp-json\/wp\/v2\/posts\/7506\/revisions"}],"predecessor-version":[{"id":7508,"href":"https:\/\/standort-niederrhein.de\/en\/wp-json\/wp\/v2\/posts\/7506\/revisions\/7508"}],"wp:featuredmedia":[{"embeddable":true,"href":"https:\/\/standort-niederrhein.de\/en\/wp-json\/wp\/v2\/media\/7507"}],"wp:attachment":[{"href":"https:\/\/standort-niederrhein.de\/en\/wp-json\/wp\/v2\/media?parent=7506"}],"wp:term":[{"taxonomy":"category","embeddable":true,"href":"https:\/\/standort-niederrhein.de\/en\/wp-json\/wp\/v2\/categories?post=7506"},{"taxonomy":"post_tag","embeddable":true,"href":"https:\/\/standort-niederrhein.de\/en\/wp-json\/wp\/v2\/tags?post=7506"}],"curies":[{"name":"wp","href":"https:\/\/api.w.org\/{rel}","templated":true}]}}