{"id":7503,"date":"2026-03-09T07:00:00","date_gmt":"2026-03-09T06:00:00","guid":{"rendered":"https:\/\/standort-niederrhein.de\/?p=7503"},"modified":"2026-03-11T14:14:29","modified_gmt":"2026-03-11T13:14:29","slug":"landraetin-unterzeichnet-pakt-fuer-planungsbeschleunigung","status":"publish","type":"post","link":"https:\/\/standort-niederrhein.de\/en\/2026\/03\/09\/landraetin-unterzeichnet-pakt-fuer-planungsbeschleunigung\/","title":{"rendered":"Landr\u00e4tin unterzeichnet Pakt f\u00fcr Planungsbeschleunigung"},"content":{"rendered":"\n<p><strong>Rheinisches Revier\/ Rhein-Kreis Neuss.<\/strong> Der Rhein-Kreis Neuss setzt ein deutliches Zeichen f\u00fcr schnelle und effiziente Verwaltungsprozesse: Landr\u00e4tin Katharina Reinhold hat den Pakt f\u00fcr Planungsbeschleunigung im Rheinischen Revier unterzeichnet. Der Pakt ist eine gemeinsame Initiative der Industrie- und Handelskammern Aachen, K\u00f6ln und Mittlerer Niederrhein. Ziel ist es, innerhalb des bestehenden Rechtsrahmens Verwaltungsabl\u00e4ufe zu vereinfachen, Entscheidungswege zu verk\u00fcrzen und digitale Werkzeuge st\u00e4rker zu nutzen.<\/p>\n\n\n\n<p>Landr\u00e4tin Reinhold betonte bei der Unterzeichnung die Bedeutung moderner Verwaltungsprozesse: \u201eDie Modernisierung und Digitalisierung der Verwaltung ist eines meiner zentralen Themen. Wir wollen B\u00fcrokratie abbauen, Projekte z\u00fcgig voranbringen und zugleich die Qualit\u00e4t der Verfahren sichern. Der Pakt unterst\u00fctzt uns dabei, gute L\u00f6sungen sichtbar zu machen und selbst schneller zu werden.\u201c<\/p>\n\n\n\n<p>Wie wichtig die Intention des Pakts ist, erkl\u00e4rt J\u00fcrgen Steinmetz, Hauptgesch\u00e4ftsf\u00fchrer der Industrie- und Handelskammer (IHK) Mittlerer Niederrhein. \u201eSchnellere Planungs- und Genehmigungsverfahren sind ein entscheidender Standortfaktor \u2013 gerade im Rheinischen Revier, wo Strukturwandel und Transformation enorme Geschwindigkeit verlangen.\u201c Der Pakt sorge daf\u00fcr, dass Kommunen, Bezirksregierungen und Wirtschaft gemeinsam Verantwortung \u00fcbernehmen, um Verfahren praxistauglicher und effizienter zu gestalten.<\/p>\n\n\n\n<p><strong>Hintergrund<\/strong><br>Der Pakt f\u00fcr Planungsbeschleunigung im Rheinischen Revier wurde 2024 ins Leben gerufen und seitdem von allen B\u00fcrgermeisterinnen und B\u00fcrgermeistern, Landr\u00e4tinnen und Landr\u00e4ten sowie den beiden Bezirksregierungen im Rheinischen Revier unterzeichnet. Er umfasst Ma\u00dfnahmen wie den systematischen Austausch von Best-Practice-Beispielen, die verst\u00e4rkte Nutzung digitaler Genehmigungs- und Kommunikationsprozesse, die F\u00f6rderung mutiger und rechtssicherer Entscheidungen sowie regelm\u00e4\u00dfige Workshops f\u00fcr Mitarbeitende der Verwaltungen.<\/p>\n\n\n\n<p>Quelle: <a href=\"https:\/\/mittlerer-niederrhein.ihk.de\/news\/detail\/rhein-kreis-neuss-bekraeftigt-planungs-und-genehmigungsbeschleunigung\">IHK Mittlerer Niederrhein<\/a><\/p>\n\n\n<figure class=\"wp-block-post-featured-image\"><img loading=\"lazy\" decoding=\"async\" width=\"1280\" height=\"1632\" src=\"https:\/\/standort-niederrhein.de\/wp-content\/uploads\/2026\/03\/csm_2026_pm061_Planungsbeschleunigung_RKN_7fcd02ae7e.jpg\" class=\"attachment-post-thumbnail size-post-thumbnail wp-post-image\" alt=\"\" style=\"object-fit:cover;\" srcset=\"https:\/\/standort-niederrhein.de\/wp-content\/uploads\/2026\/03\/csm_2026_pm061_Planungsbeschleunigung_RKN_7fcd02ae7e.jpg 1280w, https:\/\/standort-niederrhein.de\/wp-content\/uploads\/2026\/03\/csm_2026_pm061_Planungsbeschleunigung_RKN_7fcd02ae7e-980x1250.jpg 980w, https:\/\/standort-niederrhein.de\/wp-content\/uploads\/2026\/03\/csm_2026_pm061_Planungsbeschleunigung_RKN_7fcd02ae7e-480x612.jpg 480w\" sizes=\"(min-width: 0px) and (max-width: 480px) 480px, (min-width: 481px) and (max-width: 980px) 980px, (min-width: 981px) 1280px, 100vw\" \/><\/figure>\n\n\n<p>andr\u00e4tin Katharina Reinhold hat im Beisein von IHK-Hauptgesch\u00e4ftsf\u00fchrer J\u00fcrgen Steinmetz den Pakt f\u00fcr Planungsbeschleunigung im Rheinischen Revier unterzeichnet. | Foto: IHK Mittlerer Niederrhein<\/p>\n","protected":false},"excerpt":{"rendered":"<p>Rheinisches Revier\/ Rhein-Kreis Neuss. Der Rhein-Kreis Neuss setzt ein deutliches Zeichen f\u00fcr schnelle und effiziente Verwaltungsprozesse: Landr\u00e4tin Katharina Reinhold hat den Pakt f\u00fcr Planungsbeschleunigung im Rheinischen Revier unterzeichnet. Der Pakt ist eine gemeinsame Initiative der Industrie- und Handelskammern Aachen, K\u00f6ln und Mittlerer Niederrhein. Ziel ist es, innerhalb des bestehenden Rechtsrahmens Verwaltungsabl\u00e4ufe zu vereinfachen, Entscheidungswege zu [&hellip;]<\/p>\n","protected":false},"author":3,"featured_media":7504,"comment_status":"closed","ping_status":"closed","sticky":false,"template":"","format":"standard","meta":{"_et_pb_use_builder":"","_et_pb_old_content":"","_et_gb_content_width":"","footnotes":""},"categories":[1],"tags":[],"class_list":["post-7503","post","type-post","status-publish","format-standard","has-post-thumbnail","hentry","category-allgemein"],"_links":{"self":[{"href":"https:\/\/standort-niederrhein.de\/en\/wp-json\/wp\/v2\/posts\/7503","targetHints":{"allow":["GET"]}}],"collection":[{"href":"https:\/\/standort-niederrhein.de\/en\/wp-json\/wp\/v2\/posts"}],"about":[{"href":"https:\/\/standort-niederrhein.de\/en\/wp-json\/wp\/v2\/types\/post"}],"author":[{"embeddable":true,"href":"https:\/\/standort-niederrhein.de\/en\/wp-json\/wp\/v2\/users\/3"}],"replies":[{"embeddable":true,"href":"https:\/\/standort-niederrhein.de\/en\/wp-json\/wp\/v2\/comments?post=7503"}],"version-history":[{"count":1,"href":"https:\/\/standort-niederrhein.de\/en\/wp-json\/wp\/v2\/posts\/7503\/revisions"}],"predecessor-version":[{"id":7505,"href":"https:\/\/standort-niederrhein.de\/en\/wp-json\/wp\/v2\/posts\/7503\/revisions\/7505"}],"wp:featuredmedia":[{"embeddable":true,"href":"https:\/\/standort-niederrhein.de\/en\/wp-json\/wp\/v2\/media\/7504"}],"wp:attachment":[{"href":"https:\/\/standort-niederrhein.de\/en\/wp-json\/wp\/v2\/media?parent=7503"}],"wp:term":[{"taxonomy":"category","embeddable":true,"href":"https:\/\/standort-niederrhein.de\/en\/wp-json\/wp\/v2\/categories?post=7503"},{"taxonomy":"post_tag","embeddable":true,"href":"https:\/\/standort-niederrhein.de\/en\/wp-json\/wp\/v2\/tags?post=7503"}],"curies":[{"name":"wp","href":"https:\/\/api.w.org\/{rel}","templated":true}]}}