{"id":7495,"date":"2026-03-11T06:00:00","date_gmt":"2026-03-11T05:00:00","guid":{"rendered":"https:\/\/standort-niederrhein.de\/?p=7495"},"modified":"2026-03-10T11:47:41","modified_gmt":"2026-03-10T10:47:41","slug":"hochschule-rhein-waal-und-stadt-moers-unterzeichnen-eine-absichtserklaerung","status":"publish","type":"post","link":"https:\/\/standort-niederrhein.de\/en\/2026\/03\/11\/hochschule-rhein-waal-und-stadt-moers-unterzeichnen-eine-absichtserklaerung\/","title":{"rendered":"Hochschule Rhein-Waal und Stadt Moers unterzeichnen eine Absichtserkl\u00e4rung"},"content":{"rendered":"\n<p>Roboter, smarte Sensoren und digitale Helfer, die den Alltag in Pflegeeinrichtungen erleichtern und Patient*innen Sicherheit geben. Die Stadt Moers will an ihrem Innovationscampus Zentrum f\u00fcr digitale Pflegeinnovationen werden. Ende Februar unterzeichneten B\u00fcrgermeisterin Julia Zupancic und Hochschulpr\u00e4sident Prof. Dr. Oliver Locker-Gr\u00fctjen eine Absichtserkl\u00e4rung zur strategischen Zusammenarbeit (Letter of Intent). Mit dieser Kooperation soll die Entwicklung digitaler Assistenzsysteme f\u00fcr Gesundheit und Pflege in der Region Niederrhein vorangetrieben werden. Eine zentrale Rolle spielt dabei das Zentrum Assistive Technologien (ZAT) Rhein-Ruhr an der Hochschule Rhein-Waal (HSRW).<\/p>\n\n\n\n<p>Um innovative L\u00f6sungen f\u00fcr den Gesundheits- und Pflegesektor zu entwickeln und zu erproben, bringt der Innovationscampus Moers Hochschule, Stadt und regionale Unternehmen zusammen. \u201eDamit st\u00e4rken wir den Standort Moers und schaffen neue Perspektiven f\u00fcr Unternehmen und B\u00fcrgerinnen und B\u00fcrger\u201c, betont B\u00fcrgermeisterin Julia Zupancic. Prof. Dr. Oliver Locker-Gr\u00fctjen, Pr\u00e4sident der Hochschule Rhein-Waal, erg\u00e4nzt: \u201eDiese Kooperation zeigt, wie Forschung und Praxis gemeinsam Innovationen gestalten k\u00f6nnen. Digitale Assistenzsysteme werden die Pflege in der Region nachhaltig unterst\u00fctzen.\u201c An der HSRW hat vor allem Prof. Dr. Christian Ressel, Leiter des ZAT, die Kooperation vorangetrieben. Er betont den Nutzen f\u00fcr Betroffene: \u201eBei aller Technologie geht es am Ende immer um die Menschen. Digitale Assistenzsysteme k\u00f6nnen Pflegekr\u00e4fte entlasten und gleichzeitig dazu beitragen, dass Pflegebed\u00fcrftige l\u00e4nger selbstst\u00e4ndig bleiben und mehr Sicherheit im Alltag haben. Gerade angesichts des Fachkr\u00e4ftemangels werden solche L\u00f6sungen k\u00fcnftig entscheidend sein, um Pflege in guter Qualit\u00e4t zu erm\u00f6glichen.\u201c<\/p>\n\n\n\n<p>Die Partnerschaft b\u00fcndelt wissenschaftliche Expertise, technisches Know-how und kommunale Unterst\u00fctzung. Das ZAT bringt Forschung und ein starkes Netzwerk aus Wissenschaft und Technik ein, w\u00e4hrend die Stadt Moers Infrastruktur und strategische Sichtbarkeit bereitstellt. Gemeinsam werden konkrete Pilot- und Transferprojekte zur Erprobung digitaler Assistenzsysteme initiiert, regionale Unternehmen, Pflegeeinrichtungen und Akteure der Gesundheitswirtschaft aktiv eingebunden. Es entstehen Veranstaltungen, Workshops und Netzwerkformate f\u00fcr den Austausch von Wissen und Praxis. Gleichzeitig soll der Standort Moers als Innovationszentrum f\u00fcr Gesundheit und Pflege klar sichtbar werden.<\/p>\n\n\n\n<p><strong>Hintergrundinformationen<\/strong><br>Das Zentrum Assistive Technologien (ZAT) Rhein-Ruhr, eine Kooperation der Hochschule Rhein-Waal, der Hochschule Niederrhein, der Hochschule Bonn-Rhein-Sieg und der Universit\u00e4t Duisburg-Essen, f\u00f6rdert die partizipative Forschung, Entwicklung und den Praxistransfer von digitalen kognitiven Assistenzsystemen. Dar\u00fcber hinaus liegt ein Schwerpunkt auf der F\u00f6rderung des wissenschaftlichen Nachwuchses in diesem zukunftsweisenden Forschungsfeld, wodurch die beteiligten Hochschulen und Universit\u00e4ten gemeinsam ein Forschungsprofil entwickeln, das \u00fcber die Region hinausstrahlt. Das ZAT dient als regionale Anlaufstelle und Austauschplattform f\u00fcr Forschende, Entwickler*innen, Hersteller, Anbieter sowie weitere Organisationen und Betroffene im Umfeld von Menschen mit Assistenzbedarf.<\/p>\n\n\n\n<p>Das Zentrum Assistive Technologien (ZAT) Rhein-Ruhr wird vom Ministerium f\u00fcr Kultur und Wissenschaft des Landes Nordrhein-Westfalen gef\u00f6rdert.<\/p>\n\n\n\n<p>Quelle: <a href=\"https:\/\/www.moers.de\/rathaus-politik\/aktuelles\/presse\/hochschule-rhein-waal-und-stadt-moers-unterzeichnen-eine\">Stadt Moers<\/a><\/p>\n\n\n<figure class=\"wp-block-post-featured-image\"><img loading=\"lazy\" decoding=\"async\" width=\"2560\" height=\"1474\" src=\"https:\/\/standort-niederrhein.de\/wp-content\/uploads\/2026\/03\/20260306_hsrw_pressemitteilung_loi_zat_und_stadt_moerscwifoe-scaled.jpg\" class=\"attachment-post-thumbnail size-post-thumbnail wp-post-image\" alt=\"\" style=\"object-fit:cover;\" srcset=\"https:\/\/standort-niederrhein.de\/wp-content\/uploads\/2026\/03\/20260306_hsrw_pressemitteilung_loi_zat_und_stadt_moerscwifoe-scaled.jpg 2560w, https:\/\/standort-niederrhein.de\/wp-content\/uploads\/2026\/03\/20260306_hsrw_pressemitteilung_loi_zat_und_stadt_moerscwifoe-1280x737.jpg 1280w, https:\/\/standort-niederrhein.de\/wp-content\/uploads\/2026\/03\/20260306_hsrw_pressemitteilung_loi_zat_und_stadt_moerscwifoe-980x564.jpg 980w, https:\/\/standort-niederrhein.de\/wp-content\/uploads\/2026\/03\/20260306_hsrw_pressemitteilung_loi_zat_und_stadt_moerscwifoe-480x276.jpg 480w\" sizes=\"(min-width: 0px) and (max-width: 480px) 480px, (min-width: 481px) and (max-width: 980px) 980px, (min-width: 981px) and (max-width: 1280px) 1280px, (min-width: 1281px) 2560px, 100vw\" \/><\/figure>\n\n\n<p>B\u00fcrgermeisterin Julia Zupancic, Prof. Dr. Oliver Locker-Gr\u00fctjen (Pr\u00e4sident der HSRW) und Prof. Dr.-Ing. Christian Ressel (Projektleitung ZAT an der HSRW) unterzeichnen die gemeinsame Absichtserkl\u00e4rung zur strategischen Zusammenarbeit | Foto: Wirtschaftsf\u00f6rderung der Stadt Moers<\/p>\n","protected":false},"excerpt":{"rendered":"<p>Roboter, smarte Sensoren und digitale Helfer, die den Alltag in Pflegeeinrichtungen erleichtern und Patient*innen Sicherheit geben. Die Stadt Moers will an ihrem Innovationscampus Zentrum f\u00fcr digitale Pflegeinnovationen werden. Ende Februar unterzeichneten B\u00fcrgermeisterin Julia Zupancic und Hochschulpr\u00e4sident Prof. Dr. Oliver Locker-Gr\u00fctjen eine Absichtserkl\u00e4rung zur strategischen Zusammenarbeit (Letter of Intent). Mit dieser Kooperation soll die Entwicklung digitaler [&hellip;]<\/p>\n","protected":false},"author":3,"featured_media":7496,"comment_status":"closed","ping_status":"closed","sticky":false,"template":"","format":"standard","meta":{"_et_pb_use_builder":"","_et_pb_old_content":"","_et_gb_content_width":"","footnotes":""},"categories":[1],"tags":[],"class_list":["post-7495","post","type-post","status-publish","format-standard","has-post-thumbnail","hentry","category-allgemein"],"_links":{"self":[{"href":"https:\/\/standort-niederrhein.de\/en\/wp-json\/wp\/v2\/posts\/7495","targetHints":{"allow":["GET"]}}],"collection":[{"href":"https:\/\/standort-niederrhein.de\/en\/wp-json\/wp\/v2\/posts"}],"about":[{"href":"https:\/\/standort-niederrhein.de\/en\/wp-json\/wp\/v2\/types\/post"}],"author":[{"embeddable":true,"href":"https:\/\/standort-niederrhein.de\/en\/wp-json\/wp\/v2\/users\/3"}],"replies":[{"embeddable":true,"href":"https:\/\/standort-niederrhein.de\/en\/wp-json\/wp\/v2\/comments?post=7495"}],"version-history":[{"count":1,"href":"https:\/\/standort-niederrhein.de\/en\/wp-json\/wp\/v2\/posts\/7495\/revisions"}],"predecessor-version":[{"id":7497,"href":"https:\/\/standort-niederrhein.de\/en\/wp-json\/wp\/v2\/posts\/7495\/revisions\/7497"}],"wp:featuredmedia":[{"embeddable":true,"href":"https:\/\/standort-niederrhein.de\/en\/wp-json\/wp\/v2\/media\/7496"}],"wp:attachment":[{"href":"https:\/\/standort-niederrhein.de\/en\/wp-json\/wp\/v2\/media?parent=7495"}],"wp:term":[{"taxonomy":"category","embeddable":true,"href":"https:\/\/standort-niederrhein.de\/en\/wp-json\/wp\/v2\/categories?post=7495"},{"taxonomy":"post_tag","embeddable":true,"href":"https:\/\/standort-niederrhein.de\/en\/wp-json\/wp\/v2\/tags?post=7495"}],"curies":[{"name":"wp","href":"https:\/\/api.w.org\/{rel}","templated":true}]}}