{"id":7482,"date":"2026-03-09T06:00:00","date_gmt":"2026-03-09T05:00:00","guid":{"rendered":"https:\/\/standort-niederrhein.de\/?p=7482"},"modified":"2026-03-06T09:13:42","modified_gmt":"2026-03-06T08:13:42","slug":"moenchengladbach-im-finale-um-bedeutenden-publikumspreis-der-immobilienbranche","status":"publish","type":"post","link":"https:\/\/standort-niederrhein.de\/en\/2026\/03\/09\/moenchengladbach-im-finale-um-bedeutenden-publikumspreis-der-immobilienbranche\/","title":{"rendered":"M\u00f6nchengladbach im Finale um bedeutenden\u00a0Publikumspreis der Immobilienbranche"},"content":{"rendered":"\n<p><strong>M\u00f6nchengladbach.<\/strong> Das Branchenmagazin \u201eimmobilienmanager\u201d hat bei seiner j\u00e4hrlichen Award-Feier f\u00fcr herausragende Leistungen im Immobiliensektor erstmals einen Publikumspreis f\u00fcr Kommunen verliehen, die gemeinsam mit Branchenakteuren als \u201eM\u00f6glichmacher\u201c gelten. Unter drei nominierten St\u00e4dten musste sich M\u00f6nchengladbach zwar knapp der Konkurrenz aus Bochum geschlagen geben. Die Botschaft, die das Publikum gleichwohl \u00fcberzeugte: In der Vitusstadt herrscht ein besonders partnerschaftliches Miteinander zwischen st\u00e4dtischen Akteuren und der Bau- und Immobilienwirtschaft.<\/p>\n\n\n\n<p>\u201eBei der Vielzahl der Einreichungen um den j\u00e4hrlichen IM-Award ist bereits eine Nominierung eine Auszeichnung, besonders in Hinblick auf die crossmediale Pr\u00e4senz\u201c, sagt Andr\u00e9 Eberhard, Chefredakteur des immobilienmanager und Juryvorsitzender. \u201eSchon die Nominierung hat mich deswegen extrem stolz gemacht \u2013 und es war immerhin ein knappes Rennen im Live-Voting der Gala-G\u00e4ste\u201c, sagt Dr. Ulrich Sch\u00fcckhaus, Vorsitzender der Gesch\u00e4ftsf\u00fchrung von st\u00e4dtischer Entwicklungsgesellschaft (EWMG) und Wirtschaftsf\u00f6rderung (WFMG). \u201eDas ist einerseits Best\u00e4tigung unserer t\u00e4glichen Arbeit und zugleich ein Ansporn, jetzt nicht lockerzulassen.\u201c Die G\u00e4ste stimmten ohne Vorpr\u00e4gung und lediglich auf Basis gezeigter Projektbilder aus den nominierten St\u00e4dten ab \u2013 aus M\u00f6nchengladbach etwa die Areale bzw. Projekte Maria-Hilf-Terrassen, Nordpark, Hauptbahnhof Rheydt, Flughafen und Kita-Ausbau.<\/p>\n\n\n\n<p>Sein designierter Nachfolger als Vorsitzender der EWMG-Gesch\u00e4ftsf\u00fchrung Stefan Anspach \u2013 Sch\u00fcckhaus selbst geht zur Jahresmitte in den Ruhestand \u2013 erg\u00e4nzt: \u201eAuch in wirtschaftlich herausfordernden Zeiten vorausschauend zu planen, optimistisch nach vorne zu blicken und gemeinsam L\u00f6sungen zu suchen, das zeichnet unseren Ansatz in M\u00f6nchengladbach aus.\u201c Beide betonen: \u201eDas Schlaglicht, das mit der Nominierung und dem zweiten Platz einhergeht, f\u00e4llt deswegen nicht allein auf WFMG und EWMG oder die Stadt M\u00f6nchengladbach. Es f\u00e4llt genauso sehr auf die Akteure der lokalen Immobilienwirtschaft. Ohne sie und unser partnerschaftliches, konstruktives Miteinander w\u00fcrden wir hier und heute nicht stehen.\u201c<\/p>\n\n\n\n<p>Der immobilienmanager-Award zeichnet seit 2008 die besten Projekte, Unternehmen, Pers\u00f6nlichkeiten, Ideen und Dienstleistungen der Immobilienwirtschaft aus. Eine namhaft besetzte 16-k\u00f6pfige Jury k\u00fcrt in einem aufw\u00e4ndigen Auswahlverfahren die Besten der Besten in 15 Kategorien \u2013 von Projekt- und Quartiersentwicklung \u00fcber Digitale L\u00f6sung &amp; Technologische Innovation bis hin zu Clean Energy &amp; Mobility. Der neue Publikumspreis ist dabei der Einzige, dessen Preistr\u00e4ger nicht bereits im Vorfeld durch die Jury entschieden wird. Nominiert daf\u00fcr waren Bochum (am Ende siegreich mit 114 Stimmen und dem Ansatz, beim Strukturwandel auf eine enge Verzahnung von Stadt, Wirtschaft und Wissenschaft zu setzen, exemplarisch umgesetzt auf dem fr\u00fcheren Opel-Areal), M\u00f6nchengladbach (105) und Oberhausen (100).<\/p>\n\n\n\n<p>Quelle: <a href=\"http:\/\/www.wfmg.de\">WFMG<\/a><\/p>\n","protected":false},"excerpt":{"rendered":"<p>M\u00f6nchengladbach. Das Branchenmagazin \u201eimmobilienmanager\u201d hat bei seiner j\u00e4hrlichen Award-Feier f\u00fcr herausragende Leistungen im Immobiliensektor erstmals einen Publikumspreis f\u00fcr Kommunen verliehen, die gemeinsam mit Branchenakteuren als \u201eM\u00f6glichmacher\u201c gelten. Unter drei nominierten St\u00e4dten musste sich M\u00f6nchengladbach zwar knapp der Konkurrenz aus Bochum geschlagen geben. Die Botschaft, die das Publikum gleichwohl \u00fcberzeugte: In der Vitusstadt herrscht ein besonders [&hellip;]<\/p>\n","protected":false},"author":3,"featured_media":0,"comment_status":"closed","ping_status":"closed","sticky":false,"template":"","format":"standard","meta":{"_et_pb_use_builder":"","_et_pb_old_content":"","_et_gb_content_width":"","footnotes":""},"categories":[1],"tags":[],"class_list":["post-7482","post","type-post","status-publish","format-standard","hentry","category-allgemein"],"_links":{"self":[{"href":"https:\/\/standort-niederrhein.de\/en\/wp-json\/wp\/v2\/posts\/7482","targetHints":{"allow":["GET"]}}],"collection":[{"href":"https:\/\/standort-niederrhein.de\/en\/wp-json\/wp\/v2\/posts"}],"about":[{"href":"https:\/\/standort-niederrhein.de\/en\/wp-json\/wp\/v2\/types\/post"}],"author":[{"embeddable":true,"href":"https:\/\/standort-niederrhein.de\/en\/wp-json\/wp\/v2\/users\/3"}],"replies":[{"embeddable":true,"href":"https:\/\/standort-niederrhein.de\/en\/wp-json\/wp\/v2\/comments?post=7482"}],"version-history":[{"count":1,"href":"https:\/\/standort-niederrhein.de\/en\/wp-json\/wp\/v2\/posts\/7482\/revisions"}],"predecessor-version":[{"id":7483,"href":"https:\/\/standort-niederrhein.de\/en\/wp-json\/wp\/v2\/posts\/7482\/revisions\/7483"}],"wp:attachment":[{"href":"https:\/\/standort-niederrhein.de\/en\/wp-json\/wp\/v2\/media?parent=7482"}],"wp:term":[{"taxonomy":"category","embeddable":true,"href":"https:\/\/standort-niederrhein.de\/en\/wp-json\/wp\/v2\/categories?post=7482"},{"taxonomy":"post_tag","embeddable":true,"href":"https:\/\/standort-niederrhein.de\/en\/wp-json\/wp\/v2\/tags?post=7482"}],"curies":[{"name":"wp","href":"https:\/\/api.w.org\/{rel}","templated":true}]}}