{"id":7477,"date":"2026-03-08T06:00:00","date_gmt":"2026-03-08T05:00:00","guid":{"rendered":"https:\/\/standort-niederrhein.de\/?p=7477"},"modified":"2026-03-05T10:18:15","modified_gmt":"2026-03-05T09:18:15","slug":"vielfalt-im-wettbewerb-einigkeit-beim-favoriten","status":"publish","type":"post","link":"https:\/\/standort-niederrhein.de\/en\/2026\/03\/08\/vielfalt-im-wettbewerb-einigkeit-beim-favoriten\/","title":{"rendered":"Vielfalt im Wettbewerb, Einigkeit beim Favoriten"},"content":{"rendered":"\n<p><strong>Kleve.<\/strong> Vier kreative K\u00f6pfe \u2013 Ben, Emma, Max und Simon \u2013 hatten unabh\u00e4ngig voneinander dieselbe Idee f\u00fcr das Maskottchen der Landesgartenschau Kleve 2029. Damit teilen sie sich nun auch den ersten Platz im Ideenwettbewerb. Die frohe Botschaft wurde den Sch\u00fcler:innen verschiedener Schulen direkt in den Klassen \u00fcberbracht.<\/p>\n\n\n\n<p>Der Pr\u00e4mierung war eine intensive vierst\u00fcndige Jurysitzung vorausgegangen. Mehrere Hundert kreative Einsendungen von Sch\u00fcler:innen der 1. bis 10. Klasse wurden einzeln gesichtet. Die Ergebnisse einer B\u00fcrgerumfrage flossen dabei als Orientierung ein \u2013 gemeinsam bewertete B\u00fcrgermeister Markus Dahmen mit Vertreter:innen von F\u00f6rderverein, Hochschule, Einzelhandel, Stadtmarketing und Durchf\u00fchrungsgesellschaft. Dahmen w\u00fcrdigt die Vielfalt der Beitr\u00e4ge: \u201eEs ist beeindruckend, mit wie viel Kreativit\u00e4t und echter Verbundenheit zu unserer Stadt die Sch\u00fcler:innen ihre Ideen entwickelt haben. 420 Beitr\u00e4ge \u2013 das ist einfach gro\u00dfartig! Hinter jedem einzelnen stecken Zeit, Ideenreichtum und Engagement. Daf\u00fcr sagen wir von Herzen Danke.\u201c<\/p>\n\n\n\n<p>Bunte Blumen, edle Ritter, Schmetterlinge und Bienen, kugelrunde Wassertropfen \u2013 die 11 Jurymitglieder hatten die Qual der Wahl. Nach ihrer Wertung erreichte die Kategorie \u201eandere Wassertiere\u201c mit Fr\u00f6schen und Ottern den dritten Platz. Platz zwei belegten die \u201eFantasiefiguren\u201c mit farbefrohen Fabelwesen, freundlichen Gie\u00dfkannen und bauchigen Samenk\u00f6rnern. In der B\u00fcrgerumfrage wurde jedoch ein Motiv klar favorisiert: 33 Prozent der 880 Teilnehmenden entschieden sich f\u00fcr die Gruppe der Schw\u00e4ne. \u201eMit 104 Einsendungen waren diese auch unter den eingereichten Ideen am st\u00e4rksten vertreten,\u201c erkl\u00e4rt Marijke Noy, Organisatorin des Wettbewerbs. \u201eAuch in den anderen Kategorien gab es ausgesprochen starke Entw\u00fcrfe \u2013 viele waren geeignet. Am Ende haben jedoch die Klever:innen entschieden: Der Schwan soll es sein.\u201c<\/p>\n\n\n\n<p>Nur welcher? Ein Schwan mit blumigem Federkleid, mit Krone oder Wanderrucksack, Ritterr\u00fcstung, Adelsgewand oder Kleve-Shirt? Die Entscheidenden ber\u00fccksichtigten eine ganze Reihe von Kriterien: erfolgreiche Maskottchen sind pr\u00e4gnant und wiedererkennbar, sympathisch, positiv assoziierend und umsetzbar als lebensgro\u00dfe Figur, Kuscheltier und Zeichnung. Um letzteres sicherzustellen, begleitete eine Vertreterin des zuk\u00fcnftigen Produktionsteams den Auswahlprozess vor Ort. Wichtig zudem: entscheidend ist die Idee selbst, nicht die Qualit\u00e4t der Zeichnung.<\/p>\n\n\n\n<p>Am Ende gab es zwar inhaltlich keine \u00dcberraschung, wohl aber eine formelle: gleich vier Sch\u00fcler:innen \u00fcberzeugten mit einer \u00e4hnlichen Idee.<\/p>\n\n\n\n<p>Ben Hoppe (Klasse 1 \/ Marienschule): \u201eMeine Idee ist ein G\u00e4rtner-Schwan mit Gummistiefeln, Latzhose, Handschuhen, Hut und Gartenrechen.\u201c<\/p>\n\n\n\n<p>Emma Kalkes (Klasse 3 \/ Johanna-Sebus-Grundschule): \u201eIch habe einen Schwan gew\u00e4hlt, der Stiefel in den Klever Farben und eine Sch\u00fcrze im Gr\u00fcn der Natur tr\u00e4gt. Er k\u00fcmmert sich um die sch\u00f6nen Gartenanlagen von Kleve.\u201c<\/p>\n\n\n\n<p>Max Daniel Schmidt (Klasse 3 \/ Marienschule): \u201eIch zeichne einen Schwan mit Strohhut und G\u00e4nsebl\u00fcmchen, gr\u00fcner Latzhose mit Stadtwappen, Stiefeln, Schaufel und Gie\u00dfkanne.\u201c<\/p>\n\n\n\n<p>Simon Aal (Klasse 8 \/ Gesamtschule am Forstgarten): \u201eIn meinem Schwan findet sich das Motto \u201eStadt, Land, Wasser\u201c wieder: Wellenmuster im Federkleid, gr\u00fcnes Shirt mit Laga-Logo, Rucksack und Stadtplan zum Erkunden und Fl\u00fcgel mit Bl\u00fcten und Gie\u00dfkanne.\u201c<\/p>\n\n\n\n<p>Die vier Sch\u00fcler:innen erhielten neben einer Dauerkarte f\u00fcr alle 172 Veranstaltungstage der Landesgartenschau und einem Wertgutschein der Klever Stadtwerke f\u00fcr das Klever Sternbuschbad auch eine Einladung ins Klever Rathaus: Am 11. M\u00e4rz 2026 werden hier die Entw\u00fcrfe pr\u00e4sentiert \u2013 darunter auch schon die erste Produktionszeichnung des Maskottchens, in der sich die Ideen der vier kreativen K\u00f6pfe vereinen. Und im Sommer treffen die Kids ihren Schwan dann als laufende und winkende Figur h\u00f6chstpers\u00f6nlich. Tobias Budde \u2013 ebenfalls Jurymitglied und Klever Karnevalsprinz a.D. \u2013 ist \u00fcberzeugt: \u201eDas Maskottchen wird die Aufmerksamkeit und die Herzen von Gro\u00df und Klein gewinnen!\u201c<\/p>\n\n\n\n<p>Quelle: <a href=\"https:\/\/www.kleve.de\/stadt-kleve\/rathaus-informieren\/aktuelles\/vielfalt-im-wettbewerb-einigkeit-beim-favoriten-das\">Stadt Kleve<\/a><\/p>\n","protected":false},"excerpt":{"rendered":"<p>Kleve. Vier kreative K\u00f6pfe \u2013 Ben, Emma, Max und Simon \u2013 hatten unabh\u00e4ngig voneinander dieselbe Idee f\u00fcr das Maskottchen der Landesgartenschau Kleve 2029. Damit teilen sie sich nun auch den ersten Platz im Ideenwettbewerb. Die frohe Botschaft wurde den Sch\u00fcler:innen verschiedener Schulen direkt in den Klassen \u00fcberbracht. Der Pr\u00e4mierung war eine intensive vierst\u00fcndige Jurysitzung vorausgegangen. [&hellip;]<\/p>\n","protected":false},"author":3,"featured_media":0,"comment_status":"closed","ping_status":"closed","sticky":false,"template":"","format":"standard","meta":{"_et_pb_use_builder":"","_et_pb_old_content":"","_et_gb_content_width":"","footnotes":""},"categories":[1],"tags":[],"class_list":["post-7477","post","type-post","status-publish","format-standard","hentry","category-allgemein"],"_links":{"self":[{"href":"https:\/\/standort-niederrhein.de\/en\/wp-json\/wp\/v2\/posts\/7477","targetHints":{"allow":["GET"]}}],"collection":[{"href":"https:\/\/standort-niederrhein.de\/en\/wp-json\/wp\/v2\/posts"}],"about":[{"href":"https:\/\/standort-niederrhein.de\/en\/wp-json\/wp\/v2\/types\/post"}],"author":[{"embeddable":true,"href":"https:\/\/standort-niederrhein.de\/en\/wp-json\/wp\/v2\/users\/3"}],"replies":[{"embeddable":true,"href":"https:\/\/standort-niederrhein.de\/en\/wp-json\/wp\/v2\/comments?post=7477"}],"version-history":[{"count":1,"href":"https:\/\/standort-niederrhein.de\/en\/wp-json\/wp\/v2\/posts\/7477\/revisions"}],"predecessor-version":[{"id":7478,"href":"https:\/\/standort-niederrhein.de\/en\/wp-json\/wp\/v2\/posts\/7477\/revisions\/7478"}],"wp:attachment":[{"href":"https:\/\/standort-niederrhein.de\/en\/wp-json\/wp\/v2\/media?parent=7477"}],"wp:term":[{"taxonomy":"category","embeddable":true,"href":"https:\/\/standort-niederrhein.de\/en\/wp-json\/wp\/v2\/categories?post=7477"},{"taxonomy":"post_tag","embeddable":true,"href":"https:\/\/standort-niederrhein.de\/en\/wp-json\/wp\/v2\/tags?post=7477"}],"curies":[{"name":"wp","href":"https:\/\/api.w.org\/{rel}","templated":true}]}}