{"id":7472,"date":"2026-03-06T06:00:00","date_gmt":"2026-03-06T05:00:00","guid":{"rendered":"https:\/\/standort-niederrhein.de\/?p=7472"},"modified":"2026-03-05T09:50:42","modified_gmt":"2026-03-05T08:50:42","slug":"studierende-praesentieren-textile-arbeiten-im-deutschen-textilmuseum","status":"publish","type":"post","link":"https:\/\/standort-niederrhein.de\/en\/2026\/03\/06\/studierende-praesentieren-textile-arbeiten-im-deutschen-textilmuseum\/","title":{"rendered":"Studierende pr\u00e4sentieren textile Arbeiten im Deutschen Textilmuseum"},"content":{"rendered":"\n<p><strong>Krefeld\/ M\u00f6nchengladbach.<\/strong> Inspiration f\u00fcr textiles Design findet sich \u00fcberall: in Strukturen, Farben und Materialien unserer Umwelt. F\u00fcr Studierende des Fachbereichs Textil- und Bekleidungstechnik der Hochschule Niederrhein wurde der Wald zur Quelle kreativer Auseinandersetzung. Die daraus entstandenen Arbeiten sind ab dem 1. M\u00e4rz Teil der Ausstellung \u201eSehnsucht Wald\u201c im Deutsches Textilmuseum in Krefeld.\u00a0<\/p>\n\n\n\n<p>Die Zusammenarbeit entstand auf Einladung des Deutschen Textilmuseums und bot den Studierenden neben einem fachlichen Austausch auch die M\u00f6glichkeit, ihre Arbeiten der \u00d6ffentlichkeit zu pr\u00e4sentieren. Im Kurs \u201eEntwurfsanalyse Textil\u201c von Anna Koch, Professorin f\u00fcr Textildesign, setzten sich die Studierenden im vergangenen Wintersemester mit dem Wald als komplexen Lebensraum auseinander. Insgesamt acht Objekte von Studierenden sind im Museum zu sehen.&nbsp;<\/p>\n\n\n\n<p>\u201eDie Inspirationsquellen der Studierenden sind so vielf\u00e4ltig wie der Wald selbst\u201c, sagt Professorin Anna Koch. \u201eSie erkunden Wurzelsysteme und Waldb\u00f6den, greifen die Formen von Pilzen und Insekten auf und setzen sich auch mit der Beziehung zwischen Mensch und Natur auseinander.\u201c&nbsp;<\/p>\n\n\n\n<p>Die Studierenden entwarfen ganz unterschiedliche Ausstellungsst\u00fccke wie Teppiche, Polsterm\u00f6bel oder textile Installationen. Die entstandenen Objekte verbinden \u00e4sthetische Gestaltung mit einer inhaltlichen Reflexion \u00fcber die \u00f6kologische Bedeutung und Verletzlichkeit nat\u00fcrlicher Lebensr\u00e4ume.&nbsp;<\/p>\n\n\n\n<p>Entwickelt wurden die Arbeiten von den Studierenden in den modern ausgestatteten Laboren und Werkst\u00e4tten am Standort M\u00f6nchengladbach der Hochschule. Mit Techniken wie Weben, Tuften, Drucken und experimentellen k\u00fcnstlerischen Verfahren setzten die Studierenden ihre Ideen in textile Objekte um. Das Ergebnis ist eine vielf\u00e4ltige Pr\u00e4sentation, die sowohl die gestalterische Kreativit\u00e4t als auch die technischen Kompetenzen der angehenden Textildesignerinnen und -designer sichtbar macht. Die Ausstellungsst\u00fccke reflektieren die beeindruckende Sch\u00f6nheit und die Artenvielfalt der W\u00e4lder sowie die unerm\u00fcdliche Arbeit der Insekten, die einen bedeutenden Teil des \u00d6kosystems ausmachen.&nbsp;<\/p>\n\n\n\n<p>Die Ausstellung Sehnsucht Wald ist vom 1. M\u00e4rz bis 27. Dezember 2026 im Deutschen Textilmuseum, Andreasmarkt 8, 47809 Krefeld zu sehen. Neben den Arbeiten der Studierenden sind Werke aus Deutschland, Polen, der Slowakei, Spanien und der Ukraine zu sehen.&nbsp;<\/p>\n\n\n\n<p>Quelle: <a href=\"http:\/\/www.hs-niederrhein.de\">Hochschule Niederrhein<\/a><\/p>\n\n\n<figure class=\"wp-block-post-featured-image\"><img loading=\"lazy\" decoding=\"async\" width=\"2000\" height=\"1290\" src=\"https:\/\/standort-niederrhein.de\/wp-content\/uploads\/2026\/03\/2026-03-04-Ausstellung-Sehnsucht-Wald.jpg\" class=\"attachment-post-thumbnail size-post-thumbnail wp-post-image\" alt=\"\" style=\"object-fit:cover;\" srcset=\"https:\/\/standort-niederrhein.de\/wp-content\/uploads\/2026\/03\/2026-03-04-Ausstellung-Sehnsucht-Wald.jpg 2000w, https:\/\/standort-niederrhein.de\/wp-content\/uploads\/2026\/03\/2026-03-04-Ausstellung-Sehnsucht-Wald-1280x826.jpg 1280w, https:\/\/standort-niederrhein.de\/wp-content\/uploads\/2026\/03\/2026-03-04-Ausstellung-Sehnsucht-Wald-980x632.jpg 980w, https:\/\/standort-niederrhein.de\/wp-content\/uploads\/2026\/03\/2026-03-04-Ausstellung-Sehnsucht-Wald-480x310.jpg 480w\" sizes=\"(min-width: 0px) and (max-width: 480px) 480px, (min-width: 481px) and (max-width: 980px) 980px, (min-width: 981px) and (max-width: 1280px) 1280px, (min-width: 1281px) 2000px, 100vw\" \/><\/figure>\n\n\n<p>Foto: Deutsches Textilmuseum Krefeld<\/p>\n","protected":false},"excerpt":{"rendered":"<p>Krefeld\/ M\u00f6nchengladbach. Inspiration f\u00fcr textiles Design findet sich \u00fcberall: in Strukturen, Farben und Materialien unserer Umwelt. F\u00fcr Studierende des Fachbereichs Textil- und Bekleidungstechnik der Hochschule Niederrhein wurde der Wald zur Quelle kreativer Auseinandersetzung. Die daraus entstandenen Arbeiten sind ab dem 1. M\u00e4rz Teil der Ausstellung \u201eSehnsucht Wald\u201c im Deutsches Textilmuseum in Krefeld.\u00a0 Die Zusammenarbeit entstand [&hellip;]<\/p>\n","protected":false},"author":3,"featured_media":7473,"comment_status":"closed","ping_status":"closed","sticky":false,"template":"","format":"standard","meta":{"_et_pb_use_builder":"","_et_pb_old_content":"","_et_gb_content_width":"","footnotes":""},"categories":[1],"tags":[],"class_list":["post-7472","post","type-post","status-publish","format-standard","has-post-thumbnail","hentry","category-allgemein"],"_links":{"self":[{"href":"https:\/\/standort-niederrhein.de\/en\/wp-json\/wp\/v2\/posts\/7472","targetHints":{"allow":["GET"]}}],"collection":[{"href":"https:\/\/standort-niederrhein.de\/en\/wp-json\/wp\/v2\/posts"}],"about":[{"href":"https:\/\/standort-niederrhein.de\/en\/wp-json\/wp\/v2\/types\/post"}],"author":[{"embeddable":true,"href":"https:\/\/standort-niederrhein.de\/en\/wp-json\/wp\/v2\/users\/3"}],"replies":[{"embeddable":true,"href":"https:\/\/standort-niederrhein.de\/en\/wp-json\/wp\/v2\/comments?post=7472"}],"version-history":[{"count":1,"href":"https:\/\/standort-niederrhein.de\/en\/wp-json\/wp\/v2\/posts\/7472\/revisions"}],"predecessor-version":[{"id":7474,"href":"https:\/\/standort-niederrhein.de\/en\/wp-json\/wp\/v2\/posts\/7472\/revisions\/7474"}],"wp:featuredmedia":[{"embeddable":true,"href":"https:\/\/standort-niederrhein.de\/en\/wp-json\/wp\/v2\/media\/7473"}],"wp:attachment":[{"href":"https:\/\/standort-niederrhein.de\/en\/wp-json\/wp\/v2\/media?parent=7472"}],"wp:term":[{"taxonomy":"category","embeddable":true,"href":"https:\/\/standort-niederrhein.de\/en\/wp-json\/wp\/v2\/categories?post=7472"},{"taxonomy":"post_tag","embeddable":true,"href":"https:\/\/standort-niederrhein.de\/en\/wp-json\/wp\/v2\/tags?post=7472"}],"curies":[{"name":"wp","href":"https:\/\/api.w.org\/{rel}","templated":true}]}}