{"id":7406,"date":"2026-02-22T06:00:00","date_gmt":"2026-02-22T05:00:00","guid":{"rendered":"https:\/\/standort-niederrhein.de\/?p=7406"},"modified":"2026-02-19T11:17:10","modified_gmt":"2026-02-19T10:17:10","slug":"das-team-der-stadtteilkoordination-ist-komplett","status":"publish","type":"post","link":"https:\/\/standort-niederrhein.de\/en\/2026\/02\/22\/das-team-der-stadtteilkoordination-ist-komplett\/","title":{"rendered":"Das Team der Stadtteilkoordination ist komplett"},"content":{"rendered":"\n<p><strong>M\u00f6nchengladbach.<\/strong> Seit Anfang November ist das Team der Stadtteilkoordination komplett, um als Schnittstelle zwischen der Verwaltung und B\u00fcrgerinnen und B\u00fcrgern zu agieren. Neben Marius M\u00fcller, der seit 2017 als Stadtteilkoordinator t\u00e4tig ist, haben Leah Blank, Randy Gr\u00f6mling und Anja Schurtzmann ihre Arbeit im vergangenen Sommer aufgenommen. Seit November 2025 besetzt Bet\u00fcl Demirden die Stelle, die sich um die Aufwertung und Belebung des Rheydter Wochenmarkts k\u00fcmmert. Die f\u00fcnf Mitarbeiter*innen, die unter anderem aus den Bereichen Architektur, Stadtplanung, Urbane Systeme, Kulturp\u00e4dagogik, Design und Verwaltung kommen, wollen mit ihrem Stadtteilb\u00fcro Anlaufstelle f\u00fcr alle Menschen in M\u00f6nchengladbach sein.<\/p>\n\n\n\n<p>Die Stadtteilkoordination M\u00f6nchengladbach ist Teil der Sozialplanung und setzt sich f\u00fcr lebenswerte, sozial gerechte und zukunftsf\u00e4hige Stadtteile mit starker Identit\u00e4t ein. Ziel ist es, dass Menschen sich beteiligen, geh\u00f6rt f\u00fchlen und ihre Ressourcen gemeinsam mit Verwaltung, Politik und Zivilgesellschaft f\u00fcr eine nachhaltige Entwicklung einsetzen. Sozialplaner Gerhard Kalter betont: &#8220;Dabei stehen das fr\u00fchzeitige Erkennen von Bedarfen, die St\u00e4rkung des b\u00fcrgerschaftlichen Engagements sowie der Aufbau langfristiger Beteiligungsstrukturen im Mittelpunkt.&#8221;<\/p>\n\n\n\n<p>Im vergangenen Jahr geh\u00f6rte zu den Projekten der Stadtteilkoordination beispielsweise die Unterst\u00fctzung der Akteure der Friedrich-Ebert-Stra\u00dfe bei der Planung und Durchf\u00fchrung des Stra\u00dfenfestes. Mit Hilfe der Stadtteilkoordination stellte im November eine nachbarschaftliche Initiative an der Kruchenstra\u00dfe erstmalig ein Lichterfest der Begegnung zum Martinstag auf die Beine. Auch die im August und Dezember stattgefundenen Kunstausstellungen in den leerstehenden Vitrinen am Tellmannplatz wurden gemeinsam mit der Stadtteilkoordination zu einem Begegnungsort f\u00fcr die Nachbarschaft und Interessierte. Zudem wird die Planungsgruppe der zweimal j\u00e4hrlich stattfindenden Rheydter Gespr\u00e4che vom Team Stadtteilkoordination geleitet. Das Gartenprojekt im Maria-Lenssen-Garten wird ebenfalls durch die Stadtteilkoordination begleitet. &#8220;Besonders bereichernd ist es zu sehen, wie Menschen mit eigenen Ideen zusammenfinden, Gemeinschaft entsteht und neue M\u00f6glichkeiten f\u00fcr die Nachbarschaft wachsen&#8221;, sagt Randy Gr\u00f6mling.<\/p>\n\n\n\n<p>Laut Anja Schurtzmann treffen im Stadtteil demografische Ver\u00e4nderungen und unterschiedliche Interessen direkt aufeinander. Diese Themen lie\u00dfen sich nicht isoliert betrachten, sondern erforderten ganzheitliche L\u00f6sungsans\u00e4tze. Die Arbeit der Stadtteilkoordination sei deshalb kaum auf eine einfache Formel zu bringen und m\u00fcsse immer wieder neu an den jeweiligen Stadtteil angepasst werden. &#8220;Die Ziele der Stadtteilkoordination sind komplex und die Aufgaben sehr vielschichtig&#8221;, erg\u00e4nzt Leah Blank. &#8220;Das h\u00e4ngt mit den vielseitigen Herausforderungen unserer Zeit zusammen, mit denen nahezu alle St\u00e4dte konfrontiert sind.&#8221;<\/p>\n\n\n\n<p>Marius M\u00fcller: &#8220;Ein zentraler Aspekt der Arbeit ist zudem der Raumbezug: Themen wie Leerstand oder Aufenthaltsqualit\u00e4t h\u00e4ngen eng mit sozialen Fragestellungen zusammen. Deshalb st\u00e4rkt das Team Netzwerke und ist neben der Zivilgesellschaft auch mit \u00f6ffentlichen Einrichtungen, Handel, Vereinen und weiteren lokalen Akteurinnen und Akteuren im Austausch, um die Perspektiven der Menschen vor Ort umfassend zu ber\u00fccksichtigen.&#8221;<\/p>\n\n\n\n<p>Derzeit liegt der Schwerpunkt auf dem Stadtteil Rheydt. Grunds\u00e4tzlich ist das Team jedoch f\u00fcr ganz M\u00f6nchengladbach zust\u00e4ndig. Dabei bilden die soziodemografischen Daten des Sozialberichts eine wichtige Grundlage f\u00fcr die gezielte Arbeit in den Stadtteilen.<\/p>\n\n\n\n<p>Ein wesentliches Projekt der Stadtteilkoordination ist die Bespielung des Rheydter Wochenmarktes. Bet\u00fcl Demirden plant unter anderem gemeinsam mit engagierten Akteursgruppen im Stadtteil ein w\u00f6chentliches Kulturprogramm von Mai bis Oktober, welches \u00fcber das bis Ende 2026 verf\u00fcgbare Marktbudget finanziert wird. Erg\u00e4nzend sorgen tempor\u00e4re Sitzgelegenheiten, kleinere gastronomische Angebote und der sogenannte &#8220;Schwaadjang&#8221; f\u00fcr M\u00f6glichkeiten zum Verweilen. Ziel ist es, den Wochenmarkt nicht nur als Einkaufsort, sondern auch als Raum f\u00fcr zuf\u00e4llige Begegnungen und Treffpunkt zu etablieren. Veranstaltungen wie der &#8220;Weingarten unter den Platanen&#8221; schaffen genau diese Atmosph\u00e4re, in Begleitung von feinem Wein und stimmungsvoller Musik wird der Wochenmarkt zu einem besonderen Erlebnis. &#8220;Ich sehe uns als Raumkurator*innen&#8221;, sagt Bet\u00fcl Demirden. &#8220;Wir verwandeln die verschiedenen R\u00e4ume unserer Stadt in eine sichtbare und vor allem greifbare Erfahrung. So auch den Markt.&#8221; Die Teammitglieder freuen sich, wenn interessierte B\u00fcrgerinnen und B\u00fcrger \u00fcber die Website Kontakt aufnehmen. Rheydterinnen und Rheydter k\u00f6nnen das Team zudem bei den n\u00e4chsten Rheydter Gespr\u00e4chen am 26. M\u00e4rz 2026 kennenlernen.<\/p>\n\n\n\n<p>Alle Kontaktdaten und mehr Informationen \u00fcber das Team und die Arbeit der Stadtteilkoordination finden Sie auf der st\u00e4dtischen Website oder dem Instagramaccount &#8220;stadtteilkoordination_mg&#8221;.<\/p>\n\n\n\n<p>Quelle: <a href=\"http:\/\/www.moenchengladbach.de\">Stadt M\u00f6nchengladbach<\/a><\/p>\n\n\n<figure class=\"wp-block-post-featured-image\"><img loading=\"lazy\" decoding=\"async\" width=\"1000\" height=\"562\" src=\"https:\/\/standort-niederrhein.de\/wp-content\/uploads\/2026\/02\/314632P.jpg\" class=\"attachment-post-thumbnail size-post-thumbnail wp-post-image\" alt=\"\" style=\"object-fit:cover;\" srcset=\"https:\/\/standort-niederrhein.de\/wp-content\/uploads\/2026\/02\/314632P.jpg 1000w, https:\/\/standort-niederrhein.de\/wp-content\/uploads\/2026\/02\/314632P-980x551.jpg 980w, https:\/\/standort-niederrhein.de\/wp-content\/uploads\/2026\/02\/314632P-480x270.jpg 480w\" sizes=\"(min-width: 0px) and (max-width: 480px) 480px, (min-width: 481px) and (max-width: 980px) 980px, (min-width: 981px) 1000px, 100vw\" \/><\/figure>\n\n\n<p>Das Team der Stadtteilkoordination | Foto: Stadt M\u00f6nchengladbach\/ Jara Reker<\/p>\n","protected":false},"excerpt":{"rendered":"<p>M\u00f6nchengladbach. Seit Anfang November ist das Team der Stadtteilkoordination komplett, um als Schnittstelle zwischen der Verwaltung und B\u00fcrgerinnen und B\u00fcrgern zu agieren. Neben Marius M\u00fcller, der seit 2017 als Stadtteilkoordinator t\u00e4tig ist, haben Leah Blank, Randy Gr\u00f6mling und Anja Schurtzmann ihre Arbeit im vergangenen Sommer aufgenommen. Seit November 2025 besetzt Bet\u00fcl Demirden die Stelle, die [&hellip;]<\/p>\n","protected":false},"author":3,"featured_media":7407,"comment_status":"closed","ping_status":"closed","sticky":false,"template":"","format":"standard","meta":{"_et_pb_use_builder":"","_et_pb_old_content":"","_et_gb_content_width":"","footnotes":""},"categories":[1],"tags":[],"class_list":["post-7406","post","type-post","status-publish","format-standard","has-post-thumbnail","hentry","category-allgemein"],"_links":{"self":[{"href":"https:\/\/standort-niederrhein.de\/en\/wp-json\/wp\/v2\/posts\/7406","targetHints":{"allow":["GET"]}}],"collection":[{"href":"https:\/\/standort-niederrhein.de\/en\/wp-json\/wp\/v2\/posts"}],"about":[{"href":"https:\/\/standort-niederrhein.de\/en\/wp-json\/wp\/v2\/types\/post"}],"author":[{"embeddable":true,"href":"https:\/\/standort-niederrhein.de\/en\/wp-json\/wp\/v2\/users\/3"}],"replies":[{"embeddable":true,"href":"https:\/\/standort-niederrhein.de\/en\/wp-json\/wp\/v2\/comments?post=7406"}],"version-history":[{"count":1,"href":"https:\/\/standort-niederrhein.de\/en\/wp-json\/wp\/v2\/posts\/7406\/revisions"}],"predecessor-version":[{"id":7408,"href":"https:\/\/standort-niederrhein.de\/en\/wp-json\/wp\/v2\/posts\/7406\/revisions\/7408"}],"wp:featuredmedia":[{"embeddable":true,"href":"https:\/\/standort-niederrhein.de\/en\/wp-json\/wp\/v2\/media\/7407"}],"wp:attachment":[{"href":"https:\/\/standort-niederrhein.de\/en\/wp-json\/wp\/v2\/media?parent=7406"}],"wp:term":[{"taxonomy":"category","embeddable":true,"href":"https:\/\/standort-niederrhein.de\/en\/wp-json\/wp\/v2\/categories?post=7406"},{"taxonomy":"post_tag","embeddable":true,"href":"https:\/\/standort-niederrhein.de\/en\/wp-json\/wp\/v2\/tags?post=7406"}],"curies":[{"name":"wp","href":"https:\/\/api.w.org\/{rel}","templated":true}]}}