{"id":7403,"date":"2026-02-21T06:00:00","date_gmt":"2026-02-21T05:00:00","guid":{"rendered":"https:\/\/standort-niederrhein.de\/?p=7403"},"modified":"2026-02-19T11:04:20","modified_gmt":"2026-02-19T10:04:20","slug":"isek-wird-konkret-innenstadtmanagement-nimmt-seine-arbeit-auf","status":"publish","type":"post","link":"https:\/\/standort-niederrhein.de\/en\/2026\/02\/21\/isek-wird-konkret-innenstadtmanagement-nimmt-seine-arbeit-auf\/","title":{"rendered":"ISEK wird konkret \u2013 Innenstadtmanagement nimmt seine Arbeit auf"},"content":{"rendered":"\n<p><strong>Goch. <\/strong>Startschuss im Rathaus: Das Team des Innenstadtmanagement hat heute sein B\u00fcro bezogen und so beginnt nun der n\u00e4chste wichtige Schritt in Richtung Umsetzung des \u201eIntegrierten St\u00e4dtebaulichen Entwicklungskonzepts (ISEK) \u2013 Lebendiges Goch am Blau-Gr\u00fcnen-Band\u201c. Ziel ist es, die im ISEK formulierten Ma\u00dfnahmen und Entwicklungsziele in den kommenden Jahren strukturiert und im engen Austausch mit lokalen Akteurinnen und Akteuren umzusetzen.<\/p>\n\n\n\n<p><strong>Wer sind die Ansprechpartnerinnen?<\/strong><br>Mit der Durchf\u00fchrung wurde das Dortmunder B\u00fcro \u201eStadt + Handel\u201c beauftragt. Das Team, bestehend aus Lena K\u00f6nig und Corinna Joppien \u00fcbernimmt k\u00fcnftig eine zentrale Rolle in der Innenstadtentwicklung: Es ist Anlaufstelle f\u00fcr Fragen rund um die Innenstadt, organisiert Beteiligungsformate und begleitet die Umsetzung konkreter Ma\u00dfnahmen. B\u00fcrgermeister Stephan Luyven hat Lena K\u00f6nig und Corinna Joppien in Goch willkommen gehei\u00dfen. \u201eJetzt geht es wirklich ganz konkret los. Ich freue mich auf die Zusammenarbeit und vor allem auf die Ideen und Anregungen, die unsere B\u00fcrgerinnen und B\u00fcrger einbringen\u201c, so der B\u00fcrgermeister.<\/p>\n\n\n\n<p><strong>Was macht das Innenstadtmanagement?<\/strong><br>Zu Beginn steht f\u00fcr das Innenstadtmanagement vor allem eines im Mittelpunkt: zuh\u00f6ren und verstehen. Welche Themen bewegen Handel und Eigent\u00fcmerschaft? Welche Erwartungen haben B\u00fcrgerinnen und B\u00fcrger an ihre Innenstadt? Welche Zielgruppen m\u00fcssen wie beteiligt werden? In den kommenden Monaten wird das Team gezielt Gespr\u00e4che f\u00fchren, bestehende Initiativen kennenlernen und Strukturen erfassen. Ziel ist es, Chancen und Herausforderungen klar zu benennen und gemeinsam Priorit\u00e4ten zu definieren. Dar\u00fcber hinaus stellt sich das Innenstadtmanagement gemeinsam mit Politik und Stadtgesellschaft zentralen Fragen. Wie soll und kann die Innenstadt von morgen aussehen? Welche Schritte muss Goch gehen, um zukunftsf\u00e4hig, lebendig und attraktiv zu bleiben? Wie k\u00f6nnen Aufenthaltsqualit\u00e4t, Wirtschaftskraft und Lebensqualit\u00e4t gleicherma\u00dfen gest\u00e4rkt werden? Corinna Joppien: \u201eEine lebendige Innenstadt entsteht im Dialog. Gerade wenn bauliche Ver\u00e4nderungen anstehen, ist transparente und fr\u00fchzeitige Kommunikation entscheidend.\u201c<\/p>\n\n\n\n<p>Das ISEK bildet hierf\u00fcr den strategischen Rahmen. Im Fokus stehen unter anderem die Aufwertung zentraler Pl\u00e4tze wie Marktplatz, Klosterplatz und Steintorplatz, die Qualifizierung \u00f6ffentlicher R\u00e4ume f\u00fcr Begegnung, Spiel und Aufenthalt, die st\u00e4rkere Vernetzung von Gr\u00fcn- und Wasserbereichen im Sinne des \u201eBlau-Gr\u00fcnen-Bandes\u201c sowie die F\u00f6rderung von Handel, Gastronomie, Kultur und b\u00fcrgerschaftlichem Engagement. Ziel ist eine nachhaltige und schrittweise Weiterentwicklung der Innenstadt mit klaren Prozessen und einer engen Einbindung der lokalen Akteurinnen und Akteure. Alle Informationen zum ISEK gibt es auf\u00a0<a href=\"https:\/\/www.goch.de\/isek\">hier<\/a>. <\/p>\n\n\n\n<p>Quelle: <a href=\"https:\/\/www.goch.de\/rathaus-buergerservice\/goch-aktuell\/isek-wird-konkret-innenstadtmanagement-nimmt-seine-arbeit-auf\" data-type=\"link\" data-id=\"https:\/\/www.goch.de\/rathaus-buergerservice\/goch-aktuell\/isek-wird-konkret-innenstadtmanagement-nimmt-seine-arbeit-auf\">Stadt Goch<\/a><\/p>\n\n\n<figure class=\"wp-block-post-featured-image\"><img loading=\"lazy\" decoding=\"async\" width=\"1980\" height=\"1319\" src=\"https:\/\/standort-niederrhein.de\/wp-content\/uploads\/2026\/02\/start_innenstadtmanagement_2602.jpg.webp\" class=\"attachment-post-thumbnail size-post-thumbnail wp-post-image\" alt=\"\" style=\"object-fit:cover;\" srcset=\"https:\/\/standort-niederrhein.de\/wp-content\/uploads\/2026\/02\/start_innenstadtmanagement_2602.jpg.webp 1980w, https:\/\/standort-niederrhein.de\/wp-content\/uploads\/2026\/02\/start_innenstadtmanagement_2602.jpg-1280x853.webp 1280w, https:\/\/standort-niederrhein.de\/wp-content\/uploads\/2026\/02\/start_innenstadtmanagement_2602.jpg-980x653.webp 980w, https:\/\/standort-niederrhein.de\/wp-content\/uploads\/2026\/02\/start_innenstadtmanagement_2602.jpg-480x320.webp 480w\" sizes=\"(min-width: 0px) and (max-width: 480px) 480px, (min-width: 481px) and (max-width: 980px) 980px, (min-width: 981px) and (max-width: 1280px) 1280px, (min-width: 1281px) 1980px, 100vw\" \/><\/figure>\n\n\n<p>Von links: B\u00fcrgermeister Stephan Luyven sowie Lena K\u00f6nig und Corinna Joppien vom Innenstadtmanagement | Foto: Katrin D\u00fcngel<\/p>\n","protected":false},"excerpt":{"rendered":"<p>Goch. Startschuss im Rathaus: Das Team des Innenstadtmanagement hat heute sein B\u00fcro bezogen und so beginnt nun der n\u00e4chste wichtige Schritt in Richtung Umsetzung des \u201eIntegrierten St\u00e4dtebaulichen Entwicklungskonzepts (ISEK) \u2013 Lebendiges Goch am Blau-Gr\u00fcnen-Band\u201c. Ziel ist es, die im ISEK formulierten Ma\u00dfnahmen und Entwicklungsziele in den kommenden Jahren strukturiert und im engen Austausch mit lokalen [&hellip;]<\/p>\n","protected":false},"author":3,"featured_media":7404,"comment_status":"closed","ping_status":"closed","sticky":false,"template":"","format":"standard","meta":{"_et_pb_use_builder":"","_et_pb_old_content":"","_et_gb_content_width":"","footnotes":""},"categories":[1],"tags":[],"class_list":["post-7403","post","type-post","status-publish","format-standard","has-post-thumbnail","hentry","category-allgemein"],"_links":{"self":[{"href":"https:\/\/standort-niederrhein.de\/en\/wp-json\/wp\/v2\/posts\/7403","targetHints":{"allow":["GET"]}}],"collection":[{"href":"https:\/\/standort-niederrhein.de\/en\/wp-json\/wp\/v2\/posts"}],"about":[{"href":"https:\/\/standort-niederrhein.de\/en\/wp-json\/wp\/v2\/types\/post"}],"author":[{"embeddable":true,"href":"https:\/\/standort-niederrhein.de\/en\/wp-json\/wp\/v2\/users\/3"}],"replies":[{"embeddable":true,"href":"https:\/\/standort-niederrhein.de\/en\/wp-json\/wp\/v2\/comments?post=7403"}],"version-history":[{"count":1,"href":"https:\/\/standort-niederrhein.de\/en\/wp-json\/wp\/v2\/posts\/7403\/revisions"}],"predecessor-version":[{"id":7405,"href":"https:\/\/standort-niederrhein.de\/en\/wp-json\/wp\/v2\/posts\/7403\/revisions\/7405"}],"wp:featuredmedia":[{"embeddable":true,"href":"https:\/\/standort-niederrhein.de\/en\/wp-json\/wp\/v2\/media\/7404"}],"wp:attachment":[{"href":"https:\/\/standort-niederrhein.de\/en\/wp-json\/wp\/v2\/media?parent=7403"}],"wp:term":[{"taxonomy":"category","embeddable":true,"href":"https:\/\/standort-niederrhein.de\/en\/wp-json\/wp\/v2\/categories?post=7403"},{"taxonomy":"post_tag","embeddable":true,"href":"https:\/\/standort-niederrhein.de\/en\/wp-json\/wp\/v2\/tags?post=7403"}],"curies":[{"name":"wp","href":"https:\/\/api.w.org\/{rel}","templated":true}]}}