{"id":7389,"date":"2026-02-14T07:00:00","date_gmt":"2026-02-14T06:00:00","guid":{"rendered":"https:\/\/standort-niederrhein.de\/?p=7389"},"modified":"2026-02-17T10:06:20","modified_gmt":"2026-02-17T09:06:20","slug":"david-zuelow-unternehmer-des-jahres-2025","status":"publish","type":"post","link":"https:\/\/standort-niederrhein.de\/en\/2026\/02\/14\/david-zuelow-unternehmer-des-jahres-2025\/","title":{"rendered":"David Z\u00fclow: \u201eUnternehmer des Jahres 2025\u201c"},"content":{"rendered":"\n<p><strong>Rhein-Kreis Neuss.<\/strong> Die Mittelstands- und Wirtschaftsunion (MIT) der CDU Neuss w\u00e4hlte David Z\u00fclow, Vorstand der Z\u00fclow AG, einem Neusser Handwerksbetrieb in der Elektrokommunikation, zum \u201eUnternehmer des Jahres 2025\u201c.<\/p>\n\n\n\n<p>\u201eDavid Z\u00fclow hat gezeigt, wie man einen Handwerksbetrieb in der Elektrokommunikation \u2013 trotz schwankender Konjunktur und Fachkr\u00e4ftemangel \u2013 langfristig erfolgreich f\u00fchren kann\u201c, betonte Stefan Arcularius, Vorsitzender der MIT Neuss, der die Veranstaltung vor rund 40 G\u00e4sten auf Gut Gnadental, dem Firmensitz des Familienunternehmens Z\u00fclow, er\u00f6ffnete.<\/p>\n\n\n\n<p>Die Laudatio auf den Preistr\u00e4ger hielt Dirk Br\u00fcgge, Direktor des Rhein-Kreises Neuss. Dirk Br\u00fcgge: \u201eMit David Z\u00fclow wird heute ein Unternehmer geehrt, der zugleich exemplarisch f\u00fcr das steht, was den Mittelstand und die Familienunternehmen in unserem Land \u2013 und ganz besonders in unserer Region \u2013 auszeichnet: Verantwortung, Verl\u00e4sslichkeit, Innovationskraft und tiefe Verbundenheit mit den Menschen vor Ort.\u201c<\/p>\n\n\n\n<p>David Z\u00fclow, so Br\u00fcgge, sei dar\u00fcber hinaus ein echter Tausendsassa und ein Schwergewicht, dessen Fachwissen landes- und bundesweit gefragt sei. Und, was er sehr sch\u00e4tze, ein Freund offener Worte: \u201eDavid Z\u00fclow spricht auch Themen an, die nicht popul\u00e4r sind.\u201c Er scheue auch keinen Widerspruch, sondern fordere ihn manchmal sogar bewusst heraus, um etwas bewegen zu k\u00f6nnen. Seine Stimme werde geh\u00f6rt.<\/p>\n\n\n\n<p>Weiter lobte Br\u00fcgge das vielf\u00e4ltige Engagement der Familie Z\u00fclow, etwa im zdi-Netzwerk Rhein-Kreis Neuss, in dem man sich gemeinsam daf\u00fcr stark mache, junge Menschen f\u00fcr die MINT-Berufe zu begeistern, bei \u201eKompass D\u201c, einer gemeinsamen Initiative von Unternehmen, der Stadt Neuss sowie dem Rhein-Kreis Neuss, die sich daf\u00fcr einsetzt, junge Menschen ohne Schulabschluss, ganz gleich welcher Herkunft, ausbildungsf\u00e4hig zu machen, oder auch in der von Firmengr\u00fcnder Burkhard Z\u00fclow ins Leben gerufenen Tandem-Stiftung f\u00fcr Inklusion und Integration sowie im Wasserstoff Hub Rhein-Kreis Neuss \/ Rheinland e. V..<\/p>\n\n\n\n<p>Fazit: Der Name \u201eZ\u00fclow\u201c ist eng verbunden mit dem Rhein-Kreis Neuss und der Region. Das Engagement, mit dem die Familie Z\u00fclow sich zum Wohl ihrer Heimat einsetzt, ist au\u00dferordentlich.<\/p>\n\n\n\n<p>Im weiteren Verlauf der Veranstaltung gab es einen Impulsvortrag von Thomas Ose, Gesch\u00e4ftsf\u00fchrer des Modehauses Heinemann, der \u00fcber das Thema \u201eEinzelhandel versus Online-Handel\u201c sprach. Der Abend klang mit einem Get-together aus.<\/p>\n\n\n\n<p><strong>\u00dcber die Z\u00fclow AG<\/strong><br>Die Z\u00fclow AG ist ein Dienstleistungsunternehmen der Elektrobranche und seit seiner\u00a0Gr\u00fcndung 1971 ein eigent\u00fcmergef\u00fchrtes Familienunternehmen am Standort Neuss.\u00a0Heute sind rund 350 Mitarbeiter im Unternehmen besch\u00e4ftigt.<\/p>\n\n\n\n<p>Quelle: J\u00f6rg Schwarz<\/p>\n\n\n<figure class=\"wp-block-post-featured-image\"><img loading=\"lazy\" decoding=\"async\" width=\"1512\" height=\"2016\" src=\"https:\/\/standort-niederrhein.de\/wp-content\/uploads\/2026\/02\/IMG_3807-rotated.jpg\" class=\"attachment-post-thumbnail size-post-thumbnail wp-post-image\" alt=\"\" style=\"object-fit:cover;\" srcset=\"https:\/\/standort-niederrhein.de\/wp-content\/uploads\/2026\/02\/IMG_3807-rotated.jpg 1512w, https:\/\/standort-niederrhein.de\/wp-content\/uploads\/2026\/02\/IMG_3807-1280x1707.jpg 1280w, https:\/\/standort-niederrhein.de\/wp-content\/uploads\/2026\/02\/IMG_3807-980x1307.jpg 980w, https:\/\/standort-niederrhein.de\/wp-content\/uploads\/2026\/02\/IMG_3807-480x640.jpg 480w\" sizes=\"(min-width: 0px) and (max-width: 480px) 480px, (min-width: 481px) and (max-width: 980px) 980px, (min-width: 981px) and (max-width: 1280px) 1280px, (min-width: 1281px) 1512px, 100vw\" \/><\/figure>\n\n\n<p>Von links: Kreisdirektor Dirk Br\u00fcgge, \u201eUnternehmer des Jahres\u201c David Z\u00fclow, MIT-Gesch\u00e4ftsf\u00fchrerin B\u00e4rbel Kohler und MIT-Vorsitzender Stefan Arcularius | Foto: Z\u00fclow AG<\/p>\n","protected":false},"excerpt":{"rendered":"<p>Rhein-Kreis Neuss. Die Mittelstands- und Wirtschaftsunion (MIT) der CDU Neuss w\u00e4hlte David Z\u00fclow, Vorstand der Z\u00fclow AG, einem Neusser Handwerksbetrieb in der Elektrokommunikation, zum \u201eUnternehmer des Jahres 2025\u201c. \u201eDavid Z\u00fclow hat gezeigt, wie man einen Handwerksbetrieb in der Elektrokommunikation \u2013 trotz schwankender Konjunktur und Fachkr\u00e4ftemangel \u2013 langfristig erfolgreich f\u00fchren kann\u201c, betonte Stefan Arcularius, Vorsitzender der [&hellip;]<\/p>\n","protected":false},"author":3,"featured_media":7390,"comment_status":"closed","ping_status":"closed","sticky":false,"template":"","format":"standard","meta":{"_et_pb_use_builder":"","_et_pb_old_content":"","_et_gb_content_width":"","footnotes":""},"categories":[1],"tags":[],"class_list":["post-7389","post","type-post","status-publish","format-standard","has-post-thumbnail","hentry","category-allgemein"],"_links":{"self":[{"href":"https:\/\/standort-niederrhein.de\/en\/wp-json\/wp\/v2\/posts\/7389","targetHints":{"allow":["GET"]}}],"collection":[{"href":"https:\/\/standort-niederrhein.de\/en\/wp-json\/wp\/v2\/posts"}],"about":[{"href":"https:\/\/standort-niederrhein.de\/en\/wp-json\/wp\/v2\/types\/post"}],"author":[{"embeddable":true,"href":"https:\/\/standort-niederrhein.de\/en\/wp-json\/wp\/v2\/users\/3"}],"replies":[{"embeddable":true,"href":"https:\/\/standort-niederrhein.de\/en\/wp-json\/wp\/v2\/comments?post=7389"}],"version-history":[{"count":2,"href":"https:\/\/standort-niederrhein.de\/en\/wp-json\/wp\/v2\/posts\/7389\/revisions"}],"predecessor-version":[{"id":7392,"href":"https:\/\/standort-niederrhein.de\/en\/wp-json\/wp\/v2\/posts\/7389\/revisions\/7392"}],"wp:featuredmedia":[{"embeddable":true,"href":"https:\/\/standort-niederrhein.de\/en\/wp-json\/wp\/v2\/media\/7390"}],"wp:attachment":[{"href":"https:\/\/standort-niederrhein.de\/en\/wp-json\/wp\/v2\/media?parent=7389"}],"wp:term":[{"taxonomy":"category","embeddable":true,"href":"https:\/\/standort-niederrhein.de\/en\/wp-json\/wp\/v2\/categories?post=7389"},{"taxonomy":"post_tag","embeddable":true,"href":"https:\/\/standort-niederrhein.de\/en\/wp-json\/wp\/v2\/tags?post=7389"}],"curies":[{"name":"wp","href":"https:\/\/api.w.org\/{rel}","templated":true}]}}