{"id":7386,"date":"2026-02-16T07:00:00","date_gmt":"2026-02-16T06:00:00","guid":{"rendered":"https:\/\/standort-niederrhein.de\/?p=7386"},"modified":"2026-02-17T09:59:38","modified_gmt":"2026-02-17T08:59:38","slug":"ki-kann-produktivitaet-im-unternehmen-steigern","status":"publish","type":"post","link":"https:\/\/standort-niederrhein.de\/en\/2026\/02\/16\/ki-kann-produktivitaet-im-unternehmen-steigern\/","title":{"rendered":"KI kann Produktivit\u00e4t im Unternehmen steigern"},"content":{"rendered":"\n<p><strong>Kreis Kleve\/ Rheurdt\/ Issum. <\/strong>F\u00fcr die einen bedeutet K\u00fcnstliche Intelligenz bereits heute schon eine enorme Arbeitserleichterung, andere stehen der KI skeptisch gegen\u00fcber oder k\u00f6nnen damit (noch) nichts anfangen. Welche Chancen KI vor allem kleinen und mittelst\u00e4ndischen Unternehmen bietet, erfuhren zahlreiche G\u00e4ste nun beim Unternehmerfr\u00fchst\u00fcck der Wirtschaftsf\u00f6rderung Kreis Kleve f\u00fcr die Gemeinden Rheurdt und Issum. Im Restaurant Zur Post in Rheurdt lautete das Motto: \u201eK\u00fcnstliche Intelligenz: Potenziale f\u00fcr KMU\u201c.<strong>\u00a0\u00a0<\/strong>\u00a0<\/p>\n\n\n\n<p>Zun\u00e4chst wurden die Teilnehmenden von Dirk Ketelaers, B\u00fcrgermeister der Gemeinde Rheurdt, und Alexander Alberts, B\u00fcrgermeister der Gemeinde Issum, begr\u00fc\u00dft. Ketelaers zeigte sich erfreut, dass in Rheurdt das Zusammenspiel zwischen Verwaltung und Wirtschaft gut funktioniere: \u201eIn unserer Gemeinde gibt es kurze Wege zwischen Rathaus und Unternehmen\u201c, so der B\u00fcrgermeister. &nbsp;Aktuell sehe er zwar, wie in anderen Kommunen auch, viele Herausforderungen wie hohe Energiepreise, \u00fcberbordende B\u00fcrokratie und fehlende Fachkr\u00e4fte. \u201eAber es gibt viele Wege, voneinander zu lernen\u201c, sagte Ketelaers. Eine M\u00f6glichkeit, f\u00fcr mehr Wachstum zu sorgen, ergebe sich durch die Erweiterung des Gewerbegebietes in Schaephuysen. \u201eDort entstehen in den n\u00e4chsten Jahren rund zwei Hektar zus\u00e4tzliche Fl\u00e4che\u201c, so der B\u00fcrgermeister. Auch in Issum wird viel investiert, etwa in das Freibad, eine neue Fahrzeughalle f\u00fcr die DLRG und in die Modernisierung des Rathauses. \u201eWir beginnen mit den Planungen f\u00fcr das Sportplatzgel\u00e4nde Sevelen, errichten eine Unterkunft f\u00fcr Gefl\u00fcchtete in Sevelen und gehen auch die Erschlie\u00dfung des dortigen Neubaugebiets an\u201c, sagte B\u00fcrgermeister Alberts. Gut angenommen werde die App der Gemeinde Issum und das neue Gemeindemagazin. Kreisweite Entwicklungen erfuhren die G\u00e4ste dann von Brigitte Jansen, der Gesch\u00e4ftsf\u00fchrerin der Wirtschaftsf\u00f6rderung Kreis Kleve, die die Aufgabengebiete und vielf\u00e4ltigen Aktivit\u00e4ten der Kreis-WFG vorstellte.<\/p>\n\n\n\n<p>Ren\u00e9 Gichtbrock, Partner bei der KPP Steuerberatungsgesellschaft mbH aus Kleve, sowie Gerrit R\u00f6hl, IT\u2013Manager bei KPP, hielten anschlie\u00dfend einen Keynote-Vortrag mit dem Titel: \u201eKI verstehen und nutzen: Ein Kompass f\u00fcr KMU\u201c. Die G\u00e4ste erfuhren dabei, wie KI in verschiedene Branchen genutzt wird, welches Potenzial es noch zu heben gibt und welche rechtlichen Aspekte Unternehmen beachten sollten.<\/p>\n\n\n\n<p>In einer Gespr\u00e4chsrunde, moderiert durch Andrea, ging es darum, wie lokale Unternehmerinnen und Unternehmer KI in ihren Firmen einsetzen und welche Erfahrungen sie damit gesammelt haben. Gespr\u00e4chspartner waren Sebastian Ingendahl, Inhaber der Elektrotechnik Ingendahl, Jan Laufk\u00f6tter, Gesch\u00e4ftsf\u00fchrer der UVND Technology e.K., und Ren\u00e9 Gichtbrock von KPP. &nbsp;&nbsp;Ingendahl bietet Elektroninstallationen aller Art f\u00fcr Gewerbe- und Privatkunden an. Seine 2008 gegr\u00fcndete Firma besch\u00e4ftigt aktuell f\u00fcnf Mitarbeitende. K\u00fcnstliche Intelligenz nutzt Ingendahl vor allem im Bereich der Kundenkommunikation. Das Unternehmen \u201ebesch\u00e4ftigt\u201c KI-Agentin Petra, die Anrufe entgegennimmt, wenn die Leitungen ausgelastet sind oder der Chef gerade nicht ans Telefon gehen kann. K\u00fcnftig m\u00f6chte die Rheurdter Firma KI auch f\u00fcr Kommunikation per E-Mail und die Organisation von Arbeitsabl\u00e4ufen nutzen. Sein Rat an alle Unternehmerinnen und Unternehmer: \u201eProbieren sie die M\u00f6glichkeiten der KI einfach aus. Die Chance ist gro\u00df, dass K\u00fcnstliche Intelligenz f\u00fcr Sie hilfreich ist.\u201c<\/p>\n\n\n\n<p>Die UVND Technology von Jan Laufk\u00f6tter betriebt KI auf eigenen Servern und unterst\u00fctzt Unternehmen dabei, die Vorteile der k\u00fcnstlichen Intelligenz (KI) zu nutzen. Laufk\u00f6tter ist \u00fcberzeugt: \u201eWer jetzt nicht mit KI startet, ist hintenan. Unternehmen k\u00f6nnen durch KI an Effizienz gewinnen und Zeit sparen.\u201c Wichtig sei, \u201edigitale Souver\u00e4nit\u00e4t\u201c zu bewahren. \u201eMan kann KI auch lokal betreiben, ohne, dass Daten ablie\u00dfen\u201c, sagte Laufk\u00f6tter. Auch Ren\u00e9 Gichtbrock betonte: \u201eDaten sind f\u00fcr uns das h\u00f6chste Gut und m\u00fcssen sicher sein.\u201c Seine Empfehlung an die G\u00e4ste: \u201eHaben Sie keine Angst vor KI und gehen Sie stattdessen offen an das Thema heran. Ich bin sicher, dass KI zu Arbeitserleichterungen f\u00fchrt\u201c.<\/p>\n\n\n\n<p>Abschlie\u00dfend nutzten die G\u00e4ste das Unternehmerfr\u00fchst\u00fcck noch, um sich bei Kaffee und belegten Br\u00f6tchen zum Thema K\u00fcnstliche Intelligenz auszutauschen und Kontakte zu pflegen sowie neue zu kn\u00fcpfen.<\/p>\n\n\n\n<p>Quelle: <a href=\"http:\/\/www.wfg-kreis-kleve.de\">WFG Kreis Kleve<\/a><\/p>\n\n\n<figure class=\"wp-block-post-featured-image\"><img loading=\"lazy\" decoding=\"async\" width=\"2400\" height=\"1600\" src=\"https:\/\/standort-niederrhein.de\/wp-content\/uploads\/2026\/02\/UF-Issum-Rheurdt_PI.jpg\" class=\"attachment-post-thumbnail size-post-thumbnail wp-post-image\" alt=\"\" style=\"object-fit:cover;\" srcset=\"https:\/\/standort-niederrhein.de\/wp-content\/uploads\/2026\/02\/UF-Issum-Rheurdt_PI.jpg 2400w, https:\/\/standort-niederrhein.de\/wp-content\/uploads\/2026\/02\/UF-Issum-Rheurdt_PI-1280x853.jpg 1280w, https:\/\/standort-niederrhein.de\/wp-content\/uploads\/2026\/02\/UF-Issum-Rheurdt_PI-980x653.jpg 980w, https:\/\/standort-niederrhein.de\/wp-content\/uploads\/2026\/02\/UF-Issum-Rheurdt_PI-480x320.jpg 480w\" sizes=\"(min-width: 0px) and (max-width: 480px) 480px, (min-width: 481px) and (max-width: 980px) 980px, (min-width: 981px) and (max-width: 1280px) 1280px, (min-width: 1281px) 2400px, 100vw\" \/><\/figure>\n\n\n<p>Beim Unternehmerfr\u00fchst\u00fcck im Restaurant Zur Post (von links): Andrea Franken (Moderatorin), Dirk Ketelaers (B\u00fcrgermeister Gemeinde Rheurdt), Gerrit R\u00f6hl (KPP Steuerberatungsgesellschaft mbH), Brigitte Jansen (Gesch\u00e4ftsf\u00fchrerin WFG Kreis Kleve), Paul Langfahl\u00a0 (WFG Kreis Kleve), Alexander Alberts (B\u00fcrgermeister Gemeinde Issum), Jan Laufk\u00f6tter (Gesch\u00e4ftsf\u00fchrer UVND Technology e.K.), \u00a0Sebastian Ingendahl (Inhaber Elektrotechnik Ingendahl), Rebecca Sander (Wirtschaftsf\u00f6rderung Gemeinde Rheurdt), Ina Schulz (WfG Kreis Kleve) und Ren\u00e9 Gichtbrock (KPP Steuerberatungsgesellschaft mbH). | Foto: WFG Kreis Kleve<\/p>\n","protected":false},"excerpt":{"rendered":"<p>Kreis Kleve\/ Rheurdt\/ Issum. F\u00fcr die einen bedeutet K\u00fcnstliche Intelligenz bereits heute schon eine enorme Arbeitserleichterung, andere stehen der KI skeptisch gegen\u00fcber oder k\u00f6nnen damit (noch) nichts anfangen. Welche Chancen KI vor allem kleinen und mittelst\u00e4ndischen Unternehmen bietet, erfuhren zahlreiche G\u00e4ste nun beim Unternehmerfr\u00fchst\u00fcck der Wirtschaftsf\u00f6rderung Kreis Kleve f\u00fcr die Gemeinden Rheurdt und Issum. Im [&hellip;]<\/p>\n","protected":false},"author":3,"featured_media":7387,"comment_status":"closed","ping_status":"closed","sticky":false,"template":"","format":"standard","meta":{"_et_pb_use_builder":"","_et_pb_old_content":"","_et_gb_content_width":"","footnotes":""},"categories":[1],"tags":[],"class_list":["post-7386","post","type-post","status-publish","format-standard","has-post-thumbnail","hentry","category-allgemein"],"_links":{"self":[{"href":"https:\/\/standort-niederrhein.de\/en\/wp-json\/wp\/v2\/posts\/7386","targetHints":{"allow":["GET"]}}],"collection":[{"href":"https:\/\/standort-niederrhein.de\/en\/wp-json\/wp\/v2\/posts"}],"about":[{"href":"https:\/\/standort-niederrhein.de\/en\/wp-json\/wp\/v2\/types\/post"}],"author":[{"embeddable":true,"href":"https:\/\/standort-niederrhein.de\/en\/wp-json\/wp\/v2\/users\/3"}],"replies":[{"embeddable":true,"href":"https:\/\/standort-niederrhein.de\/en\/wp-json\/wp\/v2\/comments?post=7386"}],"version-history":[{"count":1,"href":"https:\/\/standort-niederrhein.de\/en\/wp-json\/wp\/v2\/posts\/7386\/revisions"}],"predecessor-version":[{"id":7388,"href":"https:\/\/standort-niederrhein.de\/en\/wp-json\/wp\/v2\/posts\/7386\/revisions\/7388"}],"wp:featuredmedia":[{"embeddable":true,"href":"https:\/\/standort-niederrhein.de\/en\/wp-json\/wp\/v2\/media\/7387"}],"wp:attachment":[{"href":"https:\/\/standort-niederrhein.de\/en\/wp-json\/wp\/v2\/media?parent=7386"}],"wp:term":[{"taxonomy":"category","embeddable":true,"href":"https:\/\/standort-niederrhein.de\/en\/wp-json\/wp\/v2\/categories?post=7386"},{"taxonomy":"post_tag","embeddable":true,"href":"https:\/\/standort-niederrhein.de\/en\/wp-json\/wp\/v2\/tags?post=7386"}],"curies":[{"name":"wp","href":"https:\/\/api.w.org\/{rel}","templated":true}]}}