{"id":7379,"date":"2026-02-13T07:00:00","date_gmt":"2026-02-13T06:00:00","guid":{"rendered":"https:\/\/standort-niederrhein.de\/?p=7379"},"modified":"2026-02-17T09:44:48","modified_gmt":"2026-02-17T08:44:48","slug":"aufwertungen-im-rahmen-des-staerkungspakets-innenstadt","status":"publish","type":"post","link":"https:\/\/standort-niederrhein.de\/en\/2026\/02\/13\/aufwertungen-im-rahmen-des-staerkungspakets-innenstadt\/","title":{"rendered":"Aufwertungen im Rahmen des St\u00e4rkungspakets Innenstadt"},"content":{"rendered":"\n<p>Krefeld. Die Baumscheiben auf der Rheinstra\u00dfe werden neugestaltet. Dar\u00fcber hat der Ausschuss f\u00fcr Planung, Verkehrsplanung, Stadtentwicklung und Liegenschaften entschieden. Die Neugestaltung soll zu einer deutlichen Aufwertung<br>der Einkaufsstra\u00dfe f\u00fchren. Es ist eine Ma\u00dfnahme im Rahmen des St\u00e4rkungspakets Innenstadt. <\/p>\n\n\n\n<p>Zurzeit sind die zw\u00f6lf Baumscheiben auf der Rheinstra\u00dfe unansehnlich. Die Wurzeln der B\u00e4ume haben sich ihren Weg gesucht und einige Platten des B\u00fcrgersteigs angehoben \u2013 Baken warnen vor Stolperfallen und st\u00f6ren das Stadtbild. Das wird sich zuk\u00fcnftig \u00e4ndern. Die Planung der Stabsstelle Innenstadt sieht vor, dass die Baumscheiben um bis zu zwei Meter vergr\u00f6\u00dfert werden, um den Wurzeln mehr Platz und den B\u00e4umen bessere Lebensbedingungen zu schaffen. Au\u00dferdem werden die gusseisernen Gitter und Baumeinfassungen entfernt und durch bienenfreundliche Stauden und Gr\u00e4ser ersetzt. Die Beete werden, \u00e4hnlich wie am Neumarkt, mit Cortenstahl umfasst. Auch weitere Sitzm\u00f6bel ziehen auf die Rheinstra\u00dfe. Acht neue B\u00e4nke werden fest an den Baumscheiben installiert \u2013 diese gibt es bereits an vielen Stellen im Stadtgebiet. <\/p>\n\n\n\n<p>Mit der Umgestaltung der Baumscheiben soll anschlie\u00dfend auch das Mobile Gr\u00fcn von der Rheinstra\u00dfe umziehen und einen neuen Stra\u00dfenzug in der Innenstadt versch\u00f6nern. Die Gehwegplatten, die zugunsten der Vergr\u00f6\u00dferung der Baumscheiben entnommen werden, werden genutzt, um besch\u00e4digte Platten zu ersetzen. So erfolgt dar\u00fcber hinaus eine Aufwertung der Gehwege. <\/p>\n\n\n\n<p>Der politische Beschluss schafft die Grundlage, um nun den Kommunalbetrieb Krefeld (KBK) mit der Umsetzung zu beauftragen. Die Kosten werden auf insgesamt 169.000 Euro festgesetzt und sind im Haushalt bereits f\u00fcr das St\u00e4rkungspaket<br>gebunden.<\/p>\n\n\n\n<p>Quelle: <a href=\"http:\/\/www.krefeld.de\">Stadt Krefeld<\/a><\/p>\n","protected":false},"excerpt":{"rendered":"<p>Krefeld. Die Baumscheiben auf der Rheinstra\u00dfe werden neugestaltet. Dar\u00fcber hat der Ausschuss f\u00fcr Planung, Verkehrsplanung, Stadtentwicklung und Liegenschaften entschieden. Die Neugestaltung soll zu einer deutlichen Aufwertungder Einkaufsstra\u00dfe f\u00fchren. Es ist eine Ma\u00dfnahme im Rahmen des St\u00e4rkungspakets Innenstadt. Zurzeit sind die zw\u00f6lf Baumscheiben auf der Rheinstra\u00dfe unansehnlich. Die Wurzeln der B\u00e4ume haben sich ihren Weg gesucht [&hellip;]<\/p>\n","protected":false},"author":3,"featured_media":0,"comment_status":"closed","ping_status":"closed","sticky":false,"template":"","format":"standard","meta":{"_et_pb_use_builder":"","_et_pb_old_content":"","_et_gb_content_width":"","footnotes":""},"categories":[1],"tags":[],"class_list":["post-7379","post","type-post","status-publish","format-standard","hentry","category-allgemein"],"_links":{"self":[{"href":"https:\/\/standort-niederrhein.de\/en\/wp-json\/wp\/v2\/posts\/7379","targetHints":{"allow":["GET"]}}],"collection":[{"href":"https:\/\/standort-niederrhein.de\/en\/wp-json\/wp\/v2\/posts"}],"about":[{"href":"https:\/\/standort-niederrhein.de\/en\/wp-json\/wp\/v2\/types\/post"}],"author":[{"embeddable":true,"href":"https:\/\/standort-niederrhein.de\/en\/wp-json\/wp\/v2\/users\/3"}],"replies":[{"embeddable":true,"href":"https:\/\/standort-niederrhein.de\/en\/wp-json\/wp\/v2\/comments?post=7379"}],"version-history":[{"count":1,"href":"https:\/\/standort-niederrhein.de\/en\/wp-json\/wp\/v2\/posts\/7379\/revisions"}],"predecessor-version":[{"id":7380,"href":"https:\/\/standort-niederrhein.de\/en\/wp-json\/wp\/v2\/posts\/7379\/revisions\/7380"}],"wp:attachment":[{"href":"https:\/\/standort-niederrhein.de\/en\/wp-json\/wp\/v2\/media?parent=7379"}],"wp:term":[{"taxonomy":"category","embeddable":true,"href":"https:\/\/standort-niederrhein.de\/en\/wp-json\/wp\/v2\/categories?post=7379"},{"taxonomy":"post_tag","embeddable":true,"href":"https:\/\/standort-niederrhein.de\/en\/wp-json\/wp\/v2\/tags?post=7379"}],"curies":[{"name":"wp","href":"https:\/\/api.w.org\/{rel}","templated":true}]}}