{"id":7376,"date":"2026-02-17T06:00:00","date_gmt":"2026-02-17T05:00:00","guid":{"rendered":"https:\/\/standort-niederrhein.de\/?p=7376"},"modified":"2026-02-10T10:52:52","modified_gmt":"2026-02-10T09:52:52","slug":"fragen-sie-die-ki-was-sie-fuer-ihre-firma-tun-kann","status":"publish","type":"post","link":"https:\/\/standort-niederrhein.de\/en\/2026\/02\/17\/fragen-sie-die-ki-was-sie-fuer-ihre-firma-tun-kann\/","title":{"rendered":"\u201eFragen Sie die KI, was sie f\u00fcr Ihre Firma tun kann\u201c"},"content":{"rendered":"\n<p><strong>Kreis Kleve\/ Weeze. <\/strong>K\u00fcnstliche Intelligenz k\u00f6nnte in den n\u00e4chsten Jahren f\u00fcr eine erhebliche Effizienzsteigerung in Firmen sorgen. Doch viele Gesch\u00e4ftsf\u00fchrungen in kleinen und mittelgro\u00dfen Unternehmen haben noch keine Vorstellung, wie sie die KI gewinnbringend einsetzen k\u00f6nnen. Deswegen hat die Wirtschaftsf\u00f6rderung Kreis Kleve ihre aktuelle Unternehmerfr\u00fchst\u00fccksreihe unter das Motto: \u201eK\u00fcnstliche Intelligenz: Potenziale f\u00fcr KMU\u201c gestellt.<strong>\u00a0\u00a0<\/strong>\u00a0<\/p>\n\n\n\n<p>Am Airport Weeze wurden die Teilnehmenden zun\u00e4chst von B\u00fcrgermeister Georg Koenen begr\u00fc\u00dft. Koenen stellte verschiedene Wohnbau-Projekte vor und erl\u00e4uterte Wissenswertes zum Gewerbegebiet \u201eWissener Feld\u201c, das weiterentwickelt wird. 2026 feiert Weeze ein bedeutendes Jubil\u00e4um: Das 800-j\u00e4hrige Bestehen wird das ganze Jahr hindurch mit verschiedenen Aktivit\u00e4ten zelebriert. \u201eIm Zentrum steht das Festwochenende vom 29. bis 31. Mai; wir freuen uns schon auf viele G\u00e4ste\u201c, sagte Koenen. Kreisweite Entwicklungen erfuhren die G\u00e4ste dann von Brigitte Jansen, der Gesch\u00e4ftsf\u00fchrerin der Wirtschaftsf\u00f6rderung Kreis Kleve, die auch die vielf\u00e4ltigen Aktivit\u00e4ten der Kreis-WFG vorstellte.<\/p>\n\n\n\n<p>Dominik van Baal, Steuerberater bei der KPP Steuerberatungsgesellschaft mbH aus Kleve, sowie Gerrit R\u00f6hl, IT\u2013Manager bei KPP, hielten anschlie\u00dfend einen Keynote-Vortrag mit dem Titel: \u201eKI verstehen und nutzen: Ein Kompass f\u00fcr KMU\u201c. Die G\u00e4ste erfuhren dabei, wie KI entwickelt wurde, wie sie f\u00fcr verschiedene Branchen von Nutzen sein kann und welche rechtlichen Aspekte es zu beachten gibt.<\/p>\n\n\n\n<p>In einer Gespr\u00e4chsrunde, moderiert durch Christoph Kepser, ging es darum, welche Erfahrungen lokale Unternehmen bereits mit K\u00fcnstlicher Intelligenz haben und welche guten Ratschl\u00e4ge es f\u00fcr Anwendung von KI gibt. Gespr\u00e4chspartner waren Jannis Goossens, Gesch\u00e4ftsf\u00fchrer der Red Orange Yellow GmbH, Dr. Sebastian Papst, Gesch\u00e4ftsf\u00fchrer des Airport Weeze, und Dominik van Baal von KPP. &nbsp;&nbsp;Red Orange Yellow entwickelt Trainings- und Kommunikationskonzepte f\u00fcr Unternehmen und \u00f6ffentliche Einrichtungen. Gesch\u00e4ftsf\u00fchrer Goossens ist sich sicher: \u201eKI wird einige Ver\u00e4nderungen bringen. Im Bereich der Softwareentwicklung kann sie beispielsweise die Aufgaben von Junior-Entwicklerinnen und<br>-entwicklern \u00fcbernehmen.\u201c F\u00fcr den Einstieg ins Thema gab Goossens den Anwesenden folgenden Rat: \u201eFragen Sie doch einfach mal die KI, was sie f\u00fcr Ihr Unternehmen tun kann.\u201c &nbsp;&nbsp;<\/p>\n\n\n\n<p>Am Airport Weeze wird K\u00fcnstliche Intelligenz f\u00fcr die Bilderkennung bei der Gep\u00e4ckkontrolle eingesetzt, erl\u00e4uterte Flughafen-Chef Dr. Sebastian Papst. Es k\u00f6nne durchaus sein, dass durch KI manche Jobs ersetzt werden. \u201eDie Mitarbeitenden m\u00fcssen sich mit bewegen\u201c, sagte Dr. Papst. Steuerberater Dominik van Baal von KPP ist der \u00dcberzeugung: \u201eDie T\u00e4tigkeiten der Mitarbeitenden werden sich verschieben. Dadurch kann die Effizienz im Unternehmen steigen.\u201c Wichtig sei es, dass Unternehmen beim Einsatz von KI den Datenschutz beachten. \u201eIch empfehle, kostenpflichtige, professionelle L\u00f6sungen einzusetzen, damit die KI sch\u00fctzenswerte Daten nicht f\u00fcr Trainingszwecke nutzt\u201c, sagte van Baal.<\/p>\n\n\n\n<p>Bei Kaffee und belegten Br\u00f6tchen tauschten sich die G\u00e4ste anschlie\u00dfend noch untereinander \u00fcber die M\u00f6glichkeiten und Grenzen K\u00fcnstlicher Intelligenz aus.<\/p>\n\n\n\n<p>Quelle: <a href=\"http:\/\/www.wfg-kreis-kleve.de\">WFG Kreis Kleve<\/a><\/p>\n\n\n<figure class=\"wp-block-post-featured-image\"><img loading=\"lazy\" decoding=\"async\" width=\"2560\" height=\"1645\" src=\"https:\/\/standort-niederrhein.de\/wp-content\/uploads\/2026\/02\/UF-Weeze_PI-scaled.jpg\" class=\"attachment-post-thumbnail size-post-thumbnail wp-post-image\" alt=\"\" style=\"object-fit:cover;\" srcset=\"https:\/\/standort-niederrhein.de\/wp-content\/uploads\/2026\/02\/UF-Weeze_PI-scaled.jpg 2560w, https:\/\/standort-niederrhein.de\/wp-content\/uploads\/2026\/02\/UF-Weeze_PI-1280x823.jpg 1280w, https:\/\/standort-niederrhein.de\/wp-content\/uploads\/2026\/02\/UF-Weeze_PI-980x630.jpg 980w, https:\/\/standort-niederrhein.de\/wp-content\/uploads\/2026\/02\/UF-Weeze_PI-480x308.jpg 480w\" sizes=\"(min-width: 0px) and (max-width: 480px) 480px, (min-width: 481px) and (max-width: 980px) 980px, (min-width: 981px) and (max-width: 1280px) 1280px, (min-width: 1281px) 2560px, 100vw\" \/><\/figure>\n\n\n<p>Beim Unternehmerfr\u00fchst\u00fcck am Airport Weeze (von links): Dr. Sebastian Papst (Gesch\u00e4ftsf\u00fchrer Airport Weeze), Dominik van Baal (KPP Steuerberatungsgesellschaft), Daniel M\u00fclders (Wirtschaftsf\u00f6rderer Gemeinde Weeze), Georg Koenen (B\u00fcrgermeister Gemeinde Weeze), Dr. Benedikt R\u00f6sen (WFG Kreis Kleve), Christoph Kepser (Moderator), Brigitte Jansen (Gesch\u00e4ftsf\u00fchrerin WFG Kreis Kleve), Jannis Goossens (Gesch\u00e4ftsf\u00fchrer Red Orange Yellow GmbH) und Gerrit R\u00f6hl (KPP Steuerberatungsgesellschaft). | Foto: WFG Kreis Kleve<\/p>\n","protected":false},"excerpt":{"rendered":"<p>Kreis Kleve\/ Weeze. K\u00fcnstliche Intelligenz k\u00f6nnte in den n\u00e4chsten Jahren f\u00fcr eine erhebliche Effizienzsteigerung in Firmen sorgen. Doch viele Gesch\u00e4ftsf\u00fchrungen in kleinen und mittelgro\u00dfen Unternehmen haben noch keine Vorstellung, wie sie die KI gewinnbringend einsetzen k\u00f6nnen. Deswegen hat die Wirtschaftsf\u00f6rderung Kreis Kleve ihre aktuelle Unternehmerfr\u00fchst\u00fccksreihe unter das Motto: \u201eK\u00fcnstliche Intelligenz: Potenziale f\u00fcr KMU\u201c gestellt.\u00a0\u00a0\u00a0 Am [&hellip;]<\/p>\n","protected":false},"author":3,"featured_media":7377,"comment_status":"closed","ping_status":"closed","sticky":false,"template":"","format":"standard","meta":{"_et_pb_use_builder":"","_et_pb_old_content":"","_et_gb_content_width":"","footnotes":""},"categories":[1],"tags":[],"class_list":["post-7376","post","type-post","status-publish","format-standard","has-post-thumbnail","hentry","category-allgemein"],"_links":{"self":[{"href":"https:\/\/standort-niederrhein.de\/en\/wp-json\/wp\/v2\/posts\/7376","targetHints":{"allow":["GET"]}}],"collection":[{"href":"https:\/\/standort-niederrhein.de\/en\/wp-json\/wp\/v2\/posts"}],"about":[{"href":"https:\/\/standort-niederrhein.de\/en\/wp-json\/wp\/v2\/types\/post"}],"author":[{"embeddable":true,"href":"https:\/\/standort-niederrhein.de\/en\/wp-json\/wp\/v2\/users\/3"}],"replies":[{"embeddable":true,"href":"https:\/\/standort-niederrhein.de\/en\/wp-json\/wp\/v2\/comments?post=7376"}],"version-history":[{"count":1,"href":"https:\/\/standort-niederrhein.de\/en\/wp-json\/wp\/v2\/posts\/7376\/revisions"}],"predecessor-version":[{"id":7378,"href":"https:\/\/standort-niederrhein.de\/en\/wp-json\/wp\/v2\/posts\/7376\/revisions\/7378"}],"wp:featuredmedia":[{"embeddable":true,"href":"https:\/\/standort-niederrhein.de\/en\/wp-json\/wp\/v2\/media\/7377"}],"wp:attachment":[{"href":"https:\/\/standort-niederrhein.de\/en\/wp-json\/wp\/v2\/media?parent=7376"}],"wp:term":[{"taxonomy":"category","embeddable":true,"href":"https:\/\/standort-niederrhein.de\/en\/wp-json\/wp\/v2\/categories?post=7376"},{"taxonomy":"post_tag","embeddable":true,"href":"https:\/\/standort-niederrhein.de\/en\/wp-json\/wp\/v2\/tags?post=7376"}],"curies":[{"name":"wp","href":"https:\/\/api.w.org\/{rel}","templated":true}]}}