{"id":7373,"date":"2026-02-16T06:00:00","date_gmt":"2026-02-16T05:00:00","guid":{"rendered":"https:\/\/standort-niederrhein.de\/?p=7373"},"modified":"2026-02-10T10:48:44","modified_gmt":"2026-02-10T09:48:44","slug":"save-the-date-herausforderung-trump","status":"publish","type":"post","link":"https:\/\/standort-niederrhein.de\/en\/2026\/02\/16\/save-the-date-herausforderung-trump\/","title":{"rendered":"Save the Date: \u201eHerausforderung Trump\u201c"},"content":{"rendered":"\n<p><strong>Viersen.<\/strong> Die transatlantischen Beziehungen stehen vor einer Zerrei\u00dfprobe, deren Auswirkungen bis in die regionale Wirtschaft sp\u00fcrbar sind. Vor diesem Hintergrund l\u00e4dt die Wirtschaftsf\u00f6rderung der Stadt Viersen am 16. M\u00e4rz 2026 um 18 Uhr zu einem Vortrag in die Generatorenhalle Viersen ein. Als Referent konnte mit Elmar Theve\u00dfen der Leiter des ZDF-Studios in Washington gewonnen werden, der unter dem Titel \u201eHerausforderung Trump \u2013 Folgen f\u00fcr Deutschland und Europa\u201c die aktuelle politische Lage in den USA einordnet.<\/p>\n\n\n\n<p>Der renommierte Journalist wird in seinem Vortrag analysieren, ob die regelbasierte Weltordnung vor dem Ende steht und welche Konsequenzen die amerikanische Wirtschaftspolitik sowie drohende Strafz\u00f6lle f\u00fcr den Welthandel haben. Ein besonderer Fokus liegt dabei auf der Sicherheitspolitik: Theve\u00dfen beleuchtet die Gefahr f\u00fcr das NATO-B\u00fcndnis durch die sogenannte \u201eMonroe-Doktrin\u201c und wirft einen kritischen Blick auf den Zustand der US-Demokratie, die im Jahr 2026 ihr 250-j\u00e4hriges Bestehen feiert. Ziel des Abends ist es zudem, konkrete M\u00f6glichkeiten f\u00fcr eine gemeinsame europ\u00e4ische Antwort auf diese globalen Umbr\u00fcche aufzuzeigen.<\/p>\n\n\n\n<p>Interessierte Verantwortliche von Unternehmen, in Viersen lebende Menschen sowie Medienvertreter sind herzlich eingeladen, die Veranstaltung zu besuchen und an der anschlie\u00dfenden Diskussion teilzunehmen.<\/p>\n\n\n\n<p>F\u00fcr die Stadt Viersen hat der Besuch des Experten eine ganz pers\u00f6nliche Note, wie Axel S\u00fc\u00dfbrich, Fachbereichsleiter der Wirtschaftsf\u00f6rderung, betont: \u201eIch freue mich sehr, dass wir mit Elmar Theve\u00dfen nicht nur einen der profiliertesten Amerika-Experten Deutschlands, sondern auch einen geb\u00fcrtigen Viersener f\u00fcr diesen Vortrag gewinnen konnten. Sein tiefgreifendes Wissen aus erster Hand ist f\u00fcr uns sehr wertvoll, um die komplexen Entwicklungen in den USA einzuordnen und insbesondere die daraus resultierenden Auswirkungen auf die Viersener Wirtschaft fr\u00fchzeitig in den Blick zu nehmen.\u201c<\/p>\n\n\n\n<p>Die Wirtschaftsf\u00f6rderung der Stadt Viersen l\u00e4dt herzlich zur Teilnahme ein und bietet im Anschluss Gelegenheit zum Austausch. Anmeldungen zur kostenfreien Veranstaltung sind bis zum 6. M\u00e4rz 2026 per E-Mail an <a href=\"mailto:wirtschaft@viersen.de\">wirtschaft@viersen.de<\/a> m\u00f6glich.<\/p>\n\n\n\n<p><strong>Elmar Theve\u00dfen<\/strong><br>Ist 1967 in Viersen geboren, hat Politische Wissenschaft und Geschichte studiert und danach verschiedene Stationen bei Zeitungen, im Rundfunk sowie beim Fernsehen durchlaufen. Seit 1991 ist Theve\u00dfen f\u00fcr das ZDF t\u00e4tig, von 2007 bis 2019 als stellvertretender Chefredakteur und Leiter der Hauptredaktion Aktuelles des ZDF und seit 2019 als Leiter des ZDF-Studios Nord- und Mittelamerika in Washington, USA.<\/p>\n\n\n\n<p>Quelle: Stadt Viersen | Wirtschaftsf\u00f6rderung<\/p>\n\n\n<figure class=\"wp-block-post-featured-image\"><img loading=\"lazy\" decoding=\"async\" width=\"2560\" height=\"1707\" src=\"https:\/\/standort-niederrhein.de\/wp-content\/uploads\/2026\/02\/Foto-Elmar-Thevessen-scaled.jpg\" class=\"attachment-post-thumbnail size-post-thumbnail wp-post-image\" alt=\"\" style=\"object-fit:cover;\" srcset=\"https:\/\/standort-niederrhein.de\/wp-content\/uploads\/2026\/02\/Foto-Elmar-Thevessen-scaled.jpg 2560w, https:\/\/standort-niederrhein.de\/wp-content\/uploads\/2026\/02\/Foto-Elmar-Thevessen-1280x854.jpg 1280w, https:\/\/standort-niederrhein.de\/wp-content\/uploads\/2026\/02\/Foto-Elmar-Thevessen-980x653.jpg 980w, https:\/\/standort-niederrhein.de\/wp-content\/uploads\/2026\/02\/Foto-Elmar-Thevessen-480x320.jpg 480w\" sizes=\"(min-width: 0px) and (max-width: 480px) 480px, (min-width: 481px) and (max-width: 980px) 980px, (min-width: 981px) and (max-width: 1280px) 1280px, (min-width: 1281px) 2560px, 100vw\" \/><\/figure>\n\n\n<p>Foto: Elmar Theve\u00dfen<\/p>\n","protected":false},"excerpt":{"rendered":"<p>Viersen. Die transatlantischen Beziehungen stehen vor einer Zerrei\u00dfprobe, deren Auswirkungen bis in die regionale Wirtschaft sp\u00fcrbar sind. Vor diesem Hintergrund l\u00e4dt die Wirtschaftsf\u00f6rderung der Stadt Viersen am 16. M\u00e4rz 2026 um 18 Uhr zu einem Vortrag in die Generatorenhalle Viersen ein. Als Referent konnte mit Elmar Theve\u00dfen der Leiter des ZDF-Studios in Washington gewonnen werden, [&hellip;]<\/p>\n","protected":false},"author":3,"featured_media":7374,"comment_status":"closed","ping_status":"closed","sticky":false,"template":"","format":"standard","meta":{"_et_pb_use_builder":"","_et_pb_old_content":"","_et_gb_content_width":"","footnotes":""},"categories":[1],"tags":[],"class_list":["post-7373","post","type-post","status-publish","format-standard","has-post-thumbnail","hentry","category-allgemein"],"_links":{"self":[{"href":"https:\/\/standort-niederrhein.de\/en\/wp-json\/wp\/v2\/posts\/7373","targetHints":{"allow":["GET"]}}],"collection":[{"href":"https:\/\/standort-niederrhein.de\/en\/wp-json\/wp\/v2\/posts"}],"about":[{"href":"https:\/\/standort-niederrhein.de\/en\/wp-json\/wp\/v2\/types\/post"}],"author":[{"embeddable":true,"href":"https:\/\/standort-niederrhein.de\/en\/wp-json\/wp\/v2\/users\/3"}],"replies":[{"embeddable":true,"href":"https:\/\/standort-niederrhein.de\/en\/wp-json\/wp\/v2\/comments?post=7373"}],"version-history":[{"count":1,"href":"https:\/\/standort-niederrhein.de\/en\/wp-json\/wp\/v2\/posts\/7373\/revisions"}],"predecessor-version":[{"id":7375,"href":"https:\/\/standort-niederrhein.de\/en\/wp-json\/wp\/v2\/posts\/7373\/revisions\/7375"}],"wp:featuredmedia":[{"embeddable":true,"href":"https:\/\/standort-niederrhein.de\/en\/wp-json\/wp\/v2\/media\/7374"}],"wp:attachment":[{"href":"https:\/\/standort-niederrhein.de\/en\/wp-json\/wp\/v2\/media?parent=7373"}],"wp:term":[{"taxonomy":"category","embeddable":true,"href":"https:\/\/standort-niederrhein.de\/en\/wp-json\/wp\/v2\/categories?post=7373"},{"taxonomy":"post_tag","embeddable":true,"href":"https:\/\/standort-niederrhein.de\/en\/wp-json\/wp\/v2\/tags?post=7373"}],"curies":[{"name":"wp","href":"https:\/\/api.w.org\/{rel}","templated":true}]}}