{"id":7364,"date":"2026-02-14T06:00:00","date_gmt":"2026-02-14T05:00:00","guid":{"rendered":"https:\/\/standort-niederrhein.de\/?p=7364"},"modified":"2026-02-09T11:24:33","modified_gmt":"2026-02-09T10:24:33","slug":"unternehmensbesuch-bei-schellen-flack-foerdert-dialog-mit-der-wirtschaft","status":"publish","type":"post","link":"https:\/\/standort-niederrhein.de\/en\/2026\/02\/14\/unternehmensbesuch-bei-schellen-flack-foerdert-dialog-mit-der-wirtschaft\/","title":{"rendered":"Unternehmensbesuch bei Schellen &amp; Flack f\u00f6rdert Dialog mit der Wirtschaft"},"content":{"rendered":"\n<p><strong>Rhein-Kreis Neuss. <\/strong>Landr\u00e4tin Katharina Reinhold hat zusammen mit dem Europaabgeordneten Dr. Stefan Berger und dem B\u00fcrgermeister der Stadt Korschenbroich, Marc Venten, die Schellen &amp; Flack GmbH in Korschenbroich besucht. \u201eDie Unternehmen sollen bei uns vor Ort bestm\u00f6gliche Rahmenbedingungen vorfinden, um erfolgreich wirtschaften und sich zukunftsfest weiterentwickeln zu k\u00f6nnen. Ein gutes, verl\u00e4ssliches Miteinander und der direkte Austausch zwischen Wirtschaft und politischen Entscheidungstr\u00e4gern auf europ\u00e4ischer, regionaler und kommunaler Ebene haben dabei eine gro\u00dfe Bedeutung und sind mir auch pers\u00f6nlich wichtig\u201c, betont Landr\u00e4tin Katharina Reinhold. \u201eMir ist stets daran gelegen, im offenen und vertrauensvollen Dialog mit den Unternehmen und den Akteuren in der Region gute und pragmatische L\u00f6sungen zu finden, um unseren Wirtschaftsstandort auch insgesamt zu st\u00e4rken.\u201c<\/p>\n\n\n\n<p>Der Besuch bei Schellen &amp; Flack fand auch vor dem Hintergrund der aktuellen Herausforderungen in der Stahl- und Rohrbranche statt. Ausgangspunkt f\u00fcr den Termin war die Veranstaltung \u201eF\u00f6rdermittel unterwegs\u201c, die im vergangenen Jahr bei Schellen &amp; Flack durchgef\u00fchrt wurde. Im Zuge des Austauschs hatte das Unternehmen den Wunsch nach einem Gespr\u00e4ch ge\u00e4u\u00dfert, um die Auswirkungen europ\u00e4ischer Rahmenbedingungen auf den Mittelstand zu thematisieren. Mit dem Dialog vor Ort wurde dieses Anliegen nun aufgegriffen.<\/p>\n\n\n\n<p>Im Gespr\u00e4ch schilderte die Gesch\u00e4ftsf\u00fchrung die aktuellen Herausforderungen, insbesondere mit Blick auf europ\u00e4ische Regulierungen, zunehmende b\u00fcrokratische Anforderungen, handelsrechtliche Vorgaben im Stahlbereich sowie die daraus resultierende eingeschr\u00e4nkte Planbarkeit f\u00fcr mittelst\u00e4ndische Unternehmen. Dr. Stefan Berger betonte, dass er die zugrunde liegenden Regelungen vor dem Hintergrund der gesamten europ\u00e4ischen Situation grunds\u00e4tzlich nachvollziehen k\u00f6nne. Gleichzeitig machte er deutlich, dass der Mittelstand dabei nicht vernachl\u00e4ssigt werden d\u00fcrfe. Mittelst\u00e4ndische Unternehmen m\u00fcssten bei politischen Entscheidungen st\u00e4rker ber\u00fccksichtigt werden und d\u00fcrften nicht aus dem Blick geraten. Er sagte zu, die zentralen Anliegen aus dem Gespr\u00e4ch mitzunehmen, diese auf europ\u00e4ischer Ebene zu adressieren und dem Unternehmen hierzu eine R\u00fcckmeldung zu geben. \u201eDie geopolitische Situation belastet viele Mittelst\u00e4ndler stark. Wir werden uns weiterhin in Br\u00fcssel f\u00fcr unb\u00fcrokratische L\u00f6sungen einsetzen\u201c, betonte Dr. Stefan Berger.<\/p>\n\n\n\n<p>Auch B\u00fcrgermeister Marc Venten unterstrich vor Ort die Bedeutung und Kraft des besuchten Mittelst\u00e4ndlers: \u201eWir in Korschenbroich sind froh und dankbar, Schellen &amp; Flack in unserer Stadt zu wissen. Unternehmen wie diese stehen unseren Gewerbegebieten gut zu Gesicht, sie arbeiten mit modernster Technologie, schaffen Arbeitspl\u00e4tze und sichern mit ihrer Wirtschaftskraft nicht zuletzt auch unsere kommunalen Planungs- und Entwicklungsm\u00f6glichkeiten.\u201c&nbsp;<\/p>\n\n\n\n<p>Im Anschluss an das Gespr\u00e4ch gab es im Rahmen einer Betriebsbesichtigung zudem Einblicke in die Produktionsprozesse und das internationale Gesch\u00e4ftsfeld des Unternehmens.<\/p>\n\n\n\n<p>Quelle: <a href=\"http:\/\/www.rhein-kreis-neuss.de\">Rhein-Kreis Neuss<\/a><\/p>\n\n\n<figure class=\"wp-block-post-featured-image\"><img loading=\"lazy\" decoding=\"async\" width=\"2560\" height=\"1707\" src=\"https:\/\/standort-niederrhein.de\/wp-content\/uploads\/2026\/02\/DSC_1593-scaled.jpg\" class=\"attachment-post-thumbnail size-post-thumbnail wp-post-image\" alt=\"\" style=\"object-fit:cover;\" srcset=\"https:\/\/standort-niederrhein.de\/wp-content\/uploads\/2026\/02\/DSC_1593-scaled.jpg 2560w, https:\/\/standort-niederrhein.de\/wp-content\/uploads\/2026\/02\/DSC_1593-1280x854.jpg 1280w, https:\/\/standort-niederrhein.de\/wp-content\/uploads\/2026\/02\/DSC_1593-980x653.jpg 980w, https:\/\/standort-niederrhein.de\/wp-content\/uploads\/2026\/02\/DSC_1593-480x320.jpg 480w\" sizes=\"(min-width: 0px) and (max-width: 480px) 480px, (min-width: 481px) and (max-width: 980px) 980px, (min-width: 981px) and (max-width: 1280px) 1280px, (min-width: 1281px) 2560px, 100vw\" \/><\/figure>\n\n\n<p>Beim Unternehmensbesuch gab es neben dem Austausch auch eine Betriebsbesichtigung. | Foto:<strong> <\/strong>S. B\u00fcntig\/ Rhein-Kreis Neuss<\/p>\n","protected":false},"excerpt":{"rendered":"<p>Rhein-Kreis Neuss. Landr\u00e4tin Katharina Reinhold hat zusammen mit dem Europaabgeordneten Dr. Stefan Berger und dem B\u00fcrgermeister der Stadt Korschenbroich, Marc Venten, die Schellen &amp; Flack GmbH in Korschenbroich besucht. \u201eDie Unternehmen sollen bei uns vor Ort bestm\u00f6gliche Rahmenbedingungen vorfinden, um erfolgreich wirtschaften und sich zukunftsfest weiterentwickeln zu k\u00f6nnen. Ein gutes, verl\u00e4ssliches Miteinander und der direkte [&hellip;]<\/p>\n","protected":false},"author":3,"featured_media":7365,"comment_status":"closed","ping_status":"closed","sticky":false,"template":"","format":"standard","meta":{"_et_pb_use_builder":"","_et_pb_old_content":"","_et_gb_content_width":"","footnotes":""},"categories":[1],"tags":[],"class_list":["post-7364","post","type-post","status-publish","format-standard","has-post-thumbnail","hentry","category-allgemein"],"_links":{"self":[{"href":"https:\/\/standort-niederrhein.de\/en\/wp-json\/wp\/v2\/posts\/7364","targetHints":{"allow":["GET"]}}],"collection":[{"href":"https:\/\/standort-niederrhein.de\/en\/wp-json\/wp\/v2\/posts"}],"about":[{"href":"https:\/\/standort-niederrhein.de\/en\/wp-json\/wp\/v2\/types\/post"}],"author":[{"embeddable":true,"href":"https:\/\/standort-niederrhein.de\/en\/wp-json\/wp\/v2\/users\/3"}],"replies":[{"embeddable":true,"href":"https:\/\/standort-niederrhein.de\/en\/wp-json\/wp\/v2\/comments?post=7364"}],"version-history":[{"count":1,"href":"https:\/\/standort-niederrhein.de\/en\/wp-json\/wp\/v2\/posts\/7364\/revisions"}],"predecessor-version":[{"id":7366,"href":"https:\/\/standort-niederrhein.de\/en\/wp-json\/wp\/v2\/posts\/7364\/revisions\/7366"}],"wp:featuredmedia":[{"embeddable":true,"href":"https:\/\/standort-niederrhein.de\/en\/wp-json\/wp\/v2\/media\/7365"}],"wp:attachment":[{"href":"https:\/\/standort-niederrhein.de\/en\/wp-json\/wp\/v2\/media?parent=7364"}],"wp:term":[{"taxonomy":"category","embeddable":true,"href":"https:\/\/standort-niederrhein.de\/en\/wp-json\/wp\/v2\/categories?post=7364"},{"taxonomy":"post_tag","embeddable":true,"href":"https:\/\/standort-niederrhein.de\/en\/wp-json\/wp\/v2\/tags?post=7364"}],"curies":[{"name":"wp","href":"https:\/\/api.w.org\/{rel}","templated":true}]}}