{"id":7291,"date":"2026-01-25T07:00:00","date_gmt":"2026-01-25T06:00:00","guid":{"rendered":"https:\/\/standort-niederrhein.de\/?p=7291"},"modified":"2026-01-28T15:37:26","modified_gmt":"2026-01-28T14:37:26","slug":"welcome-center-rheinisches-revier-gestartet","status":"publish","type":"post","link":"https:\/\/standort-niederrhein.de\/en\/2026\/01\/25\/welcome-center-rheinisches-revier-gestartet\/","title":{"rendered":"Welcome Center Rheinisches Revier gestartet"},"content":{"rendered":"\n<p><strong>Mittlerer Niederrhein.<\/strong> Mit dem \u201eWelcome Center Rheinisches Revier\u201c (WCR) ist bei der Industrie- und Handelskammer (IHK) Mittlerer Niederrhein ein neues Serviceangebot an den Start gegangen, das internationale Fachkr\u00e4fte und regionale Unternehmen zusammenbringt und beiden Seiten gezielte Unterst\u00fctzung bietet. Das drei Jahre laufende Projekt wird durch das Land Nordrhein-Westfalen und die Europ\u00e4ische Union gef\u00f6rdert und st\u00e4rkt Mitgliedsunternehmen bei der Gewinnung und Integration ausl\u00e4ndischer Talente.<\/p>\n\n\n\n<p>Das neu formierte Team besteht aus f\u00fcnf Vollzeitkr\u00e4ften: zwei Mitarbeitende im Integrationsmanagement, zwei Mitarbeitende im internationalen Personalmanagement sowie ein Fachberater f\u00fcr Vereine. Das Angebot richtet sich sowohl an Unternehmen als auch an internationale Fachkr\u00e4fte. Firmen erhalten Beratung zur Fachkr\u00e4fteeinwanderung, Unterst\u00fctzung bei rechtlichen Fragen, im Recruiting, im Onboarding sowie bei der Vermittlung passender Kandidatinnen und Kandidaten. \u201eAus unserem bestehenden Pool an internationalen Fachkr\u00e4ften pr\u00fcfen wir gern, ob geeignete Kandidatinnen und Kandidaten f\u00fcr das interessierte Unternehmen dabei sind\u201c, sagt Arnd Thierfelder, IHK-Referent Fachkr\u00e4ftesicherung und Teamleiter des WCR. Fachkr\u00e4fte profitieren von einer pers\u00f6nlichen Erstberatung inklusive individueller To-do-Checkliste, Zugang zu Sprach- und Bildungsangeboten, Bewerbungstrainings sowie Hilfe bei der Arbeitsplatzsuche und wichtigen Beh\u00f6rdenangelegenheiten.<\/p>\n\n\n\n<p>\u201eAls Partner bringt die IHK ein starkes Netzwerk und kurze Entscheidungswege ein \u2013 ein wesentlicher Vorteil f\u00fcr schnelle Kl\u00e4rungen und verbindliche R\u00fcckmeldungen\u201c, sagt IHK-Hauptgesch\u00e4ftsf\u00fchrer J\u00fcrgen Steinmetz. \u201eWir freuen uns, mit dem Welcome Center eine zentrale Anlaufstelle f\u00fcr internationale Fachkr\u00e4fte und Unternehmen zu schaffen. Damit st\u00e4rken wir die Region nachhaltig im Wettbewerb um qualifizierte Talente.\u201c<\/p>\n\n\n\n<p>Zu dem Verbund des WCR geh\u00f6ren neben der IHK Mittlerer Niederrhein der Westdeutsche Handwerkskammertag e.V. als Zuwendungsempf\u00e4nger, die Stadt Aachen und die St\u00e4dteregion Aachen, der Unternehmerverband VUV und die Handwerkskammer Aachen mit der Qualitec GmbH. Die eingesetzten F\u00f6rdermittel f\u00fcr den Aufbau des Welcome Centers im Rheinischen Revier stammen vom Land NRW selbst sowie aus dem Just Transition Fund (JTF) der Europ\u00e4ischen Union, der speziell vom Kohleausstieg betroffenen Regionen und Menschen dabei hilft, die Auswirkungen der Transformation zur Klimaneutralit\u00e4t zu bew\u00e4ltigen. Die Projekttr\u00e4ger des WCR sind mit einem Eigenanteil von 20 Prozent an der Finanzierung der insgesamt zw\u00f6lf Projektstellen beteiligt.<\/p>\n\n\n\n<p>Quelle: <a href=\"https:\/\/mittlerer-niederrhein.ihk.de\/news\/detail\/welcome-center-rheinisches-revier-gestartet\">IHK Mittlerer Niederrhein<\/a><\/p>\n\n\n<figure class=\"wp-block-post-featured-image\"><img loading=\"lazy\" decoding=\"async\" width=\"1280\" height=\"949\" src=\"https:\/\/standort-niederrhein.de\/wp-content\/uploads\/2026\/01\/csm_2026_pm12_Welcome_Center_30395c1095.jpg\" class=\"attachment-post-thumbnail size-post-thumbnail wp-post-image\" alt=\"\" style=\"object-fit:cover;\" srcset=\"https:\/\/standort-niederrhein.de\/wp-content\/uploads\/2026\/01\/csm_2026_pm12_Welcome_Center_30395c1095.jpg 1280w, https:\/\/standort-niederrhein.de\/wp-content\/uploads\/2026\/01\/csm_2026_pm12_Welcome_Center_30395c1095-980x727.jpg 980w, https:\/\/standort-niederrhein.de\/wp-content\/uploads\/2026\/01\/csm_2026_pm12_Welcome_Center_30395c1095-480x356.jpg 480w\" sizes=\"(min-width: 0px) and (max-width: 480px) 480px, (min-width: 481px) and (max-width: 980px) 980px, (min-width: 981px) 1280px, 100vw\" \/><\/figure>\n\n\n<p>Das Team des \u201eWelcome Center Rheinisches Revier\u201c und der IHK-Fachkr\u00e4ftesicherung ist komplett (v.l.): Armenuhi Galstyan, Marco Klares, Larson Arend, Barbara Zonneveld, B\u00fcsra Baran, Teamleiter Arnd Thierfelder und Dimitri van der Wal. | Foto: IHK Mittlerer Niederrhein<\/p>\n","protected":false},"excerpt":{"rendered":"<p>Mittlerer Niederrhein. Mit dem \u201eWelcome Center Rheinisches Revier\u201c (WCR) ist bei der Industrie- und Handelskammer (IHK) Mittlerer Niederrhein ein neues Serviceangebot an den Start gegangen, das internationale Fachkr\u00e4fte und regionale Unternehmen zusammenbringt und beiden Seiten gezielte Unterst\u00fctzung bietet. Das drei Jahre laufende Projekt wird durch das Land Nordrhein-Westfalen und die Europ\u00e4ische Union gef\u00f6rdert und st\u00e4rkt [&hellip;]<\/p>\n","protected":false},"author":3,"featured_media":7292,"comment_status":"closed","ping_status":"closed","sticky":false,"template":"","format":"standard","meta":{"_et_pb_use_builder":"","_et_pb_old_content":"","_et_gb_content_width":"","footnotes":""},"categories":[1],"tags":[],"class_list":["post-7291","post","type-post","status-publish","format-standard","has-post-thumbnail","hentry","category-allgemein"],"_links":{"self":[{"href":"https:\/\/standort-niederrhein.de\/en\/wp-json\/wp\/v2\/posts\/7291","targetHints":{"allow":["GET"]}}],"collection":[{"href":"https:\/\/standort-niederrhein.de\/en\/wp-json\/wp\/v2\/posts"}],"about":[{"href":"https:\/\/standort-niederrhein.de\/en\/wp-json\/wp\/v2\/types\/post"}],"author":[{"embeddable":true,"href":"https:\/\/standort-niederrhein.de\/en\/wp-json\/wp\/v2\/users\/3"}],"replies":[{"embeddable":true,"href":"https:\/\/standort-niederrhein.de\/en\/wp-json\/wp\/v2\/comments?post=7291"}],"version-history":[{"count":1,"href":"https:\/\/standort-niederrhein.de\/en\/wp-json\/wp\/v2\/posts\/7291\/revisions"}],"predecessor-version":[{"id":7293,"href":"https:\/\/standort-niederrhein.de\/en\/wp-json\/wp\/v2\/posts\/7291\/revisions\/7293"}],"wp:featuredmedia":[{"embeddable":true,"href":"https:\/\/standort-niederrhein.de\/en\/wp-json\/wp\/v2\/media\/7292"}],"wp:attachment":[{"href":"https:\/\/standort-niederrhein.de\/en\/wp-json\/wp\/v2\/media?parent=7291"}],"wp:term":[{"taxonomy":"category","embeddable":true,"href":"https:\/\/standort-niederrhein.de\/en\/wp-json\/wp\/v2\/categories?post=7291"},{"taxonomy":"post_tag","embeddable":true,"href":"https:\/\/standort-niederrhein.de\/en\/wp-json\/wp\/v2\/tags?post=7291"}],"curies":[{"name":"wp","href":"https:\/\/api.w.org\/{rel}","templated":true}]}}