{"id":7288,"date":"2026-01-28T05:00:00","date_gmt":"2026-01-28T04:00:00","guid":{"rendered":"https:\/\/standort-niederrhein.de\/?p=7288"},"modified":"2026-01-28T11:27:11","modified_gmt":"2026-01-28T10:27:11","slug":"logistikids-2025-ausgezeichnet","status":"publish","type":"post","link":"https:\/\/standort-niederrhein.de\/en\/2026\/01\/28\/logistikids-2025-ausgezeichnet\/","title":{"rendered":"LogistiKids 2025 ausgezeichnet"},"content":{"rendered":"\n<p><strong>NRW. <\/strong>Logistik als zentralen Prozess in unserer modernen Gesellschaft ins Bewusstsein zu bringen \u2013 das war auch 2025 wieder das Ziel des von Kompetenznetz Logistik.NRW und IHK NRW ausgelobten Wettbewerbs \u201eLogistiKids\u201c f\u00fcr Kinderg\u00e4rten und Grundschulen. \u201eWie kommt die Kiwi zu uns nach Hause?\u201c und \u201eHeute im Onlineshop bestellt, morgen da! Wie funktioniert das?\u201c waren die Aufgabestellungen f\u00fcr die teilnehmenden Kindergruppen. Die Sieger des Wettbewerbs wurden nun durch die NRW-Wirtschaftsministerin Mona Neubaur im Innovationszentrum Hamm IZH im Parazelsuspark gek\u00fcrt.<\/p>\n\n\n\n<p>Wirtschafts- und Klimaschutzministerin Mona Neubaur: \u201eLogistik steckt in unserem Alltag \u2013 vom Fr\u00fchst\u00fcck im Kindergarten bis zum Paket vor der Haust\u00fcr. Ohne sie l\u00e4uft nichts. Bei LogistiKids entdecken Kinder spielerisch, wie spannend diese Welt ist. Mit Neugier, Kreativit\u00e4t und tollen Ideen machen sie sicht-bar, was sonst oft im Hintergrund bleibt. Das ist Lernen mit Spa\u00df \u2013 und viel-leicht der erste Schritt in eine Zukunft voller M\u00f6glichkeiten. Danke an alle Kin-der und an die engagierten Erzieherinnen, Erzieher, Lehrerinnen und Lehrer, die das m\u00f6glich machen.\u201c<\/p>\n\n\n\n<p>\u201eDer Wettbewerb ist nach wie vor ein fester Bestandteil unserer Netzwerkarbeit f\u00fcr die Logistik und immer wieder ein absolutes Highlight bei unserem Jahresauftakt, bei dem wir immer in die Zukunft der Logistik schauen\u201c, so Peter Abelmann, Gesch\u00e4ftsf\u00fchrer beim Kompetenznetz Logistik.NRW. \u201eUnsere Jury war begeistert von den vielen tollen Beitr\u00e4gen. Die Auswahl der Gewinner fiel des-halb besonders schwer. Lebensmittel, Kleidung, Technik \u2013 wir merken oft nicht, wie sehr globale Lieferketten unseren Alltag pr\u00e4gen. Die wunderbaren Pr\u00e4sentationen der Kinder zeigen, wie intensiv sich alle mit der Logistik, die dahinter steckt auseinandergesetzt haben. Kreativ und stark haben sie eine komplexe Welt verst\u00e4ndlich erkl\u00e4rt und sich selbst erschlossen\u201c, freut sich Ocke Hamann, Fachpolitischer Sprecher f\u00fcr Mobilit\u00e4t und Verkehr bei IHK NRW und Mitglied der Jury, \u00fcber den Erfolg und die gro\u00dfe Resonanz des Wettbewerbs.<\/p>\n\n\n\n<p>Bei den Kinderg\u00e4rten gewannen der \u201eSt. Johannes Kindergarten Nieukerk\u201c aus Kerken (1. Platz) vor der \u201eKita am Martin-Luther-Haus\u201c aus Minden (2. Platz) und dem \u201eEv. Johannes Kindergarten\/ABC-L\u00f6wen-Gruppe\u201c aus Ibbenb\u00fcren (3. Platz). Den 4. Platz (Sonderpreis des Sponsors \u201eBargelink\u201c) errang der \u201eEv. Jakobus Kindergarten aus Dortmund.<\/p>\n\n\n\n<p>Bei den Grundschulen gewannen die \u201eGrundschule Nord \/ Klasse 2a\u201c aus Leopoldsh\u00f6he (1. Platz) vor der \u201eLeegmeerschule\u201c aus Emmerich am Rhein (2. Platz) und der \u201eKGS Annaschule\u201c aus M\u00f6nchengladbach (3. Platz). Den 4. Platz (Sonderpreis von \u201eSetlog\u201c) erhielt die \u201eMarienschule\u201c aus Oberhausen.<\/p>\n\n\n\n<p>Die Siegergruppen erhielten, neben der Ehrung bei der Preisverleihung in Hamm, Geld- und Sachpreise, die von den Sponsoren des Wettbewerbs zur Verf\u00fcgung gestellt werden.<\/p>\n\n\n\n<p>M\u00f6glich machten dies die Unterst\u00fctzer Bargelink, Dachser, Dortmund Hafen 21, DSV, Duisport, Fraunhofer IML, Goldbeck, logineer, Prodac, die Standort Niederrhein, Pfenning Logistics, RAJAPACK, Segro Germany, Setlog, TIMOCOM, der Verband Verkehrswirtschaft und Logistik Nordrhein-Westfalen e.V. und die WM Group.<\/p>\n\n\n\n<p>Interessierte Kitas und Grundschulen k\u00f6nnen sich jetzt schon f\u00fcr den Wettbewerb in diesem Jahr (2026) anmelden der ab sofort startet. Die Themen lauten: \u201eWie kommt der Tee in unsere Tassen?\u201c (Kinderg\u00e4rten) und f\u00fcr die Grundschulen: \u201eWas passiert eigentlich im Binnenhafen?\u201c Die Einrichtungen haben dann Zeit bis zum 2. November 2026 ihre Beitr\u00e4ge einzureichen. Weitere Informationen: Kompetenznetz Logistik.NRW, Maike Lehmann, <a href=\"https:\/\/www.logit-club.de\/news\/logistikids-2025-ausgezeichnet-1116#\">E-Mail<\/a> oder Telefon 0173-1980453. Weitere Informationen sind <a href=\"https:\/\/www.logit-club.de\/themen\/logistik-fuer-kinder\">hier<\/a> zu finden.<\/p>\n\n\n\n<p>Quelle: <a href=\"https:\/\/www.logit-club.de\/themen\/logistik-fuer-kinder\">Logistik.NRW Kompetenznetz<\/a><\/p>\n\n\n<figure class=\"wp-block-post-featured-image\"><img loading=\"lazy\" decoding=\"async\" width=\"2560\" height=\"1298\" src=\"https:\/\/standort-niederrhein.de\/wp-content\/uploads\/2026\/01\/Bild3-scaled.jpg\" class=\"attachment-post-thumbnail size-post-thumbnail wp-post-image\" alt=\"\" style=\"object-fit:cover;\" srcset=\"https:\/\/standort-niederrhein.de\/wp-content\/uploads\/2026\/01\/Bild3-scaled.jpg 2560w, https:\/\/standort-niederrhein.de\/wp-content\/uploads\/2026\/01\/Bild3-1280x649.jpg 1280w, https:\/\/standort-niederrhein.de\/wp-content\/uploads\/2026\/01\/Bild3-980x497.jpg 980w, https:\/\/standort-niederrhein.de\/wp-content\/uploads\/2026\/01\/Bild3-480x243.jpg 480w\" sizes=\"(min-width: 0px) and (max-width: 480px) 480px, (min-width: 481px) and (max-width: 980px) 980px, (min-width: 981px) and (max-width: 1280px) 1280px, (min-width: 1281px) 2560px, 100vw\" \/><\/figure>\n\n\n<p>Fotos: Standort Niederrhein GmbH<\/p>\n","protected":false},"excerpt":{"rendered":"<p>NRW. Logistik als zentralen Prozess in unserer modernen Gesellschaft ins Bewusstsein zu bringen \u2013 das war auch 2025 wieder das Ziel des von Kompetenznetz Logistik.NRW und IHK NRW ausgelobten Wettbewerbs \u201eLogistiKids\u201c f\u00fcr Kinderg\u00e4rten und Grundschulen. \u201eWie kommt die Kiwi zu uns nach Hause?\u201c und \u201eHeute im Onlineshop bestellt, morgen da! Wie funktioniert das?\u201c waren die [&hellip;]<\/p>\n","protected":false},"author":3,"featured_media":7289,"comment_status":"closed","ping_status":"closed","sticky":false,"template":"","format":"standard","meta":{"_et_pb_use_builder":"","_et_pb_old_content":"","_et_gb_content_width":"","footnotes":""},"categories":[1],"tags":[],"class_list":["post-7288","post","type-post","status-publish","format-standard","has-post-thumbnail","hentry","category-allgemein"],"_links":{"self":[{"href":"https:\/\/standort-niederrhein.de\/en\/wp-json\/wp\/v2\/posts\/7288","targetHints":{"allow":["GET"]}}],"collection":[{"href":"https:\/\/standort-niederrhein.de\/en\/wp-json\/wp\/v2\/posts"}],"about":[{"href":"https:\/\/standort-niederrhein.de\/en\/wp-json\/wp\/v2\/types\/post"}],"author":[{"embeddable":true,"href":"https:\/\/standort-niederrhein.de\/en\/wp-json\/wp\/v2\/users\/3"}],"replies":[{"embeddable":true,"href":"https:\/\/standort-niederrhein.de\/en\/wp-json\/wp\/v2\/comments?post=7288"}],"version-history":[{"count":1,"href":"https:\/\/standort-niederrhein.de\/en\/wp-json\/wp\/v2\/posts\/7288\/revisions"}],"predecessor-version":[{"id":7290,"href":"https:\/\/standort-niederrhein.de\/en\/wp-json\/wp\/v2\/posts\/7288\/revisions\/7290"}],"wp:featuredmedia":[{"embeddable":true,"href":"https:\/\/standort-niederrhein.de\/en\/wp-json\/wp\/v2\/media\/7289"}],"wp:attachment":[{"href":"https:\/\/standort-niederrhein.de\/en\/wp-json\/wp\/v2\/media?parent=7288"}],"wp:term":[{"taxonomy":"category","embeddable":true,"href":"https:\/\/standort-niederrhein.de\/en\/wp-json\/wp\/v2\/categories?post=7288"},{"taxonomy":"post_tag","embeddable":true,"href":"https:\/\/standort-niederrhein.de\/en\/wp-json\/wp\/v2\/tags?post=7288"}],"curies":[{"name":"wp","href":"https:\/\/api.w.org\/{rel}","templated":true}]}}