{"id":7285,"date":"2026-01-28T07:00:00","date_gmt":"2026-01-28T06:00:00","guid":{"rendered":"https:\/\/standort-niederrhein.de\/?p=7285"},"modified":"2026-01-28T10:26:02","modified_gmt":"2026-01-28T09:26:02","slug":"ki-schafft-zeit-fuer-wichtige-aufgaben","status":"publish","type":"post","link":"https:\/\/standort-niederrhein.de\/en\/2026\/01\/28\/ki-schafft-zeit-fuer-wichtige-aufgaben\/","title":{"rendered":"KI schafft Zeit f\u00fcr wichtige Aufgaben"},"content":{"rendered":"\n<p><strong>Kreis Kleve\/ Bedburg-Hau. <\/strong>K\u00fcnstliche Intelligenz \u2013 kurz KI genannt \u2013 ist aus dem Alltag vieler Menschen nur schwer wegzudenken. Viele Unternehmen haben aber den Nutzen dieser Technologie f\u00fcr sich noch nicht entdeckt oder wissen nicht genau, wie sie damit starten sollen. Deswegen hat die Wirtschaftsf\u00f6rderung Kreis Kleve K\u00fcnstliche Intelligenz zum zentralen Thema ihrer aktuellen Unternehmerfr\u00fchst\u00fcck-Reihe gew\u00e4hlt. In Rocco\u2018s Museumscaf\u00e9 im Museum Schloss Moyland erfuhren die G\u00e4ste, wie kleine und mittelgro\u00dfe Unternehmen das Potenzial der KI aussch\u00f6pfen k\u00f6nnen.<\/p>\n\n\n\n<p>Zun\u00e4chst wurden die Teilnehmenden von B\u00fcrgermeister Stephan Reinders begr\u00fc\u00dft. Reinders stellte aktuelle Bauprojekte und Gewerbegebiete in der Gemeinde Bedburg-Hau vor. \u201eWir sind sehr aktiv in den n\u00e4chsten Jahren\u201c, sagte Reinders. So stehen, neben dem Neubau der Grundschule und des Feuerwehrhauses in Hau, die Erweiterung f\u00fcr den Offenen Ganztag an beiden Standorten der St. Markus Grundschule, der Neubau der Fl\u00fcchtlingsunterkunft an der Hauer Stra\u00dfe und die Sanierung der Umkleidebereiche im Sporthaus Hau an. &nbsp;An der Querallee entsteht ein rund sieben Hektar gro\u00dfes Gewerbegebiet, das mit viel Gr\u00fcn und Erholungsfl\u00e4chen gestaltet werden soll. Kreisweite Entwicklungen erfuhren die G\u00e4ste von Brigitte Jansen, der Gesch\u00e4ftsf\u00fchrerin der Wirtschaftsf\u00f6rderung Kreis Kleve, die auch die vielf\u00e4ltigen Aktivit\u00e4ten der Kreis-WFG vorstellte.<\/p>\n\n\n\n<p>Ingo Prang, Partner bei der KPP Steuerberatungsgesellschaft mbH aus Kleve, sowie Gerrit R\u00f6hl, IT\u2013Manager bei KPP, hielten anschlie\u00dfend einen Keynote-Vortrag mit dem Titel: \u201eKI verstehen und nutzen: Ein Kompass f\u00fcr KMU\u201c. Die G\u00e4ste erfuhren dabei, wie KI funktioniert, welche Anwendungsm\u00f6glichkeiten in verschiedenen Branchen bestehen und welche rechtlichen Gesichtspunkte es zu beachten gilt.<\/p>\n\n\n\n<p>In einer Gespr\u00e4chsrunde, moderiert durch Andrea Franken, ging es darum, wie lokale Unternehmen K\u00fcnstliche Intelligenz konkret einsetzen und welche Tipps sie anderen Firmen geben k\u00f6nnen. Gespr\u00e4chspartner waren Tobias Schiller, Gesch\u00e4ftsf\u00fchrer der KleSec GmbH, Henrik Scholten, Gesch\u00e4ftsf\u00fchrer der Apotheke am Rathaus, und Ingo Prang von KPP. &nbsp;&nbsp;KleSec bietet L\u00f6sungen f\u00fcr Brandmelde-, Einbruchmelde- und Videotechnik sowie Zutrittskontrolle an. Die Firma hat eine KI-gest\u00fctzte App entwickelt, um Stundenzettel zu ersetzen, Wartungsberichte einzustellen und den hauseigenen Technikern Unterst\u00fctzung zu liefern. Schiller ist \u00fcberzeugt: \u201eKI ist als Assistent sehr hilfreich und schafft Zeit f\u00fcr pers\u00f6nliche Beratung der Kundinnen und Kunden. Ein Ersatz f\u00fcr den Menschen ist KI sicher nicht.\u201c<\/p>\n\n\n\n<p>F\u00fcr die beiden Apotheken von Henrik Scholten arbeiten insgesamt 70 Menschen. KI hat l\u00e4ngst Einzug ins Unternehmen gehalten, etwa bei der Botendienst- und Lageroptimierung, aber auch bei Medikamentierungsanalysen. &nbsp;\u201eAngst vor dem Einsatz von KI braucht man nicht zu haben, ich w\u00fcrde empfehlen, einfach mal loszulegen und auszuprobieren\u201c, ermunterte Scholten die Anwesenden. Aber der Apotheker betonte auch: \u201eEs ist wichtig, dass am Ende der Mensch die Entscheidung trifft.\u201c<\/p>\n\n\n\n<p>Ingo Prang von KPP ist der \u00dcberzeugung, dass sich Unternehmen durch den Einsatz von KI auch attraktiv f\u00fcr potenzielle neue Mitarbeiter machen. \u201eDas gilt auch f\u00fcr Handwerksfirmen: F\u00fcr Auszubildende ist es doch cool, wenn sie in einem Dachdeckerunternehmen Drohnen zur Ausmessung eines Dachs fliegen d\u00fcrfen.\u201c Unternehmen sollten allerdings sicherstellen, dass professionelle KI-Anwendungen genutzt werden, um zu verhindern, dass ungewollt Daten abflie\u00dfen.<\/p>\n\n\n\n<p>Bei Kaffee und belegten Br\u00f6tchen kn\u00fcpften die G\u00e4ste anschlie\u00dfend noch zahlreiche Kontakte und kamen \u00fcber die Anwendungsm\u00f6glichkeiten von K\u00fcnstlicher Intelligenz ins Gespr\u00e4ch.<\/p>\n\n\n\n<p>Quelle: <a href=\"http:\/\/www.wfg-kreis-kleve.de\">WFG Kreis Kleve<\/a><\/p>\n\n\n<figure class=\"wp-block-post-featured-image\"><img loading=\"lazy\" decoding=\"async\" width=\"1780\" height=\"950\" src=\"https:\/\/standort-niederrhein.de\/wp-content\/uploads\/2026\/01\/UF-Bedburg-Hau-PI.jpg\" class=\"attachment-post-thumbnail size-post-thumbnail wp-post-image\" alt=\"\" style=\"object-fit:cover;\" srcset=\"https:\/\/standort-niederrhein.de\/wp-content\/uploads\/2026\/01\/UF-Bedburg-Hau-PI.jpg 1780w, https:\/\/standort-niederrhein.de\/wp-content\/uploads\/2026\/01\/UF-Bedburg-Hau-PI-1280x683.jpg 1280w, https:\/\/standort-niederrhein.de\/wp-content\/uploads\/2026\/01\/UF-Bedburg-Hau-PI-980x523.jpg 980w, https:\/\/standort-niederrhein.de\/wp-content\/uploads\/2026\/01\/UF-Bedburg-Hau-PI-480x256.jpg 480w\" sizes=\"(min-width: 0px) and (max-width: 480px) 480px, (min-width: 481px) and (max-width: 980px) 980px, (min-width: 981px) and (max-width: 1280px) 1280px, (min-width: 1281px) 1780px, 100vw\" \/><\/figure>\n\n\n<p>Beim Unternehmerfr\u00fchst\u00fcck in Bedburg-Hau (von links): Irina Jan\u00dfen (WFG Kreis Kleve), Marc Cattelaens (WFG Kreis Kleve), Stephan Reinders (B\u00fcrgermeister Gemeinde Bedburg-Hau), Henrik Scholten (Apotheke am Rathaus), \u00a0\u00a0Emely Egging (Wirtschaftsf\u00f6rderin Gemeinde Bedburg-Hau), Tobias Schiller (KleSec GmbH),\u00a0 Brigitte Jansen (Wirtschaftsf\u00f6rderin Kreis Kleve),\u00a0 Ingo Prang (KPP Steuerberatungsgesellschaft),\u00a0 Andrea Franken (Moderatorin) und\u00a0 Gerrit R\u00f6hl (KPP Steuerberatungsgesellschaft) vor dem historischen Schloss Moyland. | Foto: WFG Kreis Kleve<\/p>\n","protected":false},"excerpt":{"rendered":"<p>Kreis Kleve\/ Bedburg-Hau. K\u00fcnstliche Intelligenz \u2013 kurz KI genannt \u2013 ist aus dem Alltag vieler Menschen nur schwer wegzudenken. Viele Unternehmen haben aber den Nutzen dieser Technologie f\u00fcr sich noch nicht entdeckt oder wissen nicht genau, wie sie damit starten sollen. Deswegen hat die Wirtschaftsf\u00f6rderung Kreis Kleve K\u00fcnstliche Intelligenz zum zentralen Thema ihrer aktuellen Unternehmerfr\u00fchst\u00fcck-Reihe [&hellip;]<\/p>\n","protected":false},"author":3,"featured_media":7286,"comment_status":"closed","ping_status":"closed","sticky":false,"template":"","format":"standard","meta":{"_et_pb_use_builder":"","_et_pb_old_content":"","_et_gb_content_width":"","footnotes":""},"categories":[1],"tags":[],"class_list":["post-7285","post","type-post","status-publish","format-standard","has-post-thumbnail","hentry","category-allgemein"],"_links":{"self":[{"href":"https:\/\/standort-niederrhein.de\/en\/wp-json\/wp\/v2\/posts\/7285","targetHints":{"allow":["GET"]}}],"collection":[{"href":"https:\/\/standort-niederrhein.de\/en\/wp-json\/wp\/v2\/posts"}],"about":[{"href":"https:\/\/standort-niederrhein.de\/en\/wp-json\/wp\/v2\/types\/post"}],"author":[{"embeddable":true,"href":"https:\/\/standort-niederrhein.de\/en\/wp-json\/wp\/v2\/users\/3"}],"replies":[{"embeddable":true,"href":"https:\/\/standort-niederrhein.de\/en\/wp-json\/wp\/v2\/comments?post=7285"}],"version-history":[{"count":1,"href":"https:\/\/standort-niederrhein.de\/en\/wp-json\/wp\/v2\/posts\/7285\/revisions"}],"predecessor-version":[{"id":7287,"href":"https:\/\/standort-niederrhein.de\/en\/wp-json\/wp\/v2\/posts\/7285\/revisions\/7287"}],"wp:featuredmedia":[{"embeddable":true,"href":"https:\/\/standort-niederrhein.de\/en\/wp-json\/wp\/v2\/media\/7286"}],"wp:attachment":[{"href":"https:\/\/standort-niederrhein.de\/en\/wp-json\/wp\/v2\/media?parent=7285"}],"wp:term":[{"taxonomy":"category","embeddable":true,"href":"https:\/\/standort-niederrhein.de\/en\/wp-json\/wp\/v2\/categories?post=7285"},{"taxonomy":"post_tag","embeddable":true,"href":"https:\/\/standort-niederrhein.de\/en\/wp-json\/wp\/v2\/tags?post=7285"}],"curies":[{"name":"wp","href":"https:\/\/api.w.org\/{rel}","templated":true}]}}