{"id":7280,"date":"2026-01-29T06:00:00","date_gmt":"2026-01-29T05:00:00","guid":{"rendered":"https:\/\/standort-niederrhein.de\/?p=7280"},"modified":"2026-01-28T10:06:50","modified_gmt":"2026-01-28T09:06:50","slug":"kreis-wfg-und-tzg-starten-neues-qualifizierungsprogramm-fuer-gruender-und-jungunternehmer","status":"publish","type":"post","link":"https:\/\/standort-niederrhein.de\/en\/2026\/01\/29\/kreis-wfg-und-tzg-starten-neues-qualifizierungsprogramm-fuer-gruender-und-jungunternehmer\/","title":{"rendered":"Kreis-WFG und TZG starten neues Qualifizierungsprogramm f\u00fcr Gr\u00fcnder und Jungunternehmer"},"content":{"rendered":"\n<p><strong>Rhein-Kreis Neuss. <\/strong>Mit der \u201eGr\u00fcndungs.Impuls.Akademie\u201c startet die Kreiswirtschaftsf\u00f6rderung \u201eimpuls.RheinKreisNeuss\u201c zusammen mit der Technologiezentrum Glehn GmbH (TZG) als strategischem Bildungspartner ab M\u00e4rz ein neues Angebot f\u00fcr Menschen, die sich mit der Selbst\u00e4ndigkeit auseinandersetzen oder den Schritt in das Unternehmertum bereits gewagt haben. \u201eInnovationen und Gr\u00fcndungen sind Triebfedern einer sich transformierenden Wirtschaft, aus der heraus wir Wertsch\u00f6pfung, Arbeits- und Ausbildungspl\u00e4tze im Rhein-Kreis Neuss auch in Zukunft sichern und schaffen wollen \u201c, erkl\u00e4rt Robert Abts, Leiter der Kreiswirtschaftsf\u00f6rderung. \u201eMit der Gr\u00fcndungs.Impuls.Akademie f\u00fcr Gr\u00fcndende und Gr\u00fcndungsinteressierte sowie f\u00fcr Jungunternehmer setzen wir den n\u00e4chsten Baustein unseres seit 2024 geltenden Wirtschaftsf\u00f6rderungskonzeptes ,RKNextGen \u2013 Wir f\u00f6rdern Wirtschaft und Zukunft\u2018 um und entwickeln unser Innovations- und Gr\u00fcndungs\u00f6kosystem im Kreis weiter.\u201c<\/p>\n\n\n\n<p>Ein neu konzipiertes und modular strukturiertes Qualifizierungsprogramm soll dabei eine L\u00fccke schlie\u00dfen, um Gr\u00fcndung und Wachstum junger Unternehmen im Rhein-Kreis Neuss einfacher, zielgerichteter und am Ende erfolgreicher zu machen und mehr Menschen f\u00fcr das Thema Gr\u00fcndung zu mobilisieren. \u201eW\u00e4hrend individuelle Beratungen auch weiterhin eine zentrale Rolle spielen, adressiert die Akademie insbesondere den Bedarf nach vertiefender, strukturierter Begleitung\u201c, sagt Christian Schieren, <a>Leiter des Startercenter NRW <\/a>bei der Kreiswirtschaftsf\u00f6rderung.<\/p>\n\n\n\n<p>Inhaltlich ist die Gr\u00fcndungs.Impuls.Akademie entlang der individuellen Gr\u00fcndungsreise aufgebaut. Das Programm gliedert sich in vier Abschnitte \u2013 sogenannte Tracks, die jeweils unterschiedliche Phasen unternehmerischer Entwicklung adressieren. Der Track \u201eValidierung\u201c richtet sich an Gr\u00fcndungsinteressierte, die pr\u00fcfen m\u00f6chten, ob ihre Gesch\u00e4ftsidee ein reales Marktproblem l\u00f6st und wirtschaftlich tragf\u00e4hig ist. Der Track \u201eGr\u00fcndung\u201c unterst\u00fctzt angehende Unternehmer dabei, ihre Selbst\u00e4ndigkeit strukturiert und rechtssicher vorzubereiten, w\u00e4hrend der Track \u201eUnternehmens\u00fcbernahme\u201c Personen anspricht, die die Nachfolge eines bestehenden Unternehmens antreten wollen und sich auf diesen Prozess fundiert vorbereiten m\u00f6chten. Der Track \u201eWachstum\u201c wendet sich an bereits gegr\u00fcndete Unternehmen, die ihr Gesch\u00e4ftsmodell skalieren, neue M\u00e4rkte erschlie\u00dfen oder interne Strukturen professionalisieren m\u00f6chten. \u00dcber alle Tracks hinweg werden zentrale unternehmerische Lernfelder systematisch bearbeitet. Dazu z\u00e4hlen die Entwicklung von Strategie und Gesch\u00e4ftsmodell, finanzielle und rechtliche Grundlagen sowie Risikomanagement, Marketing, Vertrieb und Markenaufbau sowie Fragen der F\u00fchrung, Prozessgestaltung und Unternehmenskultur.<\/p>\n\n\n\n<p>Charakteristisch f\u00fcr die Gr\u00fcndungs.Impuls.Akademie ist die enge Verzahnung von Theorie und Praxis. Fachliche Impulse von Expertinnen und Experten werden mit interaktiven Workshops, Reflexionsphasen und praxisnahen Aufgaben kombiniert. \u201eNur wenn Wissen durch handlungsorientiertes Lernen \u2013 also durch aktives Handeln, Reflektieren und erneutes Anwenden \u2013 begleitet wird, entwickelt sich K\u00f6nnen und damit echte, nachhaltige Kompetenz\u201c, sagt Raimund Franzen, der zusammen mit Benjamin Josephs Gesch\u00e4ftsf\u00fchrer der Technologiezentrum Glehn GmbH ist. \u201eTheorie liefert Orientierung, Struktur und Reflexionstiefe, Praxis sorgt f\u00fcr Relevanz, Wirksamkeit und Transfer.\u201c Als strategischer Bildungspartner unterst\u00fctzt das TZG mit der Dozentenauswahl und stellt gleichzeitig die Lerninfrastruktur zur Verf\u00fcgung.<\/p>\n\n\n\n<p>Das f\u00fcr Teilnehmende kostenlose Programm ist kompakt und praxisnah konzipiert. Mit einer Laufzeit von rund einem Monat pro Track und einem durchschnittlichen Zeitaufwand von etwa f\u00fcnf Stunden pro Woche soll sich die Gr\u00fcndungs.Impuls.Akademie somit auch gut mit beruflichen Verpflichtungen, laufender Selbst\u00e4ndigkeit oder famili\u00e4ren Aufgaben vereinbaren lassen. Gleichzeitig bietet die Gr\u00fcndungs.Impuls.Akademie mehr Tiefe und Begleitung als kurze Online-Seminare und bleibt deutlich fokussierter als langfristige Weiterbildungsformate.<\/p>\n\n\n\n<p>Der Start im ersten Track \u201eValidierung\u201c der Gr\u00fcndungs.Impuls.Akademie ist am 2. M\u00e4rz 2026. Das Angebot findet in Kleingruppen zwischen f\u00fcnf und zehn Personen statt.&nbsp;<\/p>\n\n\n\n<p>Interessierte Gr\u00fcnderinnen und Gr\u00fcnder sowie Jungunternehmer k\u00f6nnen sich ab sofort <a href=\"https:\/\/tzg.online\/akademie\/gruendungs-impuls\/\">hier<\/a> informieren. <\/p>\n\n\n\n<p>Quelle: <a href=\"http:\/\/www.rhein-kreis-neuss.de\">Rhein-Kreis Neuss<\/a><\/p>\n\n\n<figure class=\"wp-block-post-featured-image\"><img loading=\"lazy\" decoding=\"async\" width=\"2415\" height=\"1610\" src=\"https:\/\/standort-niederrhein.de\/wp-content\/uploads\/2026\/01\/2026-01-15-Gruendung-impuls-Akademie.jpg\" class=\"attachment-post-thumbnail size-post-thumbnail wp-post-image\" alt=\"\" style=\"object-fit:cover;\" srcset=\"https:\/\/standort-niederrhein.de\/wp-content\/uploads\/2026\/01\/2026-01-15-Gruendung-impuls-Akademie.jpg 2415w, https:\/\/standort-niederrhein.de\/wp-content\/uploads\/2026\/01\/2026-01-15-Gruendung-impuls-Akademie-1280x853.jpg 1280w, https:\/\/standort-niederrhein.de\/wp-content\/uploads\/2026\/01\/2026-01-15-Gruendung-impuls-Akademie-980x653.jpg 980w, https:\/\/standort-niederrhein.de\/wp-content\/uploads\/2026\/01\/2026-01-15-Gruendung-impuls-Akademie-480x320.jpg 480w\" sizes=\"(min-width: 0px) and (max-width: 480px) 480px, (min-width: 481px) and (max-width: 980px) 980px, (min-width: 981px) and (max-width: 1280px) 1280px, (min-width: 1281px) 2415px, 100vw\" \/><\/figure>\n\n\n<p>Sie haben das Angebot der Gr\u00fcndungs.Impuls.Akademie vorgestellt (v.l.): Robert Abts (Leiter der Kreiswirtschaftsf\u00f6rderung \u201eimpuls.RheinKreisNeuss\u201c), Nora Aral (TZG), Dorottya K\u00f2thy-Wienhold (TZG), Christian Schieren (Leiter Startercenter NRW bei der Kreiswirtschaftsf\u00f6rderung) und TZG-Gesch\u00e4ftsf\u00fchrer Raimund Franzen. | Foto: S. B\u00fcntig\/ Rhein-Kreis Neuss<\/p>\n","protected":false},"excerpt":{"rendered":"<p>Rhein-Kreis Neuss. Mit der \u201eGr\u00fcndungs.Impuls.Akademie\u201c startet die Kreiswirtschaftsf\u00f6rderung \u201eimpuls.RheinKreisNeuss\u201c zusammen mit der Technologiezentrum Glehn GmbH (TZG) als strategischem Bildungspartner ab M\u00e4rz ein neues Angebot f\u00fcr Menschen, die sich mit der Selbst\u00e4ndigkeit auseinandersetzen oder den Schritt in das Unternehmertum bereits gewagt haben. \u201eInnovationen und Gr\u00fcndungen sind Triebfedern einer sich transformierenden Wirtschaft, aus der heraus wir Wertsch\u00f6pfung, [&hellip;]<\/p>\n","protected":false},"author":3,"featured_media":7281,"comment_status":"closed","ping_status":"closed","sticky":false,"template":"","format":"standard","meta":{"_et_pb_use_builder":"","_et_pb_old_content":"","_et_gb_content_width":"","footnotes":""},"categories":[1],"tags":[],"class_list":["post-7280","post","type-post","status-publish","format-standard","has-post-thumbnail","hentry","category-allgemein"],"_links":{"self":[{"href":"https:\/\/standort-niederrhein.de\/en\/wp-json\/wp\/v2\/posts\/7280","targetHints":{"allow":["GET"]}}],"collection":[{"href":"https:\/\/standort-niederrhein.de\/en\/wp-json\/wp\/v2\/posts"}],"about":[{"href":"https:\/\/standort-niederrhein.de\/en\/wp-json\/wp\/v2\/types\/post"}],"author":[{"embeddable":true,"href":"https:\/\/standort-niederrhein.de\/en\/wp-json\/wp\/v2\/users\/3"}],"replies":[{"embeddable":true,"href":"https:\/\/standort-niederrhein.de\/en\/wp-json\/wp\/v2\/comments?post=7280"}],"version-history":[{"count":1,"href":"https:\/\/standort-niederrhein.de\/en\/wp-json\/wp\/v2\/posts\/7280\/revisions"}],"predecessor-version":[{"id":7282,"href":"https:\/\/standort-niederrhein.de\/en\/wp-json\/wp\/v2\/posts\/7280\/revisions\/7282"}],"wp:featuredmedia":[{"embeddable":true,"href":"https:\/\/standort-niederrhein.de\/en\/wp-json\/wp\/v2\/media\/7281"}],"wp:attachment":[{"href":"https:\/\/standort-niederrhein.de\/en\/wp-json\/wp\/v2\/media?parent=7280"}],"wp:term":[{"taxonomy":"category","embeddable":true,"href":"https:\/\/standort-niederrhein.de\/en\/wp-json\/wp\/v2\/categories?post=7280"},{"taxonomy":"post_tag","embeddable":true,"href":"https:\/\/standort-niederrhein.de\/en\/wp-json\/wp\/v2\/tags?post=7280"}],"curies":[{"name":"wp","href":"https:\/\/api.w.org\/{rel}","templated":true}]}}