{"id":7278,"date":"2026-01-28T06:00:00","date_gmt":"2026-01-28T05:00:00","guid":{"rendered":"https:\/\/standort-niederrhein.de\/?p=7278"},"modified":"2026-01-28T10:02:05","modified_gmt":"2026-01-28T09:02:05","slug":"regionaler-partnertag-zeigt-perspektiven-fuer-kamp-lintfort-und-die-region","status":"publish","type":"post","link":"https:\/\/standort-niederrhein.de\/en\/2026\/01\/28\/regionaler-partnertag-zeigt-perspektiven-fuer-kamp-lintfort-und-die-region\/","title":{"rendered":"Regionaler Partnertag zeigt Perspektiven f\u00fcr Kamp-Lintfort und die Region"},"content":{"rendered":"\n<p><strong>Kamp-Lintfort. <\/strong>Vertreter:innen aus Kommunen, Wirtschaft und Politik nutzten die Veranstaltung, um sich \u00fcber aktuelle Herausforderungen, praxisnahe L\u00f6sungsans\u00e4tze und regionale Kooperationsm\u00f6glichkeiten im Bereich der W\u00e4rmewende auszutauschen.<\/p>\n\n\n\n<p>Im Rahmen des Programms stellte die Stadt Kamp-Lintfort ihre Erfahrungen und aktuellen Arbeitsschritte in der kommunalen W\u00e4rmeplanung vor. Dabei wurden konkrete Potenziale f\u00fcr klimafreundliche W\u00e4rmenetze, der Einsatz erneuerbarer Energien sowie Perspektiven f\u00fcr eine schrittweise Dekarbonisierung der W\u00e4rmeversorgung aufgezeigt. Die Beitr\u00e4ge machten deutlich, welche zentrale Rolle die Stadtverwaltung bei der strategischen Ausrichtung und Koordinierung der W\u00e4rmewende vor Ort einnimmt. Erg\u00e4nzt wurden die Erfahrungsberichte durch Impulse zu Batteriespeichern, zur Stromerzeugung aus Biogas am Standort Asdonkshof sowie zu Fragen der Digitalisierung, B\u00fcrgerkommunikation und den Auswirkungen des Emissionshandels auf die Abfallwirtschaft.<\/p>\n\n\n\n<p>\u201eDie kommunale W\u00e4rmeplanung ist f\u00fcr uns ein zentrales Instrument, um die W\u00e4rmewende in Kamp-Lintfort strategisch, realistisch und sozial vertr\u00e4glich zu gestalten\u201c, erkl\u00e4rte B\u00fcrgermeister Prof. Dr. Christoph Landscheidt. \u201eDer regionale Austausch und praxisnahe Veranstaltungen wie der Partnertag auf dem Asdonkshof sind dabei \u00e4u\u00dferst wertvoll, um voneinander zu lernen und tragf\u00e4hige L\u00f6sungen f\u00fcr unsere Stadt und die Region zu entwickeln.\u201c<br>Der Asdonkshof pr\u00e4sentierte sich dabei als wichtiger Partner f\u00fcr Kommunen bei der Umsetzung energie- und klimapolitischer Ziele. Der Standort entwickelt sich zunehmend von einem klassischen Abfallentsorgungsstandort zu einem integrierten Abfall- und Energiezentrum und leistet damit einen aktiven Beitrag zur regionalen Energiewende.<\/p>\n\n\n\n<p>Der Regionale Partnertag unterstrich damit sowohl die aktive Rolle der Stadt Kamp-Lintfort als auch die Bedeutung des Asdonkshofs als verl\u00e4sslichen Partner f\u00fcr eine nachhaltige kommunale Daseinsvorsorge im Kreis Wesel.<\/p>\n\n\n\n<p>Quelle: <a href=\"https:\/\/www.kamp-lintfort.de\/service-rathaus\/pressemeldungen\/regionaler-partnertag-auf-dem-asdonkshof-zeigt-perspektiven-fuer\">Stadt Kamp-Lintfort<\/a><\/p>\n","protected":false},"excerpt":{"rendered":"<p>Kamp-Lintfort. Vertreter:innen aus Kommunen, Wirtschaft und Politik nutzten die Veranstaltung, um sich \u00fcber aktuelle Herausforderungen, praxisnahe L\u00f6sungsans\u00e4tze und regionale Kooperationsm\u00f6glichkeiten im Bereich der W\u00e4rmewende auszutauschen. Im Rahmen des Programms stellte die Stadt Kamp-Lintfort ihre Erfahrungen und aktuellen Arbeitsschritte in der kommunalen W\u00e4rmeplanung vor. Dabei wurden konkrete Potenziale f\u00fcr klimafreundliche W\u00e4rmenetze, der Einsatz erneuerbarer Energien sowie [&hellip;]<\/p>\n","protected":false},"author":3,"featured_media":0,"comment_status":"closed","ping_status":"closed","sticky":false,"template":"","format":"standard","meta":{"_et_pb_use_builder":"","_et_pb_old_content":"","_et_gb_content_width":"","footnotes":""},"categories":[1],"tags":[],"class_list":["post-7278","post","type-post","status-publish","format-standard","hentry","category-allgemein"],"_links":{"self":[{"href":"https:\/\/standort-niederrhein.de\/en\/wp-json\/wp\/v2\/posts\/7278","targetHints":{"allow":["GET"]}}],"collection":[{"href":"https:\/\/standort-niederrhein.de\/en\/wp-json\/wp\/v2\/posts"}],"about":[{"href":"https:\/\/standort-niederrhein.de\/en\/wp-json\/wp\/v2\/types\/post"}],"author":[{"embeddable":true,"href":"https:\/\/standort-niederrhein.de\/en\/wp-json\/wp\/v2\/users\/3"}],"replies":[{"embeddable":true,"href":"https:\/\/standort-niederrhein.de\/en\/wp-json\/wp\/v2\/comments?post=7278"}],"version-history":[{"count":1,"href":"https:\/\/standort-niederrhein.de\/en\/wp-json\/wp\/v2\/posts\/7278\/revisions"}],"predecessor-version":[{"id":7279,"href":"https:\/\/standort-niederrhein.de\/en\/wp-json\/wp\/v2\/posts\/7278\/revisions\/7279"}],"wp:attachment":[{"href":"https:\/\/standort-niederrhein.de\/en\/wp-json\/wp\/v2\/media?parent=7278"}],"wp:term":[{"taxonomy":"category","embeddable":true,"href":"https:\/\/standort-niederrhein.de\/en\/wp-json\/wp\/v2\/categories?post=7278"},{"taxonomy":"post_tag","embeddable":true,"href":"https:\/\/standort-niederrhein.de\/en\/wp-json\/wp\/v2\/tags?post=7278"}],"curies":[{"name":"wp","href":"https:\/\/api.w.org\/{rel}","templated":true}]}}