{"id":7274,"date":"2026-01-25T08:00:00","date_gmt":"2026-01-25T07:00:00","guid":{"rendered":"https:\/\/standort-niederrhein.de\/?p=7274"},"modified":"2026-01-23T14:57:03","modified_gmt":"2026-01-23T13:57:03","slug":"frank-meyer-beschliesst-mit-staedtetag-praesidium-die-dresdner-impulse","status":"publish","type":"post","link":"https:\/\/standort-niederrhein.de\/en\/2026\/01\/25\/frank-meyer-beschliesst-mit-staedtetag-praesidium-die-dresdner-impulse\/","title":{"rendered":"Frank Meyer beschlie\u00dft mit St\u00e4dtetag-Pr\u00e4sidium die \u201eDresdner Impulse\u201c"},"content":{"rendered":"\n<p><strong>Krefeld.<\/strong> Als Mitglied im Pr\u00e4sidium des Deutschen St\u00e4dtetags hat Oberb\u00fcrgermeister Frank Meyer in dieser Woche die \u201eDresdner Impulse\u201c mit beschlossen. Seit Dienstag hatte der Krefelder Oberb\u00fcrgermeister in der s\u00e4chsischen Landeshauptstadt an den Sitzungen von Pr\u00e4sidium und Hauptausschuss teilgenommen. Im Ergebnis fordern die St\u00e4dte eine Soforthilfe von rund 30 Milliarden Euro f\u00fcr die Kommunen in Deutschland und eine sp\u00fcrbare Entlastung von steigenden Sozialkosten. Zeitnah soll es daher Spitzengespr\u00e4che zwischen Bund, L\u00e4ndern und kommunalen Verb\u00e4nden geben.<\/p>\n\n\n\n<p>\u201eDie Kommunen befinden sich in einer dramatischen Finanzsituation, die sie nicht selbst verursacht haben\u201c, betont Frank Meyer. \u201eUm unsere Handlungsf\u00e4higkeit zu sichern und die Glaubw\u00fcrdigkeit kommunaler Demokratie nicht zu gef\u00e4hrden, brauchen wir die dauerhafte und nachhaltige Unterst\u00fctzung von Bund und L\u00e4ndern. Die \u201aDresdner Impulse\u2018 sind ein klarer Aufruf, den Worten nun Taten folgen zu lassen.\u201c Das j\u00e4hrliche Defizit der Kommunen in Deutschland ist auf mehr als 30 Milliarden Euro pro Jahr gestiegen, die Sozialausgaben wachsen j\u00e4hrlich im zweistelligen Prozentbereich. Neben einer besseren Finanzierung fordert der St\u00e4dtetag auch eine Vereinfachung von Prozessen und den Abbau von B\u00fcrokratie.<\/p>\n\n\n\n<p>Krefelds Oberb\u00fcrgermeister war im November 2025 ins Pr\u00e4sidium des Deutschen St\u00e4dtetages gew\u00e4hlt worden, das zentrale Gremium des kommunalen Spitzenverbandes. Der St\u00e4dtetag vertritt bundesweit rund 3.200 St\u00e4dte und Gemeinden mit zusammen etwa 54 Millionen Einwohnern. Er ist ein freiwilliger Zusammenschluss von kreisfreien und kreisangeh\u00f6rigen St\u00e4dten und setzt sich gegen\u00fcber Bundesregierung, Bundestag, Bundesrat, Europ\u00e4ischer Union und zahlreichen Organisationen f\u00fcr die Belange der Kommunen ein.<\/p>\n\n\n\n<p>Quelle: <a href=\"http:\/\/www.krefeld.de\">Stadt Krefeld<\/a><\/p>\n\n\n\n<p><\/p>\n","protected":false},"excerpt":{"rendered":"<p>Krefeld. Als Mitglied im Pr\u00e4sidium des Deutschen St\u00e4dtetags hat Oberb\u00fcrgermeister Frank Meyer in dieser Woche die \u201eDresdner Impulse\u201c mit beschlossen. Seit Dienstag hatte der Krefelder Oberb\u00fcrgermeister in der s\u00e4chsischen Landeshauptstadt an den Sitzungen von Pr\u00e4sidium und Hauptausschuss teilgenommen. Im Ergebnis fordern die St\u00e4dte eine Soforthilfe von rund 30 Milliarden Euro f\u00fcr die Kommunen in Deutschland [&hellip;]<\/p>\n","protected":false},"author":3,"featured_media":0,"comment_status":"closed","ping_status":"closed","sticky":false,"template":"","format":"standard","meta":{"_et_pb_use_builder":"","_et_pb_old_content":"","_et_gb_content_width":"","footnotes":""},"categories":[1],"tags":[],"class_list":["post-7274","post","type-post","status-publish","format-standard","hentry","category-allgemein"],"_links":{"self":[{"href":"https:\/\/standort-niederrhein.de\/en\/wp-json\/wp\/v2\/posts\/7274","targetHints":{"allow":["GET"]}}],"collection":[{"href":"https:\/\/standort-niederrhein.de\/en\/wp-json\/wp\/v2\/posts"}],"about":[{"href":"https:\/\/standort-niederrhein.de\/en\/wp-json\/wp\/v2\/types\/post"}],"author":[{"embeddable":true,"href":"https:\/\/standort-niederrhein.de\/en\/wp-json\/wp\/v2\/users\/3"}],"replies":[{"embeddable":true,"href":"https:\/\/standort-niederrhein.de\/en\/wp-json\/wp\/v2\/comments?post=7274"}],"version-history":[{"count":1,"href":"https:\/\/standort-niederrhein.de\/en\/wp-json\/wp\/v2\/posts\/7274\/revisions"}],"predecessor-version":[{"id":7275,"href":"https:\/\/standort-niederrhein.de\/en\/wp-json\/wp\/v2\/posts\/7274\/revisions\/7275"}],"wp:attachment":[{"href":"https:\/\/standort-niederrhein.de\/en\/wp-json\/wp\/v2\/media?parent=7274"}],"wp:term":[{"taxonomy":"category","embeddable":true,"href":"https:\/\/standort-niederrhein.de\/en\/wp-json\/wp\/v2\/categories?post=7274"},{"taxonomy":"post_tag","embeddable":true,"href":"https:\/\/standort-niederrhein.de\/en\/wp-json\/wp\/v2\/tags?post=7274"}],"curies":[{"name":"wp","href":"https:\/\/api.w.org\/{rel}","templated":true}]}}