{"id":7268,"date":"2026-01-24T08:00:00","date_gmt":"2026-01-24T07:00:00","guid":{"rendered":"https:\/\/standort-niederrhein.de\/?p=7268"},"modified":"2026-01-23T14:41:31","modified_gmt":"2026-01-23T13:41:31","slug":"landraetin-katharina-reinhold-tauscht-sich-mit-amtskollegen-zum-strukturwandel-aus","status":"publish","type":"post","link":"https:\/\/standort-niederrhein.de\/en\/2026\/01\/24\/landraetin-katharina-reinhold-tauscht-sich-mit-amtskollegen-zum-strukturwandel-aus\/","title":{"rendered":"Landr\u00e4tin Katharina Reinhold tauscht sich mit Amtskollegen zum Strukturwandel aus"},"content":{"rendered":"\n<p><strong>Rhein-Kreis Neuss.<\/strong> Landr\u00e4tin Katharina Reinhold hat sich mit Amtskollegen aus der Region zu einem Austausch \u00fcber Strukturwandelthemen getroffen. \u201eDer Strukturwandel bietet f\u00fcr unsere Heimat umfassende Chancen. Dazu geh\u00f6rt beispielsweise die Ansiedlung neuer Branchen, die Schaffung neuer Wertsch\u00f6pfungsketten und damit einhergehend die Entstehung zus\u00e4tzlicher Arbeitspl\u00e4tze\u201c, betont Landr\u00e4tin Katharina Reinhold. \u201eGemeinsam wollen wir diese Chancen nutzen und unsere Region zukunftsorientiert weiterentwickeln. Wir setzen dabei auf einen vertrauensvollen, offenen Austausch und werden unseren Einsatz f\u00fcr das Rheinische Revier in einem engagierten Miteinander fortsetzen.\u201c<\/p>\n\n\n\n<p>An dem Treffen, zu dem Landrat Frank Rock in den Rhein-Erft-Kreis geladen hatte, nahmen neben Katharina Reinhold und dem Gastgeber auch Landrat Stephan Pusch (Kreis Heinsberg), Felix Heinrichs (Oberb\u00fcrgermeister von M\u00f6nchengladbach), Dr. Tim Gr\u00fcttemeier (St\u00e4dteregionsrat der St\u00e4dteregion Aachen), Landrat Dr. Ralf Nolten (Kreis D\u00fcren) und Thomas Hissel (Beigeordneter f\u00fcr Wohnen, Soziales und Wirtschaft der Stadt Aachen) teil.<\/p>\n\n\n\n<p>Quelle: <a href=\"http:\/\/www.rhein-kreis-neuss.de\">Rhein-Kreis Neuss<\/a><\/p>\n\n\n<figure class=\"wp-block-post-featured-image\"><img loading=\"lazy\" decoding=\"async\" width=\"1134\" height=\"1192\" src=\"https:\/\/standort-niederrhein.de\/wp-content\/uploads\/2026\/01\/Treffen.jpg\" class=\"attachment-post-thumbnail size-post-thumbnail wp-post-image\" alt=\"\" style=\"object-fit:cover;\" srcset=\"https:\/\/standort-niederrhein.de\/wp-content\/uploads\/2026\/01\/Treffen.jpg 1134w, https:\/\/standort-niederrhein.de\/wp-content\/uploads\/2026\/01\/Treffen-980x1030.jpg 980w, https:\/\/standort-niederrhein.de\/wp-content\/uploads\/2026\/01\/Treffen-480x505.jpg 480w\" sizes=\"(min-width: 0px) and (max-width: 480px) 480px, (min-width: 481px) and (max-width: 980px) 980px, (min-width: 981px) 1134px, 100vw\" \/><\/figure>\n\n\n<p>Landr\u00e4tin Katharina Reinhold mit (v.l.) Thomas Hissel (Beigeordneter f\u00fcr Wohnen, Soziales und Wirtschaft der Stadt Aachen), Frank Rock (Landrat Rhein-Erft-Kreis), Dr. Ralf Nolten (Landrat Kreis D\u00fcren), Stephan Pusch (Landrat Kreis Heinsberg), Felix Heinrichs (Oberb\u00fcrgermeister M\u00f6nchengladbach) und Dr. Tim Gr\u00fcttemeier (St\u00e4dteregionsrat der St\u00e4dteregion Aachen). | Foto:<strong> <\/strong>Rhein-Kreis Neuss<\/p>\n","protected":false},"excerpt":{"rendered":"<p>Rhein-Kreis Neuss. Landr\u00e4tin Katharina Reinhold hat sich mit Amtskollegen aus der Region zu einem Austausch \u00fcber Strukturwandelthemen getroffen. \u201eDer Strukturwandel bietet f\u00fcr unsere Heimat umfassende Chancen. Dazu geh\u00f6rt beispielsweise die Ansiedlung neuer Branchen, die Schaffung neuer Wertsch\u00f6pfungsketten und damit einhergehend die Entstehung zus\u00e4tzlicher Arbeitspl\u00e4tze\u201c, betont Landr\u00e4tin Katharina Reinhold. \u201eGemeinsam wollen wir diese Chancen nutzen und [&hellip;]<\/p>\n","protected":false},"author":3,"featured_media":7269,"comment_status":"closed","ping_status":"closed","sticky":false,"template":"","format":"standard","meta":{"_et_pb_use_builder":"","_et_pb_old_content":"","_et_gb_content_width":"","footnotes":""},"categories":[1],"tags":[],"class_list":["post-7268","post","type-post","status-publish","format-standard","has-post-thumbnail","hentry","category-allgemein"],"_links":{"self":[{"href":"https:\/\/standort-niederrhein.de\/en\/wp-json\/wp\/v2\/posts\/7268","targetHints":{"allow":["GET"]}}],"collection":[{"href":"https:\/\/standort-niederrhein.de\/en\/wp-json\/wp\/v2\/posts"}],"about":[{"href":"https:\/\/standort-niederrhein.de\/en\/wp-json\/wp\/v2\/types\/post"}],"author":[{"embeddable":true,"href":"https:\/\/standort-niederrhein.de\/en\/wp-json\/wp\/v2\/users\/3"}],"replies":[{"embeddable":true,"href":"https:\/\/standort-niederrhein.de\/en\/wp-json\/wp\/v2\/comments?post=7268"}],"version-history":[{"count":1,"href":"https:\/\/standort-niederrhein.de\/en\/wp-json\/wp\/v2\/posts\/7268\/revisions"}],"predecessor-version":[{"id":7270,"href":"https:\/\/standort-niederrhein.de\/en\/wp-json\/wp\/v2\/posts\/7268\/revisions\/7270"}],"wp:featuredmedia":[{"embeddable":true,"href":"https:\/\/standort-niederrhein.de\/en\/wp-json\/wp\/v2\/media\/7269"}],"wp:attachment":[{"href":"https:\/\/standort-niederrhein.de\/en\/wp-json\/wp\/v2\/media?parent=7268"}],"wp:term":[{"taxonomy":"category","embeddable":true,"href":"https:\/\/standort-niederrhein.de\/en\/wp-json\/wp\/v2\/categories?post=7268"},{"taxonomy":"post_tag","embeddable":true,"href":"https:\/\/standort-niederrhein.de\/en\/wp-json\/wp\/v2\/tags?post=7268"}],"curies":[{"name":"wp","href":"https:\/\/api.w.org\/{rel}","templated":true}]}}