{"id":7264,"date":"2026-01-26T06:00:00","date_gmt":"2026-01-26T05:00:00","guid":{"rendered":"https:\/\/standort-niederrhein.de\/?p=7264"},"modified":"2026-01-28T15:53:20","modified_gmt":"2026-01-28T14:53:20","slug":"jubilaeen-und-bluetenpracht-in-berlin","status":"publish","type":"post","link":"https:\/\/standort-niederrhein.de\/en\/2026\/01\/26\/jubilaeen-und-bluetenpracht-in-berlin\/","title":{"rendered":"Jubil\u00e4en und Bl\u00fctenpracht in Berlin"},"content":{"rendered":"\n<p><strong>Straelen\/ Berlin. <\/strong>Seit zehn Jahren best\u00fcckt Heinz Manten die NRW-Halle der Gr\u00fcnen Woche in Berlin mit seinen prachtvollen Azaleen. Die Gr\u00fcne Woche in Berlin zieht seit 100 Jahren viele Menschen in ihren Bann. Neben neuester Technik, Wohlf\u00fchl-Oasen im Gr\u00fcnen und kulinarischen Highlights aus Deutschland und der ganzen Welt schafft es die Messe jedes Jahr wieder, mehrere hunderttausend Besucher anzulocken.<\/p>\n\n\n\n<p>Doch nicht nur die Besucher sind von der Atmosph\u00e4re der Messe begeistert, sondern auch die Aussteller. Heinz Manten aus Geldern feiert sein Jubil\u00e4um dieses Jahr gemeinsam mit der Gr\u00fcnen Woche. Als Mitglied des Vereins Agrobusiness Niederrhein trifft er sich j\u00e4hrlich mit Dr. Anke Schirocki, Gesch\u00e4ftsf\u00fchrerin des Vereins, in Berlin. Zusammen pr\u00e4sentieren sie die Bedeutung die Gr\u00fcne Branche vom Niederrhein und zeigen wie die Sch\u00f6nheit von Blumen und innovative Technologien<br>zusammenpassen.<\/p>\n\n\n\n<p>Die teilweise \u00fcber 30 Jahre alten Azaleen von Heinz Manten sind ein wahrer Blickfang. Einige von ihnen wurden im Laufe der Jahre mit viel g\u00e4rtnerischem Geschick in eine sogenannte \u201ePyramidenform\u201c geschnitten und erreichen eine H\u00f6he von bis zu 1,80 m. Doch Heinz Manten ist es nicht nur ein Anliegen, f\u00fcr die sch\u00f6ne Optik der Halle zu sorgen. Auch wenn der G\u00e4rtner die gesch\u00e4ftlichen Themen schon vor einigen Jahren an die j\u00fcngere Generation abgegeben hat, liegt ihm die Entdeckung neuer Sorten im Blut. Fr\u00fcher z\u00fcchtete er mit gro\u00dfer Leidenschaft, diese Aufgabe liegt heutzutage teilweise in den H\u00e4nden von<br>Forschungsunternehmen. Vor drei Jahren gab es eine spannende Entdeckung auf einem Feld seines Sohnes: Zwischen den Tausenden von Eriken war eine dabei, die sich viel sp\u00e4ter in der Entwicklung befand. W\u00e4hrend die anderen bereits in voller Bl\u00fcte standen, war diese noch gr\u00fcn und knospig. Normalerweise w\u00e4re diese \u201eSp\u00e4tz\u00fcnderin\u201c unter all den fr\u00fcher bl\u00fchenden Pflanzen nicht vermarktbar gewesen und auf dem Kompost gelandet, doch Heinz und sein Sohn ahnten, dass es sich um eine seltene Mutation handelte, und vermehrten die Pflanze. \u201eDiese Erica gracilis kommen sehr sp\u00e4t in Bl\u00fcte und haben in diesem<br>Jahr sogar Frost von minus sechs Grad unversehrt \u00fcberstanden. Das kann zu sp\u00e4teren Zeiten im Jahr ein wahrer Schatz f\u00fcr unseren oder den s\u00fcdeurop\u00e4ischen Markt sein, wenn die anderen Sorten bereits verbl\u00fcht sind!\u201c<\/p>\n\n\n\n<p>F\u00fcr Heinz Manten steht fest: Die Tradition der Gr\u00fcnen Woche soll noch so lange wie m\u00f6glich aufrechterhalten werden. Gemeinsam mit dem Verein Agrobusiness Niederrhein m\u00f6chte er noch viele weitere sch\u00f6ne Jahre in Berlin erleben und die Menschen mit seinen Pflanzen begeistern!<\/p>\n\n\n\n<p>Quelle: <a href=\"http:\/\/www.agrobusiness-niederrhein.de\">Agrobusiness Niederrhein e.V.<\/a><\/p>\n\n\n<figure class=\"wp-block-post-featured-image\"><img loading=\"lazy\" decoding=\"async\" width=\"2560\" height=\"1920\" src=\"https:\/\/standort-niederrhein.de\/wp-content\/uploads\/2026\/01\/PM_2026_3-Heinz-Manten_GrueneWoche2026_2-scaled.jpg\" class=\"attachment-post-thumbnail size-post-thumbnail wp-post-image\" alt=\"\" style=\"object-fit:cover;\" srcset=\"https:\/\/standort-niederrhein.de\/wp-content\/uploads\/2026\/01\/PM_2026_3-Heinz-Manten_GrueneWoche2026_2-scaled.jpg 2560w, https:\/\/standort-niederrhein.de\/wp-content\/uploads\/2026\/01\/PM_2026_3-Heinz-Manten_GrueneWoche2026_2-1280x960.jpg 1280w, https:\/\/standort-niederrhein.de\/wp-content\/uploads\/2026\/01\/PM_2026_3-Heinz-Manten_GrueneWoche2026_2-980x735.jpg 980w, https:\/\/standort-niederrhein.de\/wp-content\/uploads\/2026\/01\/PM_2026_3-Heinz-Manten_GrueneWoche2026_2-480x360.jpg 480w\" sizes=\"(min-width: 0px) and (max-width: 480px) 480px, (min-width: 481px) and (max-width: 980px) 980px, (min-width: 981px) and (max-width: 1280px) 1280px, (min-width: 1281px) 2560px, 100vw\" \/><\/figure>\n\n\n<p>Heinz Manten und Silke Gori\u00dfen, Ministerin f\u00fcr Landwirtschaft und Verbraucherschutz des Landes Nordrhein-Westfalen, mit den Azaleen auf der Gr\u00fcnen Woche in Berlin. | Foto: Agrobusiness Niederrhein e.V.<\/p>\n","protected":false},"excerpt":{"rendered":"<p>Straelen\/ Berlin. Seit zehn Jahren best\u00fcckt Heinz Manten die NRW-Halle der Gr\u00fcnen Woche in Berlin mit seinen prachtvollen Azaleen. Die Gr\u00fcne Woche in Berlin zieht seit 100 Jahren viele Menschen in ihren Bann. Neben neuester Technik, Wohlf\u00fchl-Oasen im Gr\u00fcnen und kulinarischen Highlights aus Deutschland und der ganzen Welt schafft es die Messe jedes Jahr wieder, [&hellip;]<\/p>\n","protected":false},"author":3,"featured_media":7266,"comment_status":"closed","ping_status":"closed","sticky":false,"template":"","format":"standard","meta":{"_et_pb_use_builder":"","_et_pb_old_content":"","_et_gb_content_width":"","footnotes":""},"categories":[1],"tags":[],"class_list":["post-7264","post","type-post","status-publish","format-standard","has-post-thumbnail","hentry","category-allgemein"],"_links":{"self":[{"href":"https:\/\/standort-niederrhein.de\/en\/wp-json\/wp\/v2\/posts\/7264","targetHints":{"allow":["GET"]}}],"collection":[{"href":"https:\/\/standort-niederrhein.de\/en\/wp-json\/wp\/v2\/posts"}],"about":[{"href":"https:\/\/standort-niederrhein.de\/en\/wp-json\/wp\/v2\/types\/post"}],"author":[{"embeddable":true,"href":"https:\/\/standort-niederrhein.de\/en\/wp-json\/wp\/v2\/users\/3"}],"replies":[{"embeddable":true,"href":"https:\/\/standort-niederrhein.de\/en\/wp-json\/wp\/v2\/comments?post=7264"}],"version-history":[{"count":2,"href":"https:\/\/standort-niederrhein.de\/en\/wp-json\/wp\/v2\/posts\/7264\/revisions"}],"predecessor-version":[{"id":7294,"href":"https:\/\/standort-niederrhein.de\/en\/wp-json\/wp\/v2\/posts\/7264\/revisions\/7294"}],"wp:featuredmedia":[{"embeddable":true,"href":"https:\/\/standort-niederrhein.de\/en\/wp-json\/wp\/v2\/media\/7266"}],"wp:attachment":[{"href":"https:\/\/standort-niederrhein.de\/en\/wp-json\/wp\/v2\/media?parent=7264"}],"wp:term":[{"taxonomy":"category","embeddable":true,"href":"https:\/\/standort-niederrhein.de\/en\/wp-json\/wp\/v2\/categories?post=7264"},{"taxonomy":"post_tag","embeddable":true,"href":"https:\/\/standort-niederrhein.de\/en\/wp-json\/wp\/v2\/tags?post=7264"}],"curies":[{"name":"wp","href":"https:\/\/api.w.org\/{rel}","templated":true}]}}