{"id":7259,"date":"2026-01-25T06:00:00","date_gmt":"2026-01-25T05:00:00","guid":{"rendered":"https:\/\/standort-niederrhein.de\/?p=7259"},"modified":"2026-01-23T13:40:52","modified_gmt":"2026-01-23T12:40:52","slug":"kreativwettbewerb-fuer-neues-gruendungszentrum-in-krefeld","status":"publish","type":"post","link":"https:\/\/standort-niederrhein.de\/en\/2026\/01\/25\/kreativwettbewerb-fuer-neues-gruendungszentrum-in-krefeld\/","title":{"rendered":"Kreativwettbewerb f\u00fcr neues Gr\u00fcndungszentrum in Krefeld"},"content":{"rendered":"\n<p><strong>Krefeld.<\/strong> Mit dem Umbau einer ehemaligen Textilfabrik aus den 1920er Jahren an der Luisenstra\u00dfe 32 entsteht in Krefeld ein neuer Ort f\u00fcr Gr\u00fcndung, Austausch und nachhaltige Innovation. Das geplante Gr\u00fcndungszentrum soll ab 2027 Start-ups, Unternehmen und Netzwerken Raum bieten, die an zukunftsf\u00e4higen L\u00f6sungen f\u00fcr Wirtschaft und Gesellschaft arbeiten. Thematische Schwerpunkte liegen auf Kreislaufwirtschaft, digitaler Transformation und sozialer Nachhaltigkeit.<\/p>\n\n\n\n<p>Das Projekt ist zugleich ein starkes Zeichen f\u00fcr den Strukturwandel in Krefeld. Wo einst Textilproduktion stattfand, soll k\u00fcnftig unternehmerische Innovation entstehen \u2013 vernetzt, offen und mit einem klaren Nachhaltigkeitsanspruch. Neben modernen B\u00fcro- und Experimentierfl\u00e4chen sind flexible Zonen f\u00fcr Austausch, Veranstaltungen, Workshops und Co-Creation geplant.<\/p>\n\n\n\n<p>\u201eKrefeld kann als Wirtschaftsstandort in besonderem Ma\u00dfe von nachhaltigen Innovationen profitieren und bietet hierf\u00fcr nun bald einen zentralen Ort\u201c, betont Eckart Preen, Leiter von KREFELD BUSINESS, und erg\u00e4nzt: \u201eMit dem Gr\u00fcndungszentrum an der Luisenstra\u00dfe entsteht ein Leuchtturmprojekt, das Gr\u00fcndergeist, Verantwortung und Standortentwicklung miteinander verbindet.\u201c<\/p>\n\n\n\n<p>Um diesem besonderen Ort eine eigenst\u00e4ndige und pr\u00e4gnante Identit\u00e4t zu geben, startet KREFELD BUSINESS nun einen Kreativwettbewerb. Gesucht werden ein Name, ein Claim und ein Logo, die den Charakter des Hauses nach au\u00dfen tragen. Die Marke soll das historische Geb\u00e4ude wertsch\u00e4tzend integrieren und zugleich die Zukunftsorientierung des Projekts sichtbar machen \u2013 mit Fokus auf Offenheit, unternehmerische Innovation, Nachhaltigkeit und gemeinschaftliches Arbeiten. \u201eMit dem neuen Gr\u00fcndungszentrum schaffen wir einen Raum, der weit \u00fcber klassische Arbeitsfl\u00e4chen hinausgeht\u201c, erl\u00e4utert Projektleiterin Monika Zurnatzis von KREFELD BUSINESS: \u201eEs geht um kreativen Austausch, lokale Gemeinschaft und die Entwicklung nachhaltiger Gesch\u00e4ftsmodelle. Die Marke spielt dabei eine zentrale Rolle: Sie soll Identit\u00e4t stiften und den besonderen Anspruch dieses Ortes nach au\u00dfen sichtbar machen.\u201c<\/p>\n\n\n\n<p>Der Wettbewerb wird von einer interdisziplin\u00e4r besetzten Jury begleitet, der Vertreterinnen und Vertreter aus den Bereichen Design, Wirtschaft, Stadtentwicklung und Nachhaltigkeit angeh\u00f6ren. Ziel ist es, unterschiedliche Perspektiven zusammenzuf\u00fchren und eine einpr\u00e4gsame, identit\u00e4tsstiftende Markenl\u00f6sung zu finden.<\/p>\n\n\n\n<p>F\u00fcr die Teilnahme ausgelobt sind 4.000 Euro Preisgeld f\u00fcr den Siegerentwurf sowie jeweils 1.000 Euro f\u00fcr Entw\u00fcrfe von weiteren ausgew\u00e4hlten Finalistinnen und Finalisten. Dar\u00fcber hinaus wird der gesamte Wettbewerbsprozess kommunikativ begleitet. Die Teilnehmenden profitieren dadurch von einer hohen \u00f6ffentlichen Sichtbarkeit und der M\u00f6glichkeit, an einem zentralen Zukunftsprojekt der Stadt Krefeld mitzuwirken.<\/p>\n\n\n\n<p>Interessierte reichen ein kurzes Motivationsblatt, einen Mini-Lebenslauf sowie ein Kurzportfolio ein. Auf dieser Grundlage werden die Teilnehmenden f\u00fcr die weitere Wettbewerbsphase ausgew\u00e4hlt.<\/p>\n\n\n\n<p>Weitere Informationen zum Kreativwettbewerb, zum geplanten Gr\u00fcndungszentrum an der Luisenstra\u00dfe sowie s\u00e4mtliche Unterlagen, einschlie\u00dflich des vollst\u00e4ndigen Kreativbriefings, stehen auf der <a href=\"https:\/\/www.krefeld-business.de\/gruendungszentrum-sucht-marke\/\">Website<\/a> von KREFELD BUSINESS zum Download bereit.<\/p>\n\n\n\n<p>Quelle: <a href=\"http:\/\/www.krefeld-business.de\">KREFELD BUSINESS<\/a><\/p>\n\n\n<figure class=\"wp-block-post-featured-image\"><img loading=\"lazy\" decoding=\"async\" width=\"2117\" height=\"1696\" src=\"https:\/\/standort-niederrhein.de\/wp-content\/uploads\/2026\/01\/PM_2026_01_16_Marke-fuer-neues-Gruendungszentrum_Nutzungsrechte_KREFELD_BUSINESS.jpg\" class=\"attachment-post-thumbnail size-post-thumbnail wp-post-image\" alt=\"\" style=\"object-fit:cover;\" srcset=\"https:\/\/standort-niederrhein.de\/wp-content\/uploads\/2026\/01\/PM_2026_01_16_Marke-fuer-neues-Gruendungszentrum_Nutzungsrechte_KREFELD_BUSINESS.jpg 2117w, https:\/\/standort-niederrhein.de\/wp-content\/uploads\/2026\/01\/PM_2026_01_16_Marke-fuer-neues-Gruendungszentrum_Nutzungsrechte_KREFELD_BUSINESS-1280x1025.jpg 1280w, https:\/\/standort-niederrhein.de\/wp-content\/uploads\/2026\/01\/PM_2026_01_16_Marke-fuer-neues-Gruendungszentrum_Nutzungsrechte_KREFELD_BUSINESS-980x785.jpg 980w, https:\/\/standort-niederrhein.de\/wp-content\/uploads\/2026\/01\/PM_2026_01_16_Marke-fuer-neues-Gruendungszentrum_Nutzungsrechte_KREFELD_BUSINESS-480x385.jpg 480w\" sizes=\"(min-width: 0px) and (max-width: 480px) 480px, (min-width: 481px) and (max-width: 980px) 980px, (min-width: 981px) and (max-width: 1280px) 1280px, (min-width: 1281px) 2117px, 100vw\" \/><\/figure>\n\n\n<p>Aktuelle Innenansicht des im Bau befindlichen Gr\u00fcndungszentrums | Urheber: Simon Erath; Nutzungsrechte: KREFELD BUSINESS<\/p>\n","protected":false},"excerpt":{"rendered":"<p>Krefeld. Mit dem Umbau einer ehemaligen Textilfabrik aus den 1920er Jahren an der Luisenstra\u00dfe 32 entsteht in Krefeld ein neuer Ort f\u00fcr Gr\u00fcndung, Austausch und nachhaltige Innovation. Das geplante Gr\u00fcndungszentrum soll ab 2027 Start-ups, Unternehmen und Netzwerken Raum bieten, die an zukunftsf\u00e4higen L\u00f6sungen f\u00fcr Wirtschaft und Gesellschaft arbeiten. Thematische Schwerpunkte liegen auf Kreislaufwirtschaft, digitaler Transformation [&hellip;]<\/p>\n","protected":false},"author":3,"featured_media":7260,"comment_status":"closed","ping_status":"closed","sticky":false,"template":"","format":"standard","meta":{"_et_pb_use_builder":"","_et_pb_old_content":"","_et_gb_content_width":"","footnotes":""},"categories":[1],"tags":[],"class_list":["post-7259","post","type-post","status-publish","format-standard","has-post-thumbnail","hentry","category-allgemein"],"_links":{"self":[{"href":"https:\/\/standort-niederrhein.de\/en\/wp-json\/wp\/v2\/posts\/7259","targetHints":{"allow":["GET"]}}],"collection":[{"href":"https:\/\/standort-niederrhein.de\/en\/wp-json\/wp\/v2\/posts"}],"about":[{"href":"https:\/\/standort-niederrhein.de\/en\/wp-json\/wp\/v2\/types\/post"}],"author":[{"embeddable":true,"href":"https:\/\/standort-niederrhein.de\/en\/wp-json\/wp\/v2\/users\/3"}],"replies":[{"embeddable":true,"href":"https:\/\/standort-niederrhein.de\/en\/wp-json\/wp\/v2\/comments?post=7259"}],"version-history":[{"count":2,"href":"https:\/\/standort-niederrhein.de\/en\/wp-json\/wp\/v2\/posts\/7259\/revisions"}],"predecessor-version":[{"id":7263,"href":"https:\/\/standort-niederrhein.de\/en\/wp-json\/wp\/v2\/posts\/7259\/revisions\/7263"}],"wp:featuredmedia":[{"embeddable":true,"href":"https:\/\/standort-niederrhein.de\/en\/wp-json\/wp\/v2\/media\/7260"}],"wp:attachment":[{"href":"https:\/\/standort-niederrhein.de\/en\/wp-json\/wp\/v2\/media?parent=7259"}],"wp:term":[{"taxonomy":"category","embeddable":true,"href":"https:\/\/standort-niederrhein.de\/en\/wp-json\/wp\/v2\/categories?post=7259"},{"taxonomy":"post_tag","embeddable":true,"href":"https:\/\/standort-niederrhein.de\/en\/wp-json\/wp\/v2\/tags?post=7259"}],"curies":[{"name":"wp","href":"https:\/\/api.w.org\/{rel}","templated":true}]}}