{"id":7255,"date":"2026-01-24T07:00:00","date_gmt":"2026-01-24T06:00:00","guid":{"rendered":"https:\/\/standort-niederrhein.de\/?p=7255"},"modified":"2026-01-23T13:36:48","modified_gmt":"2026-01-23T12:36:48","slug":"ki-als-persoenlicher-assistent","status":"publish","type":"post","link":"https:\/\/standort-niederrhein.de\/en\/2026\/01\/24\/ki-als-persoenlicher-assistent\/","title":{"rendered":"KI als pers\u00f6nlicher Assistent"},"content":{"rendered":"\n<p><strong>Kreis Kleve\/ Uedem. <\/strong>Viele Menschen nutzen K\u00fcnstliche Intelligenz bereits in ihrem Alltag. Aber auch im B\u00fcro und bei vielen Arbeitsprozessen k\u00f6nnen ChatGPT und Co. sehr n\u00fctzlich sein. \u00a0Wie genau, das erfuhren die G\u00e4ste nun beim Unternehmerfr\u00fchst\u00fcck der Wirtschaftsf\u00f6rderung Kreis Kleve im Uedemer B\u00fcrgerhaus mit dem Schwerpunktthema: \u201eK\u00fcnstliche Intelligenz: Potenziale f\u00fcr KMU\u201c.<\/p>\n\n\n\n<p>Zun\u00e4chst wurden die mehr als 60 Teilnehmenden von B\u00fcrgermeister Rainer Weber begr\u00fc\u00dft. Weber berichtete von aktuellen Baugebiete-Entwicklungen und vom Erweiterungsbau der Geschwister-Devries Grundschule f\u00fcr den Offenen Ganztag (OGS), der voraussichtlich im Februar eingeweiht werden k\u00f6nne. Mit aktuell 3.604 sozialversicherungspflichtigen &nbsp;&nbsp;&nbsp;&nbsp;Besch\u00e4ftigungsverh\u00e4ltnissen befinde sich die Gemeinde Uedem weiterhin auf einem ansteigenden Weg, was die Arbeitspl\u00e4tze angehe, so der B\u00fcrgermeister. \u201eWir haben einen optimalen Branchenmix, der uns f\u00fcr Krisen nicht so anf\u00e4llig macht\u201c, sagte Weber. Erfreulich sei der zu verzeichnende Anstieg bei der Gewerbesteuer auf zuletzt rund 8,8 Millionen Euro. \u201eDas ist ein sch\u00f6nes Ergebnis \u2013 vielen Dank an die Unternehmerinnen und Unternehmer\u201c, so der B\u00fcrgermeister. Eine gro\u00dfe Herausforderung sei hingegen die weiter ansteigende Kreisumlage und die in den kommenden Jahren voraussichtlich schrumpfende Ausgleichsr\u00fccklage der Gemeinde Uedem, einhergehend mit einer steigenden Pro-Kopf-Verschuldung. Kreisweite Entwicklungen erfuhren die G\u00e4ste von Brigitte Jansen, der Gesch\u00e4ftsf\u00fchrerin der Wirtschaftsf\u00f6rderung Kreis Kleve, die die vielf\u00e4ltigen Aktivit\u00e4ten der Kreis-WFG vorstellte.<\/p>\n\n\n\n<p>Viele Impulse f\u00fcr den Einsatz K\u00fcnstlicher Intelligenz im Unternehmen lieferten anschlie\u00dfend Christian Theissen, Rechtsanwalt und Steuerberater, sowie Gerrit R\u00f6hl, IT\u2013Manager, aus dem&nbsp; Hause KPP Steuerberatungsgesellschaft mbH aus Kleve. In ihrem Keynote-Vortrag mit dem Titel: \u201eKI verstehen und nutzen: Ein Kompass f\u00fcr KMU\u201c ging es darum, wie KI funktioniert, wie sie in der t\u00e4glichen Unternehmenspraxis angewendet werden kann, welche rechtlichen Aspekte zu beachten sind und wie Firmen die Einf\u00fchrung von KI gelingt.<\/p>\n\n\n\n<p>In einer Gespr\u00e4chsrunde, moderiert durch Andrea Franken, lag der Fokus darauf, wie KI in Uedemer Unternehmen Anwendung findet. Gespr\u00e4chspartner waren Andreas Ebbing, Bereichsleiter Einkauf &amp; Qualit\u00e4tsmanagement M\u00fchlhoff Umformtechnik GmbH, Stanislav Gergert, AI Engineer Omexom Smart Technologies GmbH, und Christian Theissen von KPP. Beim Automobilzulieferer M\u00fchlhoff erwirtschaften rund 400 Mitarbeiter einen Umsatz von 100 Millionen Euro. &nbsp;K\u00fcnstliche Intelligenz wird dort vor allem in der Qualit\u00e4tssicherung und beim \u00dcberwachen der Produktion von Bauteilen eingesetzt. Ebbing empfahl den G\u00e4sten, ohne Scheu an das Thema KI heranzugehen: \u201eChatGPT und Co. bei\u00dfen nicht, sie liefern sehr viel Input!\u201c F\u00fcr das Energie-Unternehmen Omexom sind am Standort Uedem rund 700 Mitarbeitende t\u00e4tig. Im B\u00fcro habe jeder Mitarbeitende Zugang zu einem Chatbot, in der Produktion seien Gabelstapler mit KI-Kamerasystemen ausger\u00fcstet, erl\u00e4uterte Eggert. Regelm\u00e4\u00dfig finden im Unternehmen KI-Schulungen statt. F\u00fcr die Mitarbeitenden in Unternehmen k\u00f6nne die KI wie ein pers\u00f6nlicher Assistent dienen. \u201eIch empfehle, die Mitarbeitenden zu fragen, welche Aufgaben ein Assistent f\u00fcr sie \u00fcbernehmen k\u00f6nnte, wenn dieser eingestellt w\u00fcrde. Genau diese Aufgaben k\u00f6nnte dann wahrscheinlich eine KI \u00fcbernehmen, was zu mehr Effizienz im Unternehmen f\u00fchrt\u201c, sagte Gergert. Christian Theissen riet dazu, K\u00fcnstliche Intelligenz Schritt f\u00fcr Schritt im Unternehmen einzuf\u00fchren. \u201eNehmen Sie alle Mitarbeitenden mit. Wichtig ist aber auch, sich nicht blind auf die KI zu verlassen; am Ende ist und bleibt der Mensch verantwortlich\u201c, sagte Theissen.<\/p>\n\n\n\n<p>In der offenen Diskussionsrunde mit den G\u00e4sten wurden abschlie\u00dfend bei Kaffee und belegten Br\u00f6tchen noch viele Fragen aus dem Publikum zum Thema K\u00fcnstliche Intelligenz beantwortet.<\/p>\n\n\n\n<p>Quelle: <a href=\"http:\/\/www.wfg-kreis-kleve.de\">WFG Kreis Kleve<\/a><\/p>\n\n\n<figure class=\"wp-block-post-featured-image\"><img loading=\"lazy\" decoding=\"async\" width=\"1750\" height=\"989\" src=\"https:\/\/standort-niederrhein.de\/wp-content\/uploads\/2026\/01\/UF-Uedem-PI-1.jpg\" class=\"attachment-post-thumbnail size-post-thumbnail wp-post-image\" alt=\"\" style=\"object-fit:cover;\" srcset=\"https:\/\/standort-niederrhein.de\/wp-content\/uploads\/2026\/01\/UF-Uedem-PI-1.jpg 1750w, https:\/\/standort-niederrhein.de\/wp-content\/uploads\/2026\/01\/UF-Uedem-PI-1-1280x723.jpg 1280w, https:\/\/standort-niederrhein.de\/wp-content\/uploads\/2026\/01\/UF-Uedem-PI-1-980x554.jpg 980w, https:\/\/standort-niederrhein.de\/wp-content\/uploads\/2026\/01\/UF-Uedem-PI-1-480x271.jpg 480w\" sizes=\"(min-width: 0px) and (max-width: 480px) 480px, (min-width: 481px) and (max-width: 980px) 980px, (min-width: 981px) and (max-width: 1280px) 1280px, (min-width: 1281px) 1750px, 100vw\" \/><\/figure>\n\n\n<p>Beim Unternehmerfr\u00fchst\u00fcck in Uedem (von links): Dr. Benedikt R\u00f6sen (WFG Kreis Kleve), Andreas Ebbing (M\u00fchlhoff Umformtechnik GmbH), Marc Cattelaens (WFG Kreis Kleve), Andrea Franken (Moderatorin), Rainer Weber (B\u00fcrgermeister Gemeinde Uedem), Gerrit R\u00f6hl (KPP Steuerberatungsgesellschaft), Brigitte Jansen (Wirtschaftsf\u00f6rderin Kreis Kleve), Benedikt Koenen (Wirtschaftsf\u00f6rderer Gemeinde Uedem), Christian Theissen (KPP Steuerberatungsgesellschaft) und Stanislav Gergert (AI Engineer Omexom Smart Technologies GmbH). | Foto: WFG Kreis Kleve<\/p>\n","protected":false},"excerpt":{"rendered":"<p>Kreis Kleve\/ Uedem. Viele Menschen nutzen K\u00fcnstliche Intelligenz bereits in ihrem Alltag. Aber auch im B\u00fcro und bei vielen Arbeitsprozessen k\u00f6nnen ChatGPT und Co. sehr n\u00fctzlich sein. \u00a0Wie genau, das erfuhren die G\u00e4ste nun beim Unternehmerfr\u00fchst\u00fcck der Wirtschaftsf\u00f6rderung Kreis Kleve im Uedemer B\u00fcrgerhaus mit dem Schwerpunktthema: \u201eK\u00fcnstliche Intelligenz: Potenziale f\u00fcr KMU\u201c. Zun\u00e4chst wurden die mehr [&hellip;]<\/p>\n","protected":false},"author":3,"featured_media":7257,"comment_status":"closed","ping_status":"closed","sticky":false,"template":"","format":"standard","meta":{"_et_pb_use_builder":"","_et_pb_old_content":"","_et_gb_content_width":"","footnotes":""},"categories":[1],"tags":[],"class_list":["post-7255","post","type-post","status-publish","format-standard","has-post-thumbnail","hentry","category-allgemein"],"_links":{"self":[{"href":"https:\/\/standort-niederrhein.de\/en\/wp-json\/wp\/v2\/posts\/7255","targetHints":{"allow":["GET"]}}],"collection":[{"href":"https:\/\/standort-niederrhein.de\/en\/wp-json\/wp\/v2\/posts"}],"about":[{"href":"https:\/\/standort-niederrhein.de\/en\/wp-json\/wp\/v2\/types\/post"}],"author":[{"embeddable":true,"href":"https:\/\/standort-niederrhein.de\/en\/wp-json\/wp\/v2\/users\/3"}],"replies":[{"embeddable":true,"href":"https:\/\/standort-niederrhein.de\/en\/wp-json\/wp\/v2\/comments?post=7255"}],"version-history":[{"count":1,"href":"https:\/\/standort-niederrhein.de\/en\/wp-json\/wp\/v2\/posts\/7255\/revisions"}],"predecessor-version":[{"id":7258,"href":"https:\/\/standort-niederrhein.de\/en\/wp-json\/wp\/v2\/posts\/7255\/revisions\/7258"}],"wp:featuredmedia":[{"embeddable":true,"href":"https:\/\/standort-niederrhein.de\/en\/wp-json\/wp\/v2\/media\/7257"}],"wp:attachment":[{"href":"https:\/\/standort-niederrhein.de\/en\/wp-json\/wp\/v2\/media?parent=7255"}],"wp:term":[{"taxonomy":"category","embeddable":true,"href":"https:\/\/standort-niederrhein.de\/en\/wp-json\/wp\/v2\/categories?post=7255"},{"taxonomy":"post_tag","embeddable":true,"href":"https:\/\/standort-niederrhein.de\/en\/wp-json\/wp\/v2\/tags?post=7255"}],"curies":[{"name":"wp","href":"https:\/\/api.w.org\/{rel}","templated":true}]}}