{"id":7252,"date":"2026-01-24T06:00:00","date_gmt":"2026-01-24T05:00:00","guid":{"rendered":"https:\/\/standort-niederrhein.de\/?p=7252"},"modified":"2026-01-23T13:31:40","modified_gmt":"2026-01-23T12:31:40","slug":"staatssekretaer-bescheinigt-strukturwandel-foerderprojekt-gute-zukunftsaussichten","status":"publish","type":"post","link":"https:\/\/standort-niederrhein.de\/en\/2026\/01\/24\/staatssekretaer-bescheinigt-strukturwandel-foerderprojekt-gute-zukunftsaussichten\/","title":{"rendered":"Staatssekret\u00e4r bescheinigt Strukturwandel-F\u00f6rderprojekt gute Zukunftsaussichten"},"content":{"rendered":"\n<p><strong>M\u00f6nchengladbach.<\/strong> Zweieinhalb Jahre nach \u00dcbergabe des F\u00f6rderbescheids hat sich Matthias Heidmeier, Staatssekret\u00e4r im Ministerium f\u00fcr Arbeit, Gesundheit und Soziales des Landes Nordrhein-Westfalen (MAGS NRW), vor Ort einen praxisnahen Eindruck von der Arbeit des Strukturwandel-F\u00f6rderprojekts Gr\u00fcndungsfabrik und speziell des Teilprojekts skillzUP verschafft. Sein Fazit: M\u00f6nchengladbach ist mit der erfolgreichen Initiative ein landesweiter Vorreiter bei der Sch\u00e4rfung digitaler Kompetenzen von Jugendlichen.\u00a0<\/p>\n\n\n\n<p>Ein Elfj\u00e4hriger, der seine eigene KI programmiert und trainiert, aber strenggenommen schon seit dem sechsten Lebensjahr am Rechner t\u00fcftelt. Eine stellvertretende Schulleiterin, die sich selbst in Sachen Medienkompetenz zunehmend abgeh\u00e4ngt f\u00fchlt, aber ihren Sohn (und&nbsp; Kursteilnehmer) als \u201edigitalen Multiplikator\u201c zu nutzen wei\u00df. Die Ausbilderin eines Gro\u00dfunternehmens mit 50 Azubis, die nicht zuletzt die au\u00dferschulische Vermittlung von \u201eSoft Skills\u201c lobt: Unterschiedlicher konnten die Gespr\u00e4chspartner von Staatssekret\u00e4r Matthias Heidmeier kaum sein, als er nun mitsamt einer Delegation der Zukunftsagentur Rheinisches Revier um Gesch\u00e4ftsf\u00fchrer Bodo Middeldorf das Projekt <a href=\"https:\/\/skillzup-mg.de\/\">skillzUP<\/a> an der Rheydter M\u00fchlenstra\u00dfe besuchte. Einhellig hingegen war der Eindruck, den die Gespr\u00e4che hinterlie\u00dfen: \u201eWas Sie hier in M\u00f6nchengladbach bereits seit 2023 leisten, kann und sollte ein Vorbild f\u00fcr ganz Nordrhein-Westfalen sein\u201c, so Heidmeier.<\/p>\n\n\n\n<p>Seit Mitte 2023 l\u00e4uft das F\u00f6rderprojekt Gr\u00fcndungsfabrik \u2013 seinerzeit das erste gr\u00f6\u00dfere, das f\u00fcr den Raum M\u00f6nchengladbach vor dem Hintergrund des Rheinischen Braunkohle-Strukturwandels bewilligt wurde. Mit seinen zwei Str\u00e4ngen adressiert es einerseits das <a href=\"https:\/\/gruendungsfabrik.mg\/\">Gr\u00fcndungs-\u00d6kosystem<\/a> in der Region und zum anderen den Auf- und Ausbau digitaler Kompetenzen von jungen Menschen. Speziell dieser Bildungsaspekt, abgedeckt \u00fcber das Programm von skillzUP, stand im Mittelpunkt des Besuchs. skillzUP ist ein kostenfreies, bei der Wirtschaftsf\u00f6rderung M\u00f6nchengladbach (WFMG) angesiedeltes Qualifizierungsprogramm, das Jugendliche dabei unterst\u00fctzt, ihre digitalen F\u00e4higkeiten zu st\u00e4rken und sich zielgerichtet f\u00fcr den Arbeitsmarkt von morgen aufzustellen. In praxisnahen Workshops lernen die 13- bis 23-J\u00e4hrigen etwa, klar zu kommunizieren, Projekte zu managen, digitale Werkzeuge sinnvoll zu nutzen und sich besser zu organisieren \u2013 moderne digitale Medienkompetenz in Reinform also.<\/p>\n\n\n\n<p>Wie Projektleiterin Anastasia Rylnikov ausf\u00fchrte, reicht das Themenspektrum dabei von K\u00fcnstlicher Intelligenz, Programmierung und Content Creation \u00fcber App-Design bis hin zu Kreativit\u00e4t, Gruppenarbeiten und Pr\u00e4sentationen. Was das ganz konkret bedeutet, erfuhren die Besucher im Rahmen kurzer Demonstrationen und Gespr\u00e4che. So stellte Trainerin Samira Jakobs vor, wie sie \u00fcber TikTok-Kurzvideos Jugendlichen vermittelt, komplexe Themen in 30 Sekunden auf den Punkt zu bringen. Trainer Moritz Demandt verdeutlichte, wie K\u00fcnstliche Intelligenz bei der Berufsorientierung passgenau zum Einsatz gebracht werden kann. Und Sch\u00fclerin Namat Alsarakbi vom Berufskolleg Rheydt-M\u00fclfort f\u00fcr Technik berichtete von einer skillzUP-Veranstaltung im Rahmen der Digitalwoche 2025, bei der die Sch\u00fclerinnen und Sch\u00fcler erfuhren, wie Cyberangriffe auf politische Wahlen und sensible Daten funktionieren \u2013 und wie man sich dagegen wappnen kann, indem man beispielsweise so genannten Deepfakes zu erkennen lernt, also t\u00e4uschend echt manipulierte Fotos oder Videos.<\/p>\n\n\n\n<p>\u201eDas Land Nordrhein-Westfalen hat sich mit der neuen Initiative KI-Skilling.NRW gerade auf den Weg gemacht, Lehrkr\u00e4fte, die Finanzverwaltung und Auszubildende fit in Sachen K\u00fcnstlicher Intelligenz zu machen\u201c, berichtete Heidmeier. \u201eIch habe hier und heute den Eindruck gewonnen, dass das skillzUP-Projekt in M\u00f6nchengladbach einen starken Beitrag zur Bew\u00e4ltigung des Strukturwandels bietet.\u201c Im abschlie\u00dfenden Gespr\u00e4ch mit Oberb\u00fcrgermeister Felix Heinrichs, der WFMG-Gesch\u00e4ftsf\u00fchrung um Dr. Ulrich Sch\u00fcckhaus (Vorsitzender), Stefan Anspach und Friedhelm Lange, Daniela Perner (IHK Mittlerer Niederrhein) sowie Bodo Middeldorf und Elke Hohmann (Zukunftsagentur) ging es auch um die Frage, wie es um eine m\u00f6gliche Folgef\u00f6rderung von Gr\u00fcndungsfabrik und skillzUP \u00fcber die Strukturwandelkulisse bestellt ist.<\/p>\n\n\n\n<p>Das Projekt mit einer Gesamtf\u00f6rdersumme von knapp drei Millionen Euro wird derzeit zu 90 Prozent \u00fcber Bundes- und zu zehn Prozent \u00fcber Landesmittel getragen und l\u00e4uft in der jetzigen, ersten F\u00f6rderphase noch bis 30. Juni 2027. Perspektivisch wird eine Verstetigung der Angebote auf dem Gel\u00e4nde des Wissens- und Innovationscampus im alten Polizeipr\u00e4sidium angestrebt. Heidmeier machte Mut: \u201eIch bin zuversichtlich, dass Sie hier in M\u00f6nchengladbach eine sehr gute Basis gelegt haben f\u00fcr die Dinge, die folgen k\u00f6nnen.\u201c Er riet zudem dazu, speziell ein Projekt wie skillzUP im Zusammenhang mit bestehenden Landesinitiativen wie \u201eKein Abschluss ohne Anschluss\u201c (KAoA) zu denken, um eine dauerhafte Integration in der regionalen Bildungslandschaft zu erm\u00f6glichen.<\/p>\n\n\n\n<p>Quelle: <a href=\"http:\/\/www.wfmg.de\">WFMG<\/a><\/p>\n\n\n<figure class=\"wp-block-post-featured-image\"><img loading=\"lazy\" decoding=\"async\" width=\"1750\" height=\"1167\" src=\"https:\/\/standort-niederrhein.de\/wp-content\/uploads\/2026\/01\/PMWFMG-2026-01-22-StS-Heidmeier-zu-Gast-bei-skillzUP-1.jpg\" class=\"attachment-post-thumbnail size-post-thumbnail wp-post-image\" alt=\"\" style=\"object-fit:cover;\" srcset=\"https:\/\/standort-niederrhein.de\/wp-content\/uploads\/2026\/01\/PMWFMG-2026-01-22-StS-Heidmeier-zu-Gast-bei-skillzUP-1.jpg 1750w, https:\/\/standort-niederrhein.de\/wp-content\/uploads\/2026\/01\/PMWFMG-2026-01-22-StS-Heidmeier-zu-Gast-bei-skillzUP-1-1280x854.jpg 1280w, https:\/\/standort-niederrhein.de\/wp-content\/uploads\/2026\/01\/PMWFMG-2026-01-22-StS-Heidmeier-zu-Gast-bei-skillzUP-1-980x654.jpg 980w, https:\/\/standort-niederrhein.de\/wp-content\/uploads\/2026\/01\/PMWFMG-2026-01-22-StS-Heidmeier-zu-Gast-bei-skillzUP-1-480x320.jpg 480w\" sizes=\"(min-width: 0px) and (max-width: 480px) 480px, (min-width: 481px) and (max-width: 980px) 980px, (min-width: 981px) and (max-width: 1280px) 1280px, (min-width: 1281px) 1750px, 100vw\" \/><\/figure>\n\n\n<p>Matthias Heidmeier, Staatssekret\u00e4r im Ministerium f\u00fcr Arbeit, Gesundheit und Soziales des Landes Nordrhein-Westfalen (2.v.l. vordere Reihe), beim Besuch von Gr\u00fcndungsfabrik M\u00f6nchengladbach und skillzUP, mit Dr. Ulrich Sch\u00fcckhaus (WFMG), Daniela Perner (IHK Mittlerer Niederrhein) und Bodo Middeldorf (Zukunftsagentur, vordere Reihe v.l.), sowie Friedhelm Lange und Stefan Anspach (beide WFMG), Elke Hohmann (Zukunftsagentur) und Felix Heinrichs (Oberb\u00fcrgermeister). | Foto:  Carlos Albuquerque f\u00fcr WFMG<\/p>\n","protected":false},"excerpt":{"rendered":"<p>M\u00f6nchengladbach. Zweieinhalb Jahre nach \u00dcbergabe des F\u00f6rderbescheids hat sich Matthias Heidmeier, Staatssekret\u00e4r im Ministerium f\u00fcr Arbeit, Gesundheit und Soziales des Landes Nordrhein-Westfalen (MAGS NRW), vor Ort einen praxisnahen Eindruck von der Arbeit des Strukturwandel-F\u00f6rderprojekts Gr\u00fcndungsfabrik und speziell des Teilprojekts skillzUP verschafft. Sein Fazit: M\u00f6nchengladbach ist mit der erfolgreichen Initiative ein landesweiter Vorreiter bei der Sch\u00e4rfung [&hellip;]<\/p>\n","protected":false},"author":3,"featured_media":7253,"comment_status":"closed","ping_status":"closed","sticky":false,"template":"","format":"standard","meta":{"_et_pb_use_builder":"","_et_pb_old_content":"","_et_gb_content_width":"","footnotes":""},"categories":[1],"tags":[],"class_list":["post-7252","post","type-post","status-publish","format-standard","has-post-thumbnail","hentry","category-allgemein"],"_links":{"self":[{"href":"https:\/\/standort-niederrhein.de\/en\/wp-json\/wp\/v2\/posts\/7252","targetHints":{"allow":["GET"]}}],"collection":[{"href":"https:\/\/standort-niederrhein.de\/en\/wp-json\/wp\/v2\/posts"}],"about":[{"href":"https:\/\/standort-niederrhein.de\/en\/wp-json\/wp\/v2\/types\/post"}],"author":[{"embeddable":true,"href":"https:\/\/standort-niederrhein.de\/en\/wp-json\/wp\/v2\/users\/3"}],"replies":[{"embeddable":true,"href":"https:\/\/standort-niederrhein.de\/en\/wp-json\/wp\/v2\/comments?post=7252"}],"version-history":[{"count":1,"href":"https:\/\/standort-niederrhein.de\/en\/wp-json\/wp\/v2\/posts\/7252\/revisions"}],"predecessor-version":[{"id":7254,"href":"https:\/\/standort-niederrhein.de\/en\/wp-json\/wp\/v2\/posts\/7252\/revisions\/7254"}],"wp:featuredmedia":[{"embeddable":true,"href":"https:\/\/standort-niederrhein.de\/en\/wp-json\/wp\/v2\/media\/7253"}],"wp:attachment":[{"href":"https:\/\/standort-niederrhein.de\/en\/wp-json\/wp\/v2\/media?parent=7252"}],"wp:term":[{"taxonomy":"category","embeddable":true,"href":"https:\/\/standort-niederrhein.de\/en\/wp-json\/wp\/v2\/categories?post=7252"},{"taxonomy":"post_tag","embeddable":true,"href":"https:\/\/standort-niederrhein.de\/en\/wp-json\/wp\/v2\/tags?post=7252"}],"curies":[{"name":"wp","href":"https:\/\/api.w.org\/{rel}","templated":true}]}}