{"id":7235,"date":"2026-01-21T06:00:00","date_gmt":"2026-01-21T05:00:00","guid":{"rendered":"https:\/\/standort-niederrhein.de\/?p=7235"},"modified":"2026-01-20T12:39:34","modified_gmt":"2026-01-20T11:39:34","slug":"defense-innovation-summit-nrw-setzt-signal-fuer-sicherheitstechnologien","status":"publish","type":"post","link":"https:\/\/standort-niederrhein.de\/en\/2026\/01\/21\/defense-innovation-summit-nrw-setzt-signal-fuer-sicherheitstechnologien\/","title":{"rendered":"\u201eDefense Innovation Summit NRW\u201c setzt Signal f\u00fcr Sicherheitstechnologien"},"content":{"rendered":"\n<p><strong>Rhein-Kreis Neuss.<\/strong> Der erste \u201eDefense Innovation Summit NRW\u201c hat ein deutliches Zeichen f\u00fcr sicherheitsrelevante Technologien und technologische Souver\u00e4nit\u00e4t gesetzt. Organisiert wurde die Veranstaltung vom \u201eDefenseTech-Inkubator.NRW\u201c \u2013 einem Projekt, das seinen Sitz im Impuls-Werk des Rhein-Kreises Neuss auf dem Areal B\u00f6hler in Meerbusch hat und vom Kreis als Partner der ersten Stunde unterst\u00fctzt wird. \u201eDer Defense Innovation Summit NRW hat sichtbar gemacht, wie aus dem Zusammenspiel von Forschung, Mittelstand und Start-ups konkrete sicherheitspolitische St\u00e4rke entstehen kann und wie sich in Nordrhein-Westfalen ein dauerhaftes DefenseTech-Netzwerk aufbauen l\u00e4sst. F\u00fcr den Rhein-Kreis Neuss und unser Impuls-Werk best\u00e4tigt die Veranstaltung die wertvolle Rolle als wichtiger Ankerpunkt f\u00fcr den Transfer von Innovation in industrielle und sicherheitsrelevante Anwendungen\u201c, betont Robert Abts, Leiter der Kreiswirtschaftsf\u00f6rderung.<\/p>\n\n\n\n<p>Unter der Schirmherrschaft von NRW-Ministerpr\u00e4sident Hendrik W\u00fcst trafen sich Vertreterinnen und Vertreter aus Politik, Wirtschaft, Forschung, Bundeswehr, NATO und dem Start-up-\u00d6kosystem bei der Veranstaltung, um die Rolle Nordrhein-Westfalens als Standort f\u00fcr DefenseTech- und Dual-Use-Innovationen weiter zu st\u00e4rken. Das Interesse am \u201eDefense Innovation Summit NRW\u201c in der NRW.Bank in D\u00fcsseldorf war gro\u00df: Mehr als 500 Anmeldungen, \u00fcber 300 Teilnehmerinnen und Teilnehmer vor Ort sowie mehr als 20 ausstellende Start-ups unterstrichen die hohe Relevanz des Formats.<\/p>\n\n\n\n<p>Mit den Start-ups Staltec und Vektir waren zwei Start-ups aus dem Rhein-Kreis Neuss unter den Ausstellern vertreten. Das Meerbuscher Start-up Vektir entwickelt L\u00f6sungen f\u00fcr die Drohnenidentifikation und ist Bestandteil des Start-up-\u00d6kosystems des Kreises. Staltec entwickelt technische Beschichtungen f\u00fcr Produktionsanlagen der Stahlindustrie und hat seinen Sitz im Impuls-Werk des Rhein-Kreises Neuss. Zuletzt setzte sich Staltec im Final Pitch der achten Runde von \u201eaccelerate.RKN\u201c durch. Dabei handelt es sich um das Accelerator-Programm des Rhein-Kreises Neuss. Mit dem F\u00f6rderprogramm unterst\u00fctzt der Rhein-Kreis Neuss Gr\u00fcnderinnen und Gr\u00fcnder bei der Entwicklung ihrer Start-ups und begleitet sie auf dem Weg von der Idee zum marktf\u00e4higen Produkt. Ziel von \u201eaccelerate.rkn\u201c ist es, den Wirtschaftsstandort weiter zu st\u00e4rken. Weitere Informationen hierzu gibt es <a href=\"https:\/\/www.rhein-kreis-neuss.de\/accelerate-rkn\">hier<\/a>. <\/p>\n\n\n\n<p>Quelle: <a href=\"http:\/\/www.rhein-kreis-neuss.de\">Rhein-Kreis Neuss<\/a><\/p>\n\n\n<figure class=\"wp-block-post-featured-image\"><img loading=\"lazy\" decoding=\"async\" width=\"2018\" height=\"1403\" src=\"https:\/\/standort-niederrhein.de\/wp-content\/uploads\/2026\/01\/Foto-2.jpg\" class=\"attachment-post-thumbnail size-post-thumbnail wp-post-image\" alt=\"\" style=\"object-fit:cover;\" srcset=\"https:\/\/standort-niederrhein.de\/wp-content\/uploads\/2026\/01\/Foto-2.jpg 2018w, https:\/\/standort-niederrhein.de\/wp-content\/uploads\/2026\/01\/Foto-2-1280x890.jpg 1280w, https:\/\/standort-niederrhein.de\/wp-content\/uploads\/2026\/01\/Foto-2-980x681.jpg 980w, https:\/\/standort-niederrhein.de\/wp-content\/uploads\/2026\/01\/Foto-2-480x334.jpg 480w\" sizes=\"(min-width: 0px) and (max-width: 480px) 480px, (min-width: 481px) and (max-width: 980px) 980px, (min-width: 981px) and (max-width: 1280px) 1280px, (min-width: 1281px) 2018px, 100vw\" \/><\/figure>\n\n\n<p>Beim ersten \u201eDefense Innovation Summit NRW\u201c (v.l.): Robert Abts, Leiter der Kreiswirtschaftsf\u00f6rderung, Dominik Hintzen (Kreiswirtschaftsf\u00f6rderung) und Dr. Klemens Gaida<strong>, <\/strong>der zu den Initiatoren des <strong>\u201e<\/strong>DefenseTech-Inkubator.NRW\u201c z\u00e4hlt. | Foto:<strong> <\/strong>Rhein-Kreis Neuss<\/p>\n","protected":false},"excerpt":{"rendered":"<p>Rhein-Kreis Neuss. Der erste \u201eDefense Innovation Summit NRW\u201c hat ein deutliches Zeichen f\u00fcr sicherheitsrelevante Technologien und technologische Souver\u00e4nit\u00e4t gesetzt. Organisiert wurde die Veranstaltung vom \u201eDefenseTech-Inkubator.NRW\u201c \u2013 einem Projekt, das seinen Sitz im Impuls-Werk des Rhein-Kreises Neuss auf dem Areal B\u00f6hler in Meerbusch hat und vom Kreis als Partner der ersten Stunde unterst\u00fctzt wird. \u201eDer Defense [&hellip;]<\/p>\n","protected":false},"author":3,"featured_media":7236,"comment_status":"closed","ping_status":"closed","sticky":false,"template":"","format":"standard","meta":{"_et_pb_use_builder":"","_et_pb_old_content":"","_et_gb_content_width":"","footnotes":""},"categories":[1],"tags":[],"class_list":["post-7235","post","type-post","status-publish","format-standard","has-post-thumbnail","hentry","category-allgemein"],"_links":{"self":[{"href":"https:\/\/standort-niederrhein.de\/en\/wp-json\/wp\/v2\/posts\/7235","targetHints":{"allow":["GET"]}}],"collection":[{"href":"https:\/\/standort-niederrhein.de\/en\/wp-json\/wp\/v2\/posts"}],"about":[{"href":"https:\/\/standort-niederrhein.de\/en\/wp-json\/wp\/v2\/types\/post"}],"author":[{"embeddable":true,"href":"https:\/\/standort-niederrhein.de\/en\/wp-json\/wp\/v2\/users\/3"}],"replies":[{"embeddable":true,"href":"https:\/\/standort-niederrhein.de\/en\/wp-json\/wp\/v2\/comments?post=7235"}],"version-history":[{"count":2,"href":"https:\/\/standort-niederrhein.de\/en\/wp-json\/wp\/v2\/posts\/7235\/revisions"}],"predecessor-version":[{"id":7239,"href":"https:\/\/standort-niederrhein.de\/en\/wp-json\/wp\/v2\/posts\/7235\/revisions\/7239"}],"wp:featuredmedia":[{"embeddable":true,"href":"https:\/\/standort-niederrhein.de\/en\/wp-json\/wp\/v2\/media\/7236"}],"wp:attachment":[{"href":"https:\/\/standort-niederrhein.de\/en\/wp-json\/wp\/v2\/media?parent=7235"}],"wp:term":[{"taxonomy":"category","embeddable":true,"href":"https:\/\/standort-niederrhein.de\/en\/wp-json\/wp\/v2\/categories?post=7235"},{"taxonomy":"post_tag","embeddable":true,"href":"https:\/\/standort-niederrhein.de\/en\/wp-json\/wp\/v2\/tags?post=7235"}],"curies":[{"name":"wp","href":"https:\/\/api.w.org\/{rel}","templated":true}]}}