{"id":7232,"date":"2026-01-20T06:00:00","date_gmt":"2026-01-20T05:00:00","guid":{"rendered":"https:\/\/standort-niederrhein.de\/?p=7232"},"modified":"2026-01-16T15:42:28","modified_gmt":"2026-01-16T14:42:28","slug":"nrw-innenminister-herbert-reul-diskutiert-mit-studierenden-der-hochschule-rhein-waal","status":"publish","type":"post","link":"https:\/\/standort-niederrhein.de\/en\/2026\/01\/20\/nrw-innenminister-herbert-reul-diskutiert-mit-studierenden-der-hochschule-rhein-waal\/","title":{"rendered":"NRW-Innenminister Herbert Reul diskutiert mit Studierenden der Hochschule Rhein-Waal"},"content":{"rendered":"\n<p>NRW-Innenminister Herbert Reul besuchte die Hochschule Rhein-Waal in Kamp-Lintfort, wo er zum Thema Cybersecurity und Cybercrime referierte. In dem randvoll gef\u00fcllten H\u00f6rsaal hielt der Minister auf Einladung von Prof. Dr. Matthias Reintjes, Professor f\u00fcr Verwaltungswissenschaft und digitale Transformation, vor rund 100 Studierenden des Studi-engangs Verwaltungsinformatik \u2013 E-Government, B.Sc., einen Gastvortrag und stellte sich anschlie\u00dfend den zahlreichen Fragen der Studierenden.<\/p>\n\n\n\n<p>In seinem Vortrag an der Fakult\u00e4t Kommunikation und Umwelt der Hochschule Rhein-Waal beleuchtete Reul die zunehmende Bedeutung von Cybersicherheit f\u00fcr staatliches Handeln und ging dabei insbesondere auf die ver\u00e4nderten Rahmenbedingungen f\u00fcr Polizei- und Strafverfolgungsbeh\u00f6rden ein. Die fortschreitende Digitalisierung staatlicher Prozesse, die wachsende Vernetzung kritischer Infrastrukturen sowie die zunehmende Professionalisierung von Cyberkriminellen stellten den Staat vor neue, komplexe Aufgaben.<\/p>\n\n\n\n<p>\u201eDie Digitalisierung hat zwar viele positive Aspekte, f\u00fchrt aber nat\u00fcrlich auch dazu, dass die b\u00f6sen Jungs und M\u00e4dels ihre kriminellen Aktivit\u00e4ten zunehmend in das Internet verlagern. Darauf muss man nat\u00fcrlich reagieren. Deswegen haben wir Polizisten auf der Stra\u00dfe und bilden seit einiger Zeit in Nordrhein-Westfalen auch Cybercops aus\u201c, so Reul. Zugleich betonte der Innenminister, dass die Auswirkungen digitaler Bedrohungen weit \u00fcber den Bereich der inneren Sicherheit hinausgingen, sie bedrohen ebenso die Wirtschaft und die offene Gesellschaft insgesamt.<\/p>\n\n\n\n<p>Ein zentrales Anliegen des Vortrags war die Notwendigkeit, technologische, organisatorische und rechtliche Kompetenzen st\u00e4rker zusammenzudenken. Gerade an der Schnittstelle von Verwaltung, IT und Recht komme zuk\u00fcnftigen Fachkr\u00e4ften eine besondere Verantwortung zu. Der Staat sei auf gut ausgebildete Spezialisten, wie die Verwaltungsinformatikerinnen und Verwaltungsinformatiker der Hochschule Rhein-Waal angewiesen.<\/p>\n\n\n\n<p>Im Anschluss an den Vortrag stellte sich Herbert Reul rund 45 Minuten lang den Fragen und Diskussionsbeitr\u00e4gen der Studierenden. In einer lebhaften Debatte wurden zahlreiche Themen angesprochen, darunter die Rolle des Staates bei der Abwehr hybrider Bedrohungen, der Einsatz neuer Technologien in der Polizeiarbeit, Fragen des Datenschutzes sowie die Balance zwischen Sicherheit und Freiheitsrechten. Die intensive Fragerunde verdeutlichte das hohe Interesse der Studierenden an sicherheits- und digitalpolitischen Fragestellungen und bot zugleich Raum f\u00fcr einen direkten Austausch zwischen Politik und akademischem Nachwuchs.<\/p>\n\n\n\n<p>Der Pr\u00e4sident der Hochschule, Prof. Dr. Oliver Locker-Gr\u00fctjen, dankte dem Innenminister f\u00fcr die Gelegenheit zur Begegnung und zum Austausch. Der Besuch leiste einen wichtigen Beitrag zur Verbindung von Wissenschaft, Praxis und politischer Entscheidungsfindung. Gleichzeitig st\u00e4rke ein Austausch zwischen politischen Entscheidungstr\u00e4gern und Studierenden die gesellschaftliche Relevanz der Hochschullehre.<\/p>\n\n\n\n<p>Bei dem Studiengang Verwaltungsinformatik \u2013 E-Government, B.Sc., handelt es sich um ein duales Studium im Blockmodell. E-Government bedeutet, innovative IT-L\u00f6sungen f\u00fcr die Verwaltung und die Wirtschaft zu entwickeln. Studierende erwerben neben informations- und kommunikationstechnischem Fachwissen auch soziale, kommunikative und organisatorische Kompetenzen. Sie lernen die besonderen Anforderungen der Verwaltung kennen, erwerben das n\u00f6tige Know-how, um betriebswirtschaftlich angemessene L\u00f6sungen zu finden und sind mit dem rechtlichen Rahmen, in dem sie arbeiten werden, vertraut. Das interdisziplin\u00e4r angelegte Studium bildet Experten und Expertinnen aus, denen nahezu alle Branchen offenstehen. Es bef\u00e4higt die Absolvent*innen zur Anwendung neuer Technologien in Kommunen, auf Landes- und Bundesebene, bei europ\u00e4ischen Institutionen sowie in der Wirtschaft.<\/p>\n\n\n\n<p>Quelle: <a href=\"http:\/\/www.hochschule-rhein-waal.de\">Hochschule Rhein-Waal<\/a><\/p>\n\n\n<figure class=\"wp-block-post-featured-image\"><img loading=\"lazy\" decoding=\"async\" width=\"1920\" height=\"1281\" src=\"https:\/\/standort-niederrhein.de\/wp-content\/uploads\/2026\/01\/20260115_Innenminister-VL-VWI_FKU\u00a9HSRW_Anja-Peters_3.jpg\" class=\"attachment-post-thumbnail size-post-thumbnail wp-post-image\" alt=\"\" style=\"object-fit:cover;\" srcset=\"https:\/\/standort-niederrhein.de\/wp-content\/uploads\/2026\/01\/20260115_Innenminister-VL-VWI_FKU\u00a9HSRW_Anja-Peters_3.jpg 1920w, https:\/\/standort-niederrhein.de\/wp-content\/uploads\/2026\/01\/20260115_Innenminister-VL-VWI_FKU\u00a9HSRW_Anja-Peters_3-300x200.jpg 300w, https:\/\/standort-niederrhein.de\/wp-content\/uploads\/2026\/01\/20260115_Innenminister-VL-VWI_FKU\u00a9HSRW_Anja-Peters_3-1024x683.jpg 1024w, https:\/\/standort-niederrhein.de\/wp-content\/uploads\/2026\/01\/20260115_Innenminister-VL-VWI_FKU\u00a9HSRW_Anja-Peters_3-768x512.jpg 768w, https:\/\/standort-niederrhein.de\/wp-content\/uploads\/2026\/01\/20260115_Innenminister-VL-VWI_FKU\u00a9HSRW_Anja-Peters_3-1536x1025.jpg 1536w, https:\/\/standort-niederrhein.de\/wp-content\/uploads\/2026\/01\/20260115_Innenminister-VL-VWI_FKU\u00a9HSRW_Anja-Peters_3-1080x721.jpg 1080w, https:\/\/standort-niederrhein.de\/wp-content\/uploads\/2026\/01\/20260115_Innenminister-VL-VWI_FKU\u00a9HSRW_Anja-Peters_3-1280x854.jpg 1280w, https:\/\/standort-niederrhein.de\/wp-content\/uploads\/2026\/01\/20260115_Innenminister-VL-VWI_FKU\u00a9HSRW_Anja-Peters_3-980x654.jpg 980w, https:\/\/standort-niederrhein.de\/wp-content\/uploads\/2026\/01\/20260115_Innenminister-VL-VWI_FKU\u00a9HSRW_Anja-Peters_3-480x320.jpg 480w\" sizes=\"(max-width: 1920px) 100vw, 1920px\" \/><\/figure>\n\n\n<p>NRW-Innenminister Herbert Reul mit den Lehrenden des Studiengangs Verwaltungsinformatik \u2013 E-Government, B.Sc. und Hochschulpr\u00e4sident Prof. Dr. Oliver Locker-Gr\u00fctjen und Dekan der Fakult\u00e4t Kommunikation und Umwelt Prof. Dr. Klaus Hegemann (v.l.n.r.: Prof. Dr. Matteo Gro\u00dfe-Kampmann, Christoph Borbe, Prof. Dr. Matthias Reintjes, NRW-Innenminister Herbert Reul, Hochschulpr\u00e4sident Prof. Dr. Oliver Locker-Gr\u00fctjen, Prof. Dr. Tobias Siebenlist und Dekan Prof. Dr. Klaus Hegemann) | Foto: HSRW\/ Anja Peters<\/p>\n","protected":false},"excerpt":{"rendered":"<p>NRW-Innenminister Herbert Reul besuchte die Hochschule Rhein-Waal in Kamp-Lintfort, wo er zum Thema Cybersecurity und Cybercrime referierte. In dem randvoll gef\u00fcllten H\u00f6rsaal hielt der Minister auf Einladung von Prof. Dr. Matthias Reintjes, Professor f\u00fcr Verwaltungswissenschaft und digitale Transformation, vor rund 100 Studierenden des Studi-engangs Verwaltungsinformatik \u2013 E-Government, B.Sc., einen Gastvortrag und stellte sich anschlie\u00dfend den [&hellip;]<\/p>\n","protected":false},"author":3,"featured_media":7233,"comment_status":"closed","ping_status":"closed","sticky":false,"template":"","format":"standard","meta":{"_et_pb_use_builder":"","_et_pb_old_content":"","_et_gb_content_width":"","footnotes":""},"categories":[1],"tags":[],"class_list":["post-7232","post","type-post","status-publish","format-standard","has-post-thumbnail","hentry","category-allgemein"],"_links":{"self":[{"href":"https:\/\/standort-niederrhein.de\/en\/wp-json\/wp\/v2\/posts\/7232","targetHints":{"allow":["GET"]}}],"collection":[{"href":"https:\/\/standort-niederrhein.de\/en\/wp-json\/wp\/v2\/posts"}],"about":[{"href":"https:\/\/standort-niederrhein.de\/en\/wp-json\/wp\/v2\/types\/post"}],"author":[{"embeddable":true,"href":"https:\/\/standort-niederrhein.de\/en\/wp-json\/wp\/v2\/users\/3"}],"replies":[{"embeddable":true,"href":"https:\/\/standort-niederrhein.de\/en\/wp-json\/wp\/v2\/comments?post=7232"}],"version-history":[{"count":1,"href":"https:\/\/standort-niederrhein.de\/en\/wp-json\/wp\/v2\/posts\/7232\/revisions"}],"predecessor-version":[{"id":7234,"href":"https:\/\/standort-niederrhein.de\/en\/wp-json\/wp\/v2\/posts\/7232\/revisions\/7234"}],"wp:featuredmedia":[{"embeddable":true,"href":"https:\/\/standort-niederrhein.de\/en\/wp-json\/wp\/v2\/media\/7233"}],"wp:attachment":[{"href":"https:\/\/standort-niederrhein.de\/en\/wp-json\/wp\/v2\/media?parent=7232"}],"wp:term":[{"taxonomy":"category","embeddable":true,"href":"https:\/\/standort-niederrhein.de\/en\/wp-json\/wp\/v2\/categories?post=7232"},{"taxonomy":"post_tag","embeddable":true,"href":"https:\/\/standort-niederrhein.de\/en\/wp-json\/wp\/v2\/tags?post=7232"}],"curies":[{"name":"wp","href":"https:\/\/api.w.org\/{rel}","templated":true}]}}