{"id":7229,"date":"2026-01-19T06:00:00","date_gmt":"2026-01-19T05:00:00","guid":{"rendered":"https:\/\/standort-niederrhein.de\/?p=7229"},"modified":"2026-01-16T15:36:12","modified_gmt":"2026-01-16T14:36:12","slug":"so-koennen-firmen-mit-ki-durchstarten","status":"publish","type":"post","link":"https:\/\/standort-niederrhein.de\/en\/2026\/01\/19\/so-koennen-firmen-mit-ki-durchstarten\/","title":{"rendered":"So k\u00f6nnen Firmen mit KI durchstarten"},"content":{"rendered":"\n<p><strong>Kreis Kleve\/ Kleve. <\/strong>Immer mehr Menschen erkennen den Nutzen der K\u00fcnstlichen Intelligenz f\u00fcr sich. Wie auch Firmen von dieser Technologie profitieren k\u00f6nnen, erfuhren rund 140 G\u00e4ste \u2013 so viele wie noch nie \u2013 nun beim Unternehmerfr\u00fchst\u00fcck der Wirtschaftsf\u00f6rderung Kreis Kleve. In der Klever Stadthalle \u00a0\u00a0wurden die Teilnehmenden zun\u00e4chst von B\u00fcrgermeister Markus Dahmen begr\u00fc\u00dft. Dahmen erl\u00e4uterte die Schwerpunkte, die Verwaltung und Politik in wirtschaftlich herausfordernden Zeiten legen: Investitionen in Infrastruktur f\u00fcr Bildung, Sicherheit und Sport. 2029 ist Kleve Ausrichter der Landesgartenschau. \u201eDie Planungen laufen auf Hochtouren\u201c, sagte der B\u00fcrgermeister und lud die Anwesenden zum Infoabend am 8. Juli ein. Gemeinsam mit dem Team von Wirtschaft, Tourismus und Marketing der Stadt Kleve (WTM) arbeite man au\u00dferdem daran, Leerst\u00e4nde in der Innenstadt zu beseitigen und die City zu beleben. \u00a0\u00a0Kreisweite Entwicklungen erfuhren die G\u00e4ste von Brigitte Jansen, der Gesch\u00e4ftsf\u00fchrerin der Wirtschaftsf\u00f6rderung Kreis Kleve, die auch die vielf\u00e4ltigen Aktivit\u00e4ten der Kreis-WFG vorstellte.<\/p>\n\n\n\n<p>Anschlie\u00dfend r\u00fcckte das Thema K\u00fcnstliche Intelligenz in den Vordergrund. Die KPP Steuerberatungsgesellschaft mbH aus Kleve hat sich intensiv mit den Funktionsweisen und M\u00f6glichkeiten von KI besch\u00e4ftigt. Christian Theissen, Rechtsanwalt und Steuerberater bei KPP, sowie Gerrit R\u00f6hl, IT\u2013Manager bei KPP, gaben ihr Wissen im Rahmen ihres Keynote-Vortrags mit dem Titel: \u201eKI verstehen und nutzen: Ein Kompass f\u00fcr KMU\u201c an die G\u00e4ste weiter. Dabei ging es darum, wie KI funktioniert, wie sie in der t\u00e4glichen Unternehmenspraxis angewendet werden kann, welche rechtlichen Aspekte zu beachten sind und wie Firmen die Einf\u00fchrung von KI gelingt.<\/p>\n\n\n\n<p>In einer Gespr\u00e4chsrunde, moderiert durch Andrea Franken, ging es um Anwendungsm\u00f6glichkeiten f\u00fcr K\u00fcnstliche Intelligenz in kleinen und mittelgro\u00dfen Unternehmen (KMU). Gespr\u00e4chspartner waren Bernhard Sack, Gesch\u00e4ftsf\u00fchrer der impacx services GmbH, Andr\u00e9 Voller, Gesch\u00e4ftsf\u00fchrer der DigiWerkstatt 4.B gmbH, und Christian Theissen von KPP. &nbsp;&nbsp;Zum Angebot der impacx services GmbH geh\u00f6rt, die gesamte Kundenkommunikation \u00fcber s\u00e4mtliche Kommunikationskan\u00e4le wie Telefon, E-Mail, Social Media oder Chat zu \u00fcbernehmen. Rund 300 Mitarbeitende sind an den Standorten Kleve, Krefeld und Bochum t\u00e4tig. Gesch\u00e4ftsf\u00fchrer Sack riet den Anwesenden: \u201eNehmen Sie KI nicht als Bedrohung sondern als Chance wahr.\u201c Er betonte: \u201eKI sichert bei uns Arbeitspl\u00e4tze.\u201c<\/p>\n\n\n\n<p>Das Gesch\u00e4ftsmodell der DigiWerkstatt 4.B gmbH lautet: Digitalisierungs-Beratung f\u00fcr das Handwerk. K\u00fcnstliche Intelligenz k\u00f6nne im Unternehmen gerade bei ungeliebten Arbeiten helfen. \u201eF\u00fcr viele Handwerksbetriebe ist etwa die Dokumentation eine solche Aufgabe, sie wird als oft als \u00dcbel wahrgenommen\u201c, sagte Voller. Hier k\u00f6nne KI helfen, die Effizienz im Unternehmen zu steigern, indem es bei den Dokumentationspflichten entlaste. Christian Theissen riet dazu, K\u00fcnstliche Intelligenz Schritt f\u00fcr Schritt im Unternehmen einzuf\u00fchren. \u201eGerade die jungen Mitarbeitenden k\u00f6nnen hier eine Vorreiterrolle einnehmen und die \u00e4lteren Kollegen f\u00fcr KI begeistern\u201c, sagte Theissen.<\/p>\n\n\n\n<p>Bei Kaffee und belegten Br\u00f6tchen kn\u00fcpften die G\u00e4ste anschlie\u00dfend noch zahlreiche Kontakte und kamen \u00fcber die Anwendungsm\u00f6glichkeiten von K\u00fcnstlicher Intelligenz ins Gespr\u00e4ch.<\/p>\n\n\n\n<p>Quelle: <a href=\"http:\/\/www.wfg-kreis-kleve.de\">WFG Kreis Kleve<\/a><\/p>\n\n\n<figure class=\"wp-block-post-featured-image\"><img loading=\"lazy\" decoding=\"async\" width=\"1915\" height=\"1277\" src=\"https:\/\/standort-niederrhein.de\/wp-content\/uploads\/2026\/01\/IMG_6768.jpg\" class=\"attachment-post-thumbnail size-post-thumbnail wp-post-image\" alt=\"\" style=\"object-fit:cover;\" srcset=\"https:\/\/standort-niederrhein.de\/wp-content\/uploads\/2026\/01\/IMG_6768.jpg 1915w, https:\/\/standort-niederrhein.de\/wp-content\/uploads\/2026\/01\/IMG_6768-1280x854.jpg 1280w, https:\/\/standort-niederrhein.de\/wp-content\/uploads\/2026\/01\/IMG_6768-980x654.jpg 980w, https:\/\/standort-niederrhein.de\/wp-content\/uploads\/2026\/01\/IMG_6768-480x320.jpg 480w\" sizes=\"(min-width: 0px) and (max-width: 480px) 480px, (min-width: 481px) and (max-width: 980px) 980px, (min-width: 981px) and (max-width: 1280px) 1280px, (min-width: 1281px) 1915px, 100vw\" \/><\/figure>\n\n\n<p>Beim Unternehmerfr\u00fchst\u00fcck in Kleve (von links): Irina Jan\u00dfen (WFG Kreis Kleve), Verena Rohde (WTM Kleve), Gerrit R\u00f6hl (KPP Steuerberatungsgesellschaft), Christian Theissen (KPP Steuerberatungsgesellschaft), Andr\u00e9 Voller (DigiWerkstatt 4.B gmbH),\u00a0 Andrea Franken (Moderatorin), Brigitte Jansen (Wirtschaftsf\u00f6rderin Kreis Kleve), Bernhard Sack (impacx services GmbH) und Markus Dahmen (B\u00fcrgermeister Stadt Kleve). | Foto: WFG Kreis Kleve<\/p>\n","protected":false},"excerpt":{"rendered":"<p>Kreis Kleve\/ Kleve. Immer mehr Menschen erkennen den Nutzen der K\u00fcnstlichen Intelligenz f\u00fcr sich. Wie auch Firmen von dieser Technologie profitieren k\u00f6nnen, erfuhren rund 140 G\u00e4ste \u2013 so viele wie noch nie \u2013 nun beim Unternehmerfr\u00fchst\u00fcck der Wirtschaftsf\u00f6rderung Kreis Kleve. In der Klever Stadthalle \u00a0\u00a0wurden die Teilnehmenden zun\u00e4chst von B\u00fcrgermeister Markus Dahmen begr\u00fc\u00dft. Dahmen erl\u00e4uterte [&hellip;]<\/p>\n","protected":false},"author":3,"featured_media":7230,"comment_status":"closed","ping_status":"closed","sticky":false,"template":"","format":"standard","meta":{"_et_pb_use_builder":"","_et_pb_old_content":"","_et_gb_content_width":"","footnotes":""},"categories":[1],"tags":[],"class_list":["post-7229","post","type-post","status-publish","format-standard","has-post-thumbnail","hentry","category-allgemein"],"_links":{"self":[{"href":"https:\/\/standort-niederrhein.de\/en\/wp-json\/wp\/v2\/posts\/7229","targetHints":{"allow":["GET"]}}],"collection":[{"href":"https:\/\/standort-niederrhein.de\/en\/wp-json\/wp\/v2\/posts"}],"about":[{"href":"https:\/\/standort-niederrhein.de\/en\/wp-json\/wp\/v2\/types\/post"}],"author":[{"embeddable":true,"href":"https:\/\/standort-niederrhein.de\/en\/wp-json\/wp\/v2\/users\/3"}],"replies":[{"embeddable":true,"href":"https:\/\/standort-niederrhein.de\/en\/wp-json\/wp\/v2\/comments?post=7229"}],"version-history":[{"count":1,"href":"https:\/\/standort-niederrhein.de\/en\/wp-json\/wp\/v2\/posts\/7229\/revisions"}],"predecessor-version":[{"id":7231,"href":"https:\/\/standort-niederrhein.de\/en\/wp-json\/wp\/v2\/posts\/7229\/revisions\/7231"}],"wp:featuredmedia":[{"embeddable":true,"href":"https:\/\/standort-niederrhein.de\/en\/wp-json\/wp\/v2\/media\/7230"}],"wp:attachment":[{"href":"https:\/\/standort-niederrhein.de\/en\/wp-json\/wp\/v2\/media?parent=7229"}],"wp:term":[{"taxonomy":"category","embeddable":true,"href":"https:\/\/standort-niederrhein.de\/en\/wp-json\/wp\/v2\/categories?post=7229"},{"taxonomy":"post_tag","embeddable":true,"href":"https:\/\/standort-niederrhein.de\/en\/wp-json\/wp\/v2\/tags?post=7229"}],"curies":[{"name":"wp","href":"https:\/\/api.w.org\/{rel}","templated":true}]}}