{"id":7220,"date":"2026-01-16T06:00:00","date_gmt":"2026-01-16T05:00:00","guid":{"rendered":"https:\/\/standort-niederrhein.de\/?p=7220"},"modified":"2026-01-15T14:20:40","modified_gmt":"2026-01-15T13:20:40","slug":"wissens-und-innovationscampus-konzept-weiterentwickelt-baustart-im-blick","status":"publish","type":"post","link":"https:\/\/standort-niederrhein.de\/en\/2026\/01\/16\/wissens-und-innovationscampus-konzept-weiterentwickelt-baustart-im-blick\/","title":{"rendered":"Wissens- und Innovationscampus: Konzept weiterentwickelt, Baustart im Blick"},"content":{"rendered":"\n<p><strong>M\u00f6nchengladbach.<\/strong> Auf dem Wissens- und Innovationscampus M\u00f6nchengladbach (WICMG) sollen Lernen, Forschen, Gr\u00fcnden und Stadtgesellschaft zusammenkommen. Wie genau dieser Anspruch auf dem Areal des ehemaligen Polizeipr\u00e4sidiums Wirklichkeit werden kann und wie sich die einzelnen Bereiche auf dem Gel\u00e4nde verteilen werden, zeigt das aktualisierte Nutzungs- und Betreiberkonzept, das die WICMG GmbH nun vorgelegt hat. Und auch der Einstieg in die bauliche Umsetzung steht kurz bevor. Daf\u00fcr wurde jetzt ein Projektsteuerer unter Vertrag genommen. Im Fr\u00fchjahr soll der erste Bauabschnitt starten.<\/p>\n\n\n\n<p>Mitte Dezember hatte Kommunalministerin Ina Scharrenbach den rund 16 Millionen Euro schweren F\u00f6rderbescheid der Landesregierung Nordrhein-Westfalen und des Bundesministeriums f\u00fcr Wirtschaft feierlich \u00fcberbracht. Nur wenige Tage sp\u00e4ter konnte das Team des Wissenscampus den Auftrag f\u00fcr die Projektsteuerung vergeben. In einem offenen Vergabeverfahren setzte sich die Convis GmbH gegen ihre Mitbewerber durch. Vom Standort D\u00fcsseldorf aus wird das Unternehmen bei der Kontrolle von Kosten, Terminen und Qualit\u00e4ten unterst\u00fctzen und m\u00f6gliche Projektrisiken fr\u00fchzeitig identifizieren und bewerten. &#8220;Wir freuen uns, mit der Convis GmbH einen erfahrenen und kompetenten Projektsteuerer an Bord zu haben&#8221;, sagt WICMG-Gesch\u00e4ftsf\u00fchrerin Eva-Maria Hei\u00df.<\/p>\n\n\n\n<p>Im Fr\u00fchjahr dieses Jahres sollen die Bauarbeiten am ersten Bauabschnitt beginnen. Dieser umfasst die drei Geb\u00e4ude im nordwestlichen Rand des Gel\u00e4ndes, die direkt an das benachbarte M\u00f6belhaus angrenzen, darunter die ehemalige Turnhalle und ihr Nebengeb\u00e4ude mit Umkleiden, Sanit\u00e4ranlagen und Mehrzweckraum. Sie sollen zu einer modernen Sport- und Versammlungsst\u00e4tte hergerichtet werden. Das nord\u00f6stlich angrenzende Geb\u00e4ude wird k\u00fcnftig als Begegnungsst\u00e4tte f\u00fcr Kinder-, Jugendliche und Familien dienen \u2013 inklusive kleinem Caf\u00e9, MINT-orientiertem Bildungs- und Freizeitangebot und Gaming-M\u00f6glichkeiten f\u00fcr Jugendliche.<\/p>\n\n\n\n<p>Nutzungs- und Betreiberkonzept als &#8220;Fundament&#8221; f\u00fcr die bauliche Umsetzung Nach dem Umbau werden die Geb\u00e4ude des ersten Bauabschnitts also vor allem Raum f\u00fcr das gesellschaftliche Leben und f\u00fcr Begegnungen bieten. Sie bilden damit ein Nutzungscluster (&#8220;Lebens- und Netzwerkfunktionen&#8221;) von mehreren, die auf dem Campus realisiert werden sollen. Der Fokus der zuk\u00fcnftigen Nutzung liegt auf Bildungs- und Transferformaten, einem Gr\u00fcndungs- und Innovations\u00f6kosystem sowie Robotics- und Maker Spaces mit Forschungs- und Experimentierfl\u00e4chen.<\/p>\n\n\n\n<p>Detailliert beschrieben und verortet werden diese Cluster, aber auch weitere Servicefl\u00e4chen und Gemeinschaftsinfrastruktur, im aktualisierten Nutzungskonzept. Es teilt nicht nur den Campus in Teilbereiche, sondern definiert pr\u00e4zise Anforderungen an Fl\u00e4chen, R\u00e4ume, Baukonstruktion und technische Ausstattung und bildet damit die Grundlage f\u00fcr eine bedarfsgerechte bauliche Umsetzung.<\/p>\n\n\n\n<p>Eva-Maria Hei\u00df, Gesch\u00e4ftsf\u00fchrerin der WICMG GmbH, betont die Bedeutung des Konzeptes f\u00fcr den Erfolg des Projektes. &#8220;Das Nutzungs- und Betreiberkonzept ist, bildlich gesprochen, das Fundament f\u00fcr die Baut\u00e4tigkeiten, mit den wir den Wissens- und Innovationscampus in den n\u00e4chsten Jahren zum Leben erwecken. Mit ihm stellen wir sicher, dass wir die bauliche Umsetzung konsequent an den zuk\u00fcnftigen Nutzungen, Betriebsanforderungen und F\u00f6rderzielen ausrichten.&#8221;<\/p>\n\n\n\n<p>Erstmals wird das Nutzungskonzept durch ein eigenst\u00e4ndiges Betreiberkonzept erg\u00e4nzt. Es legt den organisatorischen, technischen und wirtschaftlichen Rahmen f\u00fcr einen nachhaltigen und wirtschaftlichen Betrieb des Campus fest. Dazu z\u00e4hlen Personal- und Organisationsstrukturen, technische Infrastrukturen, klare Betriebsabl\u00e4ufe sowie eine mehrj\u00e4hrige Finanzierungs- und Kostenplanung. Als fortlaufend zu aktualisierendes Instrument dient das Betreiberkonzept zugleich als Grundlage f\u00fcr den operativen Betrieb und als wichtige Orientierung f\u00fcr die weitere Bauplanung.<\/p>\n\n\n\n<p>Erarbeitet wurde das Konzept von der rheform GmbH in enger Zusammenarbeit mit der WICMG GmbH. Bereits im Jahr 2020 hatte die rheform GmbH gemeinsam mit dem Wissenscampus e. V., dem urspr\u00fcnglichen Ideengeber des Projekts, ein erstes Nutzungskonzept vorgelegt. Nun wurde das Konzept unter anderem mithilfe zahlreicher Workshops und Gespr\u00e4che mit den k\u00fcnftigen Ankermietern weiterentwickelt.<\/p>\n\n\n\n<p><strong>\u00dcber den Wissens- und Innovationscampus<\/strong><br>Der Wissens- und Innovationscampus M\u00f6nchengladbach ist eines der zentralen Strukturwandelprojekte der Stadt. Auf dem rund 35.000 Quadratmeter gro\u00dfen Gel\u00e4nde des ehemaligen Polizeipr\u00e4sidiums an der Webschulstra\u00dfe, Ecke Theodor-Heuss-Stra\u00dfe, entsteht in unmittelbarer Hochschuln\u00e4he ein neuer Ort f\u00fcr Bildung, Innovation, Gr\u00fcndung und Austausch, der Impulse f\u00fcr Stadt und Region setzt.<\/p>\n\n\n\n<p>Quelle: <a href=\"http:\/\/www.moenchengladbach.de\">Stadt M\u00f6nchengladbach<\/a><\/p>\n\n\n<figure class=\"wp-block-post-featured-image\"><img loading=\"lazy\" decoding=\"async\" width=\"1772\" height=\"1181\" src=\"https:\/\/standort-niederrhein.de\/wp-content\/uploads\/2026\/01\/312862P.jpg\" class=\"attachment-post-thumbnail size-post-thumbnail wp-post-image\" alt=\"\" style=\"object-fit:cover;\" srcset=\"https:\/\/standort-niederrhein.de\/wp-content\/uploads\/2026\/01\/312862P.jpg 1772w, https:\/\/standort-niederrhein.de\/wp-content\/uploads\/2026\/01\/312862P-1280x853.jpg 1280w, https:\/\/standort-niederrhein.de\/wp-content\/uploads\/2026\/01\/312862P-980x653.jpg 980w, https:\/\/standort-niederrhein.de\/wp-content\/uploads\/2026\/01\/312862P-480x320.jpg 480w\" sizes=\"(min-width: 0px) and (max-width: 480px) 480px, (min-width: 481px) and (max-width: 980px) 980px, (min-width: 981px) and (max-width: 1280px) 1280px, (min-width: 1281px) 1772px, 100vw\" \/><\/figure>\n\n\n<p>WICMG Projektsteuerer | Foto: Stadt M\u00f6nchengladbach<\/p>\n","protected":false},"excerpt":{"rendered":"<p>M\u00f6nchengladbach. Auf dem Wissens- und Innovationscampus M\u00f6nchengladbach (WICMG) sollen Lernen, Forschen, Gr\u00fcnden und Stadtgesellschaft zusammenkommen. Wie genau dieser Anspruch auf dem Areal des ehemaligen Polizeipr\u00e4sidiums Wirklichkeit werden kann und wie sich die einzelnen Bereiche auf dem Gel\u00e4nde verteilen werden, zeigt das aktualisierte Nutzungs- und Betreiberkonzept, das die WICMG GmbH nun vorgelegt hat. Und auch der [&hellip;]<\/p>\n","protected":false},"author":3,"featured_media":7221,"comment_status":"closed","ping_status":"closed","sticky":false,"template":"","format":"standard","meta":{"_et_pb_use_builder":"","_et_pb_old_content":"","_et_gb_content_width":"","footnotes":""},"categories":[1],"tags":[],"class_list":["post-7220","post","type-post","status-publish","format-standard","has-post-thumbnail","hentry","category-allgemein"],"_links":{"self":[{"href":"https:\/\/standort-niederrhein.de\/en\/wp-json\/wp\/v2\/posts\/7220","targetHints":{"allow":["GET"]}}],"collection":[{"href":"https:\/\/standort-niederrhein.de\/en\/wp-json\/wp\/v2\/posts"}],"about":[{"href":"https:\/\/standort-niederrhein.de\/en\/wp-json\/wp\/v2\/types\/post"}],"author":[{"embeddable":true,"href":"https:\/\/standort-niederrhein.de\/en\/wp-json\/wp\/v2\/users\/3"}],"replies":[{"embeddable":true,"href":"https:\/\/standort-niederrhein.de\/en\/wp-json\/wp\/v2\/comments?post=7220"}],"version-history":[{"count":1,"href":"https:\/\/standort-niederrhein.de\/en\/wp-json\/wp\/v2\/posts\/7220\/revisions"}],"predecessor-version":[{"id":7222,"href":"https:\/\/standort-niederrhein.de\/en\/wp-json\/wp\/v2\/posts\/7220\/revisions\/7222"}],"wp:featuredmedia":[{"embeddable":true,"href":"https:\/\/standort-niederrhein.de\/en\/wp-json\/wp\/v2\/media\/7221"}],"wp:attachment":[{"href":"https:\/\/standort-niederrhein.de\/en\/wp-json\/wp\/v2\/media?parent=7220"}],"wp:term":[{"taxonomy":"category","embeddable":true,"href":"https:\/\/standort-niederrhein.de\/en\/wp-json\/wp\/v2\/categories?post=7220"},{"taxonomy":"post_tag","embeddable":true,"href":"https:\/\/standort-niederrhein.de\/en\/wp-json\/wp\/v2\/tags?post=7220"}],"curies":[{"name":"wp","href":"https:\/\/api.w.org\/{rel}","templated":true}]}}