{"id":7217,"date":"2026-01-15T06:00:00","date_gmt":"2026-01-15T05:00:00","guid":{"rendered":"https:\/\/standort-niederrhein.de\/?p=7217"},"modified":"2026-01-15T10:48:15","modified_gmt":"2026-01-15T09:48:15","slug":"spatenstich-fuer-neues-wohnbauprojekt-in-kaarst","status":"publish","type":"post","link":"https:\/\/standort-niederrhein.de\/en\/2026\/01\/15\/spatenstich-fuer-neues-wohnbauprojekt-in-kaarst\/","title":{"rendered":"Spatenstich f\u00fcr neues Wohnbauprojekt in Kaarst"},"content":{"rendered":"\n<p><strong>Kaarst.<\/strong> Die Genossenschaft f\u00fcr kommunale Wohnraumversorgung Kaarst (KWK) kommt beim Ausbau von bezahlbarem Wohnraum einen wichtigen Schritt voran. Mit dem heutigen Spatenstich an der Glehner Stra\u00dfe in B\u00fcttgen beginnt der Bau des ersten von zwei geplanten Wohnh\u00e4usern. An dem offiziellen Baustart nahmen B\u00fcrgermeister Christian Horn-Heinemann, K\u00e4mmerer\u00a0Dr.\u00a0Sebastian Semmler, der gesch\u00e4ftsf\u00fchrende Gesellschafter Michael Kirchner, sowie Vertreter der ausf\u00fchrenden Baufirma Ten Brinke und der Politik teil.<\/p>\n\n\n\n<p>F\u00fcr das Gesamtprojekt investiert die KWK rund 15 Millionen Euro. Etwa sieben Millionen Euro davon werden durch F\u00f6rdermittel abgedeckt. Geplant sind zwei dreigeschossige Geb\u00e4ude in Klinkerbauweise mit Flachdach. Die offene und moderne Architektur mit gro\u00dfz\u00fcgigem Glaseingang f\u00fcgt sich harmonisch in die bestehende Bebauung ein.<\/p>\n\n\n\n<p>Die KWK ist eine gemeinsame Initiative der Stadt Kaarst, des Rhein-Kreises Neuss und der Pyramis Immobilien Entwicklungs&nbsp;GmbH. Ziel der Genossenschaft ist es, dem wachsenden Bedarf an bezahlbarem Wohnraum in Kaarst nachhaltig zu begegnen. W\u00e4hrend im ersten Geb\u00e4ude mit 12 Wohneinheiten Schutzsuchende ein neues Zuhause finden, entstehen im zweiten Haus 12 Wohnungen des sozialen Wohnungsbaus.<\/p>\n\n\n\n<p>B\u00fcrgermeister Christian Horn-Heinemann betont die Bedeutung des Projekts f\u00fcr die Stadt: \u201eMit dem heutigen Spatenstich setzen wir ein wichtiges Zeichen. Das Projekt leistet einen konkreten Beitrag zur Wohnraumversorgung und unterstreicht unseren Anspruch, Kaarst als lebenswerte und soziale Stadt weiterzuentwickeln.\u201c<\/p>\n\n\n\n<p>Auch&nbsp;Dr.&nbsp;Sebastian Semmler, K\u00e4mmerer der Stadt Kaarst und gemeinsam mit Michael Kirchner im Vorstand der Genossenschaft, hebt den sozialen Aspekt hervor:<br>\u201eDieses Bauvorhaben verbindet wirtschaftliche Verantwortung mit sozialem Anspruch. Wir schaffen dringend ben\u00f6tigten Wohnraum und st\u00e4rken zugleich den gesellschaftlichen Zusammenhalt in unserer Stadt.\u201c<\/p>\n\n\n\n<p>Michael Kirchner, gesch\u00e4ftsf\u00fchrender Gesellschafter der Pyramis Immobilien Entwicklungs\u00a0GmbH, verweist auf das Gesamtkonzept: \u201eDie neuen Wohneinheiten erm\u00f6glichen eine ausgewogene und dezentrale Unterbringung. Damit leisten wir einen wichtigen Beitrag zu einer nachhaltigen und gut integrierten Wohnraumversorgung in Kaarst.\u201c<\/p>\n\n\n\n<p>Quelle: <a href=\"https:\/\/www.kaarst.de\/verwaltung-buergerservice-und-politik\/verwaltung\/presse\/aktuelle-pressemitteilungen\/detail\/spatenstich-fuer-neues-wohnbauprojekt-an-der-glehner-strasse\">Stadt Kaarst<\/a><\/p>\n\n\n<figure class=\"wp-block-post-featured-image\"><img loading=\"lazy\" decoding=\"async\" width=\"2560\" height=\"1707\" src=\"https:\/\/standort-niederrhein.de\/wp-content\/uploads\/2026\/01\/Gruppenbild_mit_Spaten-scaled.jpg\" class=\"attachment-post-thumbnail size-post-thumbnail wp-post-image\" alt=\"\" style=\"object-fit:cover;\" srcset=\"https:\/\/standort-niederrhein.de\/wp-content\/uploads\/2026\/01\/Gruppenbild_mit_Spaten-scaled.jpg 2560w, https:\/\/standort-niederrhein.de\/wp-content\/uploads\/2026\/01\/Gruppenbild_mit_Spaten-1280x854.jpg 1280w, https:\/\/standort-niederrhein.de\/wp-content\/uploads\/2026\/01\/Gruppenbild_mit_Spaten-980x653.jpg 980w, https:\/\/standort-niederrhein.de\/wp-content\/uploads\/2026\/01\/Gruppenbild_mit_Spaten-480x320.jpg 480w\" sizes=\"(min-width: 0px) and (max-width: 480px) 480px, (min-width: 481px) and (max-width: 980px) 980px, (min-width: 981px) and (max-width: 1280px) 1280px, (min-width: 1281px) 2560px, 100vw\" \/><\/figure>\n\n\n<p>Foto: Stadt Kaarst<\/p>\n","protected":false},"excerpt":{"rendered":"<p>Kaarst. Die Genossenschaft f\u00fcr kommunale Wohnraumversorgung Kaarst (KWK) kommt beim Ausbau von bezahlbarem Wohnraum einen wichtigen Schritt voran. Mit dem heutigen Spatenstich an der Glehner Stra\u00dfe in B\u00fcttgen beginnt der Bau des ersten von zwei geplanten Wohnh\u00e4usern. An dem offiziellen Baustart nahmen B\u00fcrgermeister Christian Horn-Heinemann, K\u00e4mmerer\u00a0Dr.\u00a0Sebastian Semmler, der gesch\u00e4ftsf\u00fchrende Gesellschafter Michael Kirchner, sowie Vertreter der [&hellip;]<\/p>\n","protected":false},"author":3,"featured_media":7218,"comment_status":"closed","ping_status":"closed","sticky":false,"template":"","format":"standard","meta":{"_et_pb_use_builder":"","_et_pb_old_content":"","_et_gb_content_width":"","footnotes":""},"categories":[1],"tags":[],"class_list":["post-7217","post","type-post","status-publish","format-standard","has-post-thumbnail","hentry","category-allgemein"],"_links":{"self":[{"href":"https:\/\/standort-niederrhein.de\/en\/wp-json\/wp\/v2\/posts\/7217","targetHints":{"allow":["GET"]}}],"collection":[{"href":"https:\/\/standort-niederrhein.de\/en\/wp-json\/wp\/v2\/posts"}],"about":[{"href":"https:\/\/standort-niederrhein.de\/en\/wp-json\/wp\/v2\/types\/post"}],"author":[{"embeddable":true,"href":"https:\/\/standort-niederrhein.de\/en\/wp-json\/wp\/v2\/users\/3"}],"replies":[{"embeddable":true,"href":"https:\/\/standort-niederrhein.de\/en\/wp-json\/wp\/v2\/comments?post=7217"}],"version-history":[{"count":1,"href":"https:\/\/standort-niederrhein.de\/en\/wp-json\/wp\/v2\/posts\/7217\/revisions"}],"predecessor-version":[{"id":7219,"href":"https:\/\/standort-niederrhein.de\/en\/wp-json\/wp\/v2\/posts\/7217\/revisions\/7219"}],"wp:featuredmedia":[{"embeddable":true,"href":"https:\/\/standort-niederrhein.de\/en\/wp-json\/wp\/v2\/media\/7218"}],"wp:attachment":[{"href":"https:\/\/standort-niederrhein.de\/en\/wp-json\/wp\/v2\/media?parent=7217"}],"wp:term":[{"taxonomy":"category","embeddable":true,"href":"https:\/\/standort-niederrhein.de\/en\/wp-json\/wp\/v2\/categories?post=7217"},{"taxonomy":"post_tag","embeddable":true,"href":"https:\/\/standort-niederrhein.de\/en\/wp-json\/wp\/v2\/tags?post=7217"}],"curies":[{"name":"wp","href":"https:\/\/api.w.org\/{rel}","templated":true}]}}