{"id":7213,"date":"2026-01-14T12:00:00","date_gmt":"2026-01-14T11:00:00","guid":{"rendered":"https:\/\/standort-niederrhein.de\/?p=7213"},"modified":"2026-01-14T12:12:50","modified_gmt":"2026-01-14T11:12:50","slug":"foerderprogramm-accelerate-power-startet-in-die-naechste-foerderrunde","status":"publish","type":"post","link":"https:\/\/standort-niederrhein.de\/en\/2026\/01\/14\/foerderprogramm-accelerate-power-startet-in-die-naechste-foerderrunde\/","title":{"rendered":"F\u00f6rderprogramm Accelerate Power startet in die n\u00e4chste F\u00f6rderrunde"},"content":{"rendered":"\n<p><strong>Rhein-Kreis Neuss.<\/strong> Das gemeinsame Accelerator-Programm \u201eAccelerate Power\u201c der Kreiswirtschaftsf\u00f6rderung impuls.RheinKreisNeuss und der RWE Power AG geht in die zweite Runde. Nach dem erfolgreichen Auftakt im vergangenen Jahr setzen beide Partner damit ihre Zusammenarbeit fort, um innovative Start-ups gezielt zu f\u00f6rdern und die Technologieentwicklung im Rheinischen Revier weiter voranzutreiben. Die erste Runde endete im Juli 2025 mit einem vielbeachteten Final Pitch im impuls.werk auf dem Areal B\u00f6hler in Meerbusch. Dort setzte sich das Start-up minimum energy mit seinem Ansatz f\u00fcr nachhaltige und hocheffiziente Energiekonzepte durch. Die Fortf\u00fchrung des Programms ist ein klarer Beleg f\u00fcr das Innovationspotenzial der Region und den hohen Stellenwert, den beide Partner der F\u00f6rderung unternehmerischer Strukturwandelprojekte beimessen.<\/p>\n\n\n\n<p>Das Programm \u201eAccelerate Power\u201c richtet sich speziell an Start-ups im Energiesektor. Unterst\u00fctzt werden junge Unternehmen, die L\u00f6sungen f\u00fcr zentrale Herausforderungen im Rheinischen Revier entwickeln. Die zweite Programmrunde kn\u00fcpft an das etablierte Konzept an und baut weiterhin auf ein dreimonatiges Innovations- und Entwicklungsformat mit Workshops, Mentoring und fachlicher Begleitung. Auch in dieser F\u00f6rderrunde werden die noch auszuw\u00e4hlenden Start-Ups erneut durch die Phasen Marktvalidierung, Produktentwicklung und Gesch\u00e4ftsmodellentwicklung gef\u00fchrt. Am Ende steht ein \u00f6ffentliches Final Pitch Event, bei dem die Start-ups ihre Ergebnisse pr\u00e4sentieren und Einblicke in ihre Innovationsarbeit geben.<\/p>\n\n\n\n<p>Robert Abts, Leiter der impuls.RheinKreisNeuss Wirtschaftsf\u00f6rderung, unterstreicht die Bedeutung der Fortsetzung des Programms: \u201eZusammen mit RWE setzen wir Accelerate Power weiter um, um neue Ideen, innovative Gesch\u00e4ftsmodelle und talentierte Menschen mit Gr\u00fcndungsgeist in und aus der Region zu unterst\u00fctzen. Dies ist wichtig, damit die strukturelle und inhaltliche Transformation unserer Wirtschaft sowie der Erhalt beziehungsweise die Schaffung von neuen Arbeitspl\u00e4tzen auch durch Start-ups gelingen.\u201c&nbsp;&nbsp;&nbsp;&nbsp;&nbsp;&nbsp;&nbsp;&nbsp;<\/p>\n\n\n\n<p>Tilman Bechthold, Leiter Forschung und Entwicklung bei RWE Power, blickt ebenfalls positiv auf den Programmfortgang: \u201eSchon die erste Ausgabe war gepr\u00e4gt von hoher Dynamik in der Zusammenarbeit und beeindruckender technischer Tiefe. Wir freuen uns darauf, in Runde zwei weitere spannende Ideen, Ans\u00e4tze und Technologien kennenzulernen und aktiv weiterzuentwickeln.\u201c<\/p>\n\n\n\n<p>Quelle: <a href=\"http:\/\/www.rhein-kreis-neuss.de\">Rhein-Kreis Neuss<\/a><\/p>\n\n\n<figure class=\"wp-block-post-featured-image\"><img loading=\"lazy\" decoding=\"async\" width=\"1200\" height=\"1230\" src=\"https:\/\/standort-niederrhein.de\/wp-content\/uploads\/2026\/01\/RWE-Foto-2_Zuschnitt.jpg\" class=\"attachment-post-thumbnail size-post-thumbnail wp-post-image\" alt=\"\" style=\"object-fit:cover;\" srcset=\"https:\/\/standort-niederrhein.de\/wp-content\/uploads\/2026\/01\/RWE-Foto-2_Zuschnitt.jpg 1200w, https:\/\/standort-niederrhein.de\/wp-content\/uploads\/2026\/01\/RWE-Foto-2_Zuschnitt-980x1005.jpg 980w, https:\/\/standort-niederrhein.de\/wp-content\/uploads\/2026\/01\/RWE-Foto-2_Zuschnitt-480x492.jpg 480w\" sizes=\"(min-width: 0px) and (max-width: 480px) 480px, (min-width: 481px) and (max-width: 980px) 980px, (min-width: 981px) 1200px, 100vw\" \/><\/figure>\n\n\n<p>Von links: Christian van Dongen und Manuela Schmielewski von RWE, Tilman Bechthold (Vice President RWE Power AG), Robert Abts (Leiter der Kreiswirtschaftsf\u00f6rderung) und Chiara Bacchiocchi (Innovationsmanagerin des Rhein-Kreises Neuss) | Foto: Rhein-Kreis Neuss<\/p>\n","protected":false},"excerpt":{"rendered":"<p>Rhein-Kreis Neuss. Das gemeinsame Accelerator-Programm \u201eAccelerate Power\u201c der Kreiswirtschaftsf\u00f6rderung impuls.RheinKreisNeuss und der RWE Power AG geht in die zweite Runde. Nach dem erfolgreichen Auftakt im vergangenen Jahr setzen beide Partner damit ihre Zusammenarbeit fort, um innovative Start-ups gezielt zu f\u00f6rdern und die Technologieentwicklung im Rheinischen Revier weiter voranzutreiben. Die erste Runde endete im Juli 2025 [&hellip;]<\/p>\n","protected":false},"author":3,"featured_media":7215,"comment_status":"closed","ping_status":"closed","sticky":false,"template":"","format":"standard","meta":{"_et_pb_use_builder":"","_et_pb_old_content":"","_et_gb_content_width":"","footnotes":""},"categories":[1],"tags":[],"class_list":["post-7213","post","type-post","status-publish","format-standard","has-post-thumbnail","hentry","category-allgemein"],"_links":{"self":[{"href":"https:\/\/standort-niederrhein.de\/en\/wp-json\/wp\/v2\/posts\/7213","targetHints":{"allow":["GET"]}}],"collection":[{"href":"https:\/\/standort-niederrhein.de\/en\/wp-json\/wp\/v2\/posts"}],"about":[{"href":"https:\/\/standort-niederrhein.de\/en\/wp-json\/wp\/v2\/types\/post"}],"author":[{"embeddable":true,"href":"https:\/\/standort-niederrhein.de\/en\/wp-json\/wp\/v2\/users\/3"}],"replies":[{"embeddable":true,"href":"https:\/\/standort-niederrhein.de\/en\/wp-json\/wp\/v2\/comments?post=7213"}],"version-history":[{"count":1,"href":"https:\/\/standort-niederrhein.de\/en\/wp-json\/wp\/v2\/posts\/7213\/revisions"}],"predecessor-version":[{"id":7216,"href":"https:\/\/standort-niederrhein.de\/en\/wp-json\/wp\/v2\/posts\/7213\/revisions\/7216"}],"wp:featuredmedia":[{"embeddable":true,"href":"https:\/\/standort-niederrhein.de\/en\/wp-json\/wp\/v2\/media\/7215"}],"wp:attachment":[{"href":"https:\/\/standort-niederrhein.de\/en\/wp-json\/wp\/v2\/media?parent=7213"}],"wp:term":[{"taxonomy":"category","embeddable":true,"href":"https:\/\/standort-niederrhein.de\/en\/wp-json\/wp\/v2\/categories?post=7213"},{"taxonomy":"post_tag","embeddable":true,"href":"https:\/\/standort-niederrhein.de\/en\/wp-json\/wp\/v2\/tags?post=7213"}],"curies":[{"name":"wp","href":"https:\/\/api.w.org\/{rel}","templated":true}]}}