{"id":7200,"date":"2026-01-11T06:00:00","date_gmt":"2026-01-11T05:00:00","guid":{"rendered":"https:\/\/standort-niederrhein.de\/?p=7200"},"modified":"2026-01-09T11:34:41","modified_gmt":"2026-01-09T10:34:41","slug":"einblicke-in-kaisers-kaffee-geschaeft-im-kreisarchiv-viersen","status":"publish","type":"post","link":"https:\/\/standort-niederrhein.de\/en\/2026\/01\/11\/einblicke-in-kaisers-kaffee-geschaeft-im-kreisarchiv-viersen\/","title":{"rendered":"Einblicke in Kaiser's Kaffee Gesch\u00e4ft im Kreisarchiv Viersen"},"content":{"rendered":"\n<p><strong>Kreis Viersen.<\/strong> Das Kreisarchiv Viersen pr\u00e4sentiert erstmals den nun vollst\u00e4ndig erschlossenen Archivbestand des traditionsreichen Unternehmens Kaiser\u2019s Kaffee Gesch\u00e4ft. Eine Auswahl aus mehr als 1.800 Archivalien \u2013 Fotografien, Firmenakten, Werbematerialien, Karten und Objekte \u2013 bietet einen vielschichtigen Einblick in die Geschichte des Unternehmens, das Viersen \u00fcber ein Jahrhundert gepr\u00e4gt hat.<\/p>\n\n\n\n<p>Die Pr\u00e4sentation zeigt dabei ein differenziertes Bild: Sie beleuchtet den bemerkenswerten unternehmerischen Aufstieg von der kleinen Kaffeer\u00f6sterei zum modernen Filialbetrieb mit innovativen Marketingstrategien, einer starken Marke und einer pr\u00e4gnanten Gestaltung, die das Stadtbild vieler Orte in Deutschland gepr\u00e4gt hat. Auch soziale Komponenten wie F\u00fcrsorgema\u00dfnahmen, Stiftungen oder die Rolle des Firmengr\u00fcnders Josef Kaiser als M\u00e4zen kommen sichtbar zur Geltung.<\/p>\n\n\n\n<p>Zugleich verschweigt die Ausstellung die Schattenseiten nicht. Thematisiert werden die Arbeitsbedingungen auf Plantagen und in Fabriken, die Kriegswirtschaft im Ersten Weltkrieg, die ideologische Gleichschaltung und die Zwangsarbeit w\u00e4hrend der NS-Zeit sowie wirtschaftliche Br\u00fcche im 20. Jahrhundert.<\/p>\n\n\n\n<p>So entsteht ein facettenreicher Gesamtblick auf ein Unternehmen, dessen Geschichte eng mit der regionalen, wirtschaftlichen und gesellschaftlichen Entwicklung verbunden ist.<\/p>\n\n\n\n<p>Quelle: <a href=\"http:\/\/www.kreis-viersen.de\">Kreis Viersen<\/a><\/p>\n\n\n<figure class=\"wp-block-post-featured-image\"><img loading=\"lazy\" decoding=\"async\" width=\"2560\" height=\"1706\" src=\"https:\/\/standort-niederrhein.de\/wp-content\/uploads\/2026\/01\/312602P-scaled.jpg\" class=\"attachment-post-thumbnail size-post-thumbnail wp-post-image\" alt=\"\" style=\"object-fit:cover;\" srcset=\"https:\/\/standort-niederrhein.de\/wp-content\/uploads\/2026\/01\/312602P-scaled.jpg 2560w, https:\/\/standort-niederrhein.de\/wp-content\/uploads\/2026\/01\/312602P-1280x853.jpg 1280w, https:\/\/standort-niederrhein.de\/wp-content\/uploads\/2026\/01\/312602P-980x653.jpg 980w, https:\/\/standort-niederrhein.de\/wp-content\/uploads\/2026\/01\/312602P-480x320.jpg 480w\" sizes=\"(min-width: 0px) and (max-width: 480px) 480px, (min-width: 481px) and (max-width: 980px) 980px, (min-width: 981px) and (max-width: 1280px) 1280px, (min-width: 1281px) 2560px, 100vw\" \/><\/figure>\n\n\n<p>Bei der Er\u00f6ffnung der Ausstellung im Kreisarchiv v.l.n.r.: Kreisdirektor Ingo Schabrich; Beatrix Wolters, Vorsitzende des Vereins f\u00fcr Heimatpflege Viersen; Marcus Ewers, Kreisarchivamtmann; Dr. Matthias Herm, stv. Leiter des Kreisarchivs. | Foto: Kreis Viersen<\/p>\n","protected":false},"excerpt":{"rendered":"<p>Kreis Viersen. Das Kreisarchiv Viersen pr\u00e4sentiert erstmals den nun vollst\u00e4ndig erschlossenen Archivbestand des traditionsreichen Unternehmens Kaiser\u2019s Kaffee Gesch\u00e4ft. Eine Auswahl aus mehr als 1.800 Archivalien \u2013 Fotografien, Firmenakten, Werbematerialien, Karten und Objekte \u2013 bietet einen vielschichtigen Einblick in die Geschichte des Unternehmens, das Viersen \u00fcber ein Jahrhundert gepr\u00e4gt hat. Die Pr\u00e4sentation zeigt dabei ein differenziertes [&hellip;]<\/p>\n","protected":false},"author":3,"featured_media":7201,"comment_status":"closed","ping_status":"closed","sticky":false,"template":"","format":"standard","meta":{"_et_pb_use_builder":"","_et_pb_old_content":"","_et_gb_content_width":"","footnotes":""},"categories":[1],"tags":[],"class_list":["post-7200","post","type-post","status-publish","format-standard","has-post-thumbnail","hentry","category-allgemein"],"_links":{"self":[{"href":"https:\/\/standort-niederrhein.de\/en\/wp-json\/wp\/v2\/posts\/7200","targetHints":{"allow":["GET"]}}],"collection":[{"href":"https:\/\/standort-niederrhein.de\/en\/wp-json\/wp\/v2\/posts"}],"about":[{"href":"https:\/\/standort-niederrhein.de\/en\/wp-json\/wp\/v2\/types\/post"}],"author":[{"embeddable":true,"href":"https:\/\/standort-niederrhein.de\/en\/wp-json\/wp\/v2\/users\/3"}],"replies":[{"embeddable":true,"href":"https:\/\/standort-niederrhein.de\/en\/wp-json\/wp\/v2\/comments?post=7200"}],"version-history":[{"count":1,"href":"https:\/\/standort-niederrhein.de\/en\/wp-json\/wp\/v2\/posts\/7200\/revisions"}],"predecessor-version":[{"id":7202,"href":"https:\/\/standort-niederrhein.de\/en\/wp-json\/wp\/v2\/posts\/7200\/revisions\/7202"}],"wp:featuredmedia":[{"embeddable":true,"href":"https:\/\/standort-niederrhein.de\/en\/wp-json\/wp\/v2\/media\/7201"}],"wp:attachment":[{"href":"https:\/\/standort-niederrhein.de\/en\/wp-json\/wp\/v2\/media?parent=7200"}],"wp:term":[{"taxonomy":"category","embeddable":true,"href":"https:\/\/standort-niederrhein.de\/en\/wp-json\/wp\/v2\/categories?post=7200"},{"taxonomy":"post_tag","embeddable":true,"href":"https:\/\/standort-niederrhein.de\/en\/wp-json\/wp\/v2\/tags?post=7200"}],"curies":[{"name":"wp","href":"https:\/\/api.w.org\/{rel}","templated":true}]}}