{"id":7184,"date":"2026-01-06T10:00:00","date_gmt":"2026-01-06T09:00:00","guid":{"rendered":"https:\/\/standort-niederrhein.de\/?p=7184"},"modified":"2026-01-06T08:30:51","modified_gmt":"2026-01-06T07:30:51","slug":"neuer-geschaeftsfuehrer-der-ewmg-stefan-anspach-tritt-seinen-dienst-an","status":"publish","type":"post","link":"https:\/\/standort-niederrhein.de\/en\/2026\/01\/06\/neuer-geschaeftsfuehrer-der-ewmg-stefan-anspach-tritt-seinen-dienst-an\/","title":{"rendered":"Neuer Gesch\u00e4ftsf\u00fchrer der EWMG | Stefan Anspach tritt seinen Dienst an"},"content":{"rendered":"\n<p><strong>M\u00f6nchengladbach.<\/strong> Stefan Anspach hat seine Arbeit als Gesch\u00e4ftsf\u00fchrer bei der Entwicklungsgesellschaft der Stadt M\u00f6nchengladbach (EWMG) aufgenommen. Der EWMG-Aufsichtsrat hatte ihn im September 2025 zum Nachfolger von Dr. Ulrich Sch\u00fcckhaus bestellt. Nach einer sechsmonatigen \u00dcbergangsfrist wird er somit zum 1.7.2026 den Vorsitz der Gesch\u00e4ftsf\u00fchrung \u00fcbernehmen, wenn die Amtszeit von Sch\u00fcckhaus nach \u00fcber 17 Jahren altersbedingt endet. Gleichzeitig tritt Anspach seinen Dienst bei der Wirtschaftsf\u00f6rderung M\u00f6nchengladbach (WFMG) an, wo er zum 1.1.2026 als Gesch\u00e4ftsf\u00fchrer bestellt wurde.<\/p>\n\n\n\n<p>F\u00fcr einen geordneten \u00dcbergang der Gesch\u00e4fte ist gesorgt. In den kommenden Monaten wird Sch\u00fcckhaus seinen Nachfolger in die laufenden Projekte einf\u00fchren. \u201eIch freue mich auf die Zeit als Tandem\u201c, so Sch\u00fcckhaus. \u201eDie Herausforderungen in der Immobilienbranche sind nach wie vor gro\u00df. Aber genauso gro\u00df sind die Chancen f\u00fcr M\u00f6nchengladbach, etwa durch den Strukturwandel. Stefan Anspach bringt viel Erfahrung mit und den frischen Blick von au\u00dfen. Beides k\u00f6nnen wir gut gebrauchen.\u201c<\/p>\n\n\n\n<p>Der studierte Architekt und Wirtschaftswissenschaftler gilt als jemand, der strategisches Denken, Bodenhaftung und Erfahrung glaubw\u00fcrdig vereint. Er ist davon \u00fcberzeugt, dass unternehmerisches Denken und Handeln erforderlich ist, um zum Gemeinwohl beizutragen und mit Projekten eine nachhaltige Wirkung zu erzielen. Deutschlandweit hat er \u00fcber ein Jahrzehnt als Berater Projekte in der Immobilienwirtschaft begleitet. Zuletzt hat er als Vorstand im Stiftungsumfeld mit rund 50 Mitarbeitenden ambitionierte Stadt- und Quartiersentwicklungen vorangetrieben. Mit M\u00f6nchengladbach verbinden den 47-J\u00e4hrigen bereits heute berufliche Projekte mit der Montagsstiftung und famili\u00e4re Bande, da seine Frau geb\u00fcrtig aus der Vitusstadt kommt.<\/p>\n\n\n\n<p>\u201eIch freue mich auf die neuen Aufgaben und darauf, gemeinsam mit dem Team f\u00fcr M\u00f6nchengladbach zu wirken, bestehende Projekte voranzutreiben und die n\u00e4chsten Schritte zu gehen\u201c, sagt Anspach. Er wird auch die Wirtschaftsf\u00f6rderung als Gesch\u00e4ftsf\u00fchrer vertreten, sodass die enge Zusammenarbeit von EWMG und WFMG nahtlos weitergef\u00fchrt werden kann.<\/p>\n\n\n\n<p>In Politik und Verwaltung st\u00f6\u00dft seine Ernennung auf Zustimmung. OB Felix Heinrichs spricht von \u201eguten Nachrichten f\u00fcr die Stadt\u201c, EWMG-Aufsichtsratsvorsitzender Janann Safi ist froh, einen so guten und erfahrenen Nachfolger f\u00fcr Sch\u00fcckhaus gefunden zu haben.<\/p>\n\n\n\n<p>Quelle: <a href=\"http:\/\/www.ewmg.de\">EWMG<\/a><\/p>\n\n\n<figure class=\"wp-block-post-featured-image\"><img loading=\"lazy\" decoding=\"async\" width=\"1920\" height=\"2560\" src=\"https:\/\/standort-niederrhein.de\/wp-content\/uploads\/2026\/01\/EWMG-Geschaeftsfuehrer\u00a9EWMG-scaled.jpg\" class=\"attachment-post-thumbnail size-post-thumbnail wp-post-image\" alt=\"\" style=\"object-fit:cover;\" srcset=\"https:\/\/standort-niederrhein.de\/wp-content\/uploads\/2026\/01\/EWMG-Geschaeftsfuehrer\u00a9EWMG-scaled.jpg 1920w, https:\/\/standort-niederrhein.de\/wp-content\/uploads\/2026\/01\/EWMG-Geschaeftsfuehrer\u00a9EWMG-225x300.jpg 225w, https:\/\/standort-niederrhein.de\/wp-content\/uploads\/2026\/01\/EWMG-Geschaeftsfuehrer\u00a9EWMG-768x1024.jpg 768w, https:\/\/standort-niederrhein.de\/wp-content\/uploads\/2026\/01\/EWMG-Geschaeftsfuehrer\u00a9EWMG-1152x1536.jpg 1152w, https:\/\/standort-niederrhein.de\/wp-content\/uploads\/2026\/01\/EWMG-Geschaeftsfuehrer\u00a9EWMG-1536x2048.jpg 1536w, https:\/\/standort-niederrhein.de\/wp-content\/uploads\/2026\/01\/EWMG-Geschaeftsfuehrer\u00a9EWMG-1080x1440.jpg 1080w, https:\/\/standort-niederrhein.de\/wp-content\/uploads\/2026\/01\/EWMG-Geschaeftsfuehrer\u00a9EWMG-1280x1707.jpg 1280w, https:\/\/standort-niederrhein.de\/wp-content\/uploads\/2026\/01\/EWMG-Geschaeftsfuehrer\u00a9EWMG-980x1307.jpg 980w, https:\/\/standort-niederrhein.de\/wp-content\/uploads\/2026\/01\/EWMG-Geschaeftsfuehrer\u00a9EWMG-480x640.jpg 480w\" sizes=\"(max-width: 1920px) 100vw, 1920px\" \/><\/figure>\n\n\n<p>EWMG-Gesch\u00e4ftsf\u00fchrer | Foto: EWMG<\/p>\n","protected":false},"excerpt":{"rendered":"<p>M\u00f6nchengladbach. Stefan Anspach hat seine Arbeit als Gesch\u00e4ftsf\u00fchrer bei der Entwicklungsgesellschaft der Stadt M\u00f6nchengladbach (EWMG) aufgenommen. Der EWMG-Aufsichtsrat hatte ihn im September 2025 zum Nachfolger von Dr. Ulrich Sch\u00fcckhaus bestellt. Nach einer sechsmonatigen \u00dcbergangsfrist wird er somit zum 1.7.2026 den Vorsitz der Gesch\u00e4ftsf\u00fchrung \u00fcbernehmen, wenn die Amtszeit von Sch\u00fcckhaus nach \u00fcber 17 Jahren altersbedingt endet. [&hellip;]<\/p>\n","protected":false},"author":3,"featured_media":7185,"comment_status":"closed","ping_status":"closed","sticky":false,"template":"","format":"standard","meta":{"_et_pb_use_builder":"","_et_pb_old_content":"","_et_gb_content_width":"","footnotes":""},"categories":[1],"tags":[],"class_list":["post-7184","post","type-post","status-publish","format-standard","has-post-thumbnail","hentry","category-allgemein"],"_links":{"self":[{"href":"https:\/\/standort-niederrhein.de\/en\/wp-json\/wp\/v2\/posts\/7184","targetHints":{"allow":["GET"]}}],"collection":[{"href":"https:\/\/standort-niederrhein.de\/en\/wp-json\/wp\/v2\/posts"}],"about":[{"href":"https:\/\/standort-niederrhein.de\/en\/wp-json\/wp\/v2\/types\/post"}],"author":[{"embeddable":true,"href":"https:\/\/standort-niederrhein.de\/en\/wp-json\/wp\/v2\/users\/3"}],"replies":[{"embeddable":true,"href":"https:\/\/standort-niederrhein.de\/en\/wp-json\/wp\/v2\/comments?post=7184"}],"version-history":[{"count":1,"href":"https:\/\/standort-niederrhein.de\/en\/wp-json\/wp\/v2\/posts\/7184\/revisions"}],"predecessor-version":[{"id":7186,"href":"https:\/\/standort-niederrhein.de\/en\/wp-json\/wp\/v2\/posts\/7184\/revisions\/7186"}],"wp:featuredmedia":[{"embeddable":true,"href":"https:\/\/standort-niederrhein.de\/en\/wp-json\/wp\/v2\/media\/7185"}],"wp:attachment":[{"href":"https:\/\/standort-niederrhein.de\/en\/wp-json\/wp\/v2\/media?parent=7184"}],"wp:term":[{"taxonomy":"category","embeddable":true,"href":"https:\/\/standort-niederrhein.de\/en\/wp-json\/wp\/v2\/categories?post=7184"},{"taxonomy":"post_tag","embeddable":true,"href":"https:\/\/standort-niederrhein.de\/en\/wp-json\/wp\/v2\/tags?post=7184"}],"curies":[{"name":"wp","href":"https:\/\/api.w.org\/{rel}","templated":true}]}}