{"id":7169,"date":"2025-12-27T06:00:00","date_gmt":"2025-12-27T05:00:00","guid":{"rendered":"https:\/\/standort-niederrhein.de\/?p=7169"},"modified":"2025-12-18T11:47:25","modified_gmt":"2025-12-18T10:47:25","slug":"nrw-talentscouting-startet-in-den-kreisen-kleve-und-wesel","status":"publish","type":"post","link":"https:\/\/standort-niederrhein.de\/en\/2025\/12\/27\/nrw-talentscouting-startet-in-den-kreisen-kleve-und-wesel\/","title":{"rendered":"NRW-Talentscouting startet in den Kreisen Kleve und Wesel"},"content":{"rendered":"\n<p><strong>Kleve\/ Kamp-Lintfort.<\/strong> Seit M\u00e4rz 2025 ist das NRW-Talentscouting auch in den Kreisen Kleve und Wesel vertreten. Mit den neuen Talentscouts Miriam Zarden und Fabian Knoll erhalten leistungsbereite und engagierte Jugendliche aus der Region erstmals direkten Zugang zu dem landesweit erfolgreichen F\u00f6rderprogramm. Ziel ist es, junge Menschen aus nicht-akademischen Elternh\u00e4usern oder mit erschwerten Startbedingungen dabei zu unterst\u00fctzen, ihren pers\u00f6nlichen Bildungsweg selbstbewusst und informiert zu gestalten.<\/p>\n\n\n\n<p>Nicht alle jungen Menschen haben die gleichen Voraussetzungen, um ihr Potenzial voll zu entfalten. Das NRW-Talentscouting wurde ins Leben gerufen, um genau diese Ungleichheiten auszugleichen. Talentscouts f\u00f6rdern Sch\u00fcler*innen individuell, st\u00e4rken ihre Entscheidungskompetenzen und er\u00f6ffnen ihnen durch pers\u00f6nliche Begleitung neue Perspektiven, die ihnen sonst m\u00f6glicherweise verborgen blieben.<\/p>\n\n\n\n<p>Die Talentscouts Miriam Zarden und Fabian Knoll besuchen regelm\u00e4\u00dfig Kooperationsschulen (Gesamtschulen, Berufskollegs und Gymnasien) in der Region. In vertraulichen Einzelgespr\u00e4chen sprechen sie mit Oberstufensch\u00fcler*innen \u00fcber ihre St\u00e4rken, Ziele und Lebenssituationen. Sie geben Orientierung bei Studien- und Berufsentscheidungen, unterst\u00fctzen bei Bewerbungen, organisieren Kontakte zu Hochschulen, Stipendienwerken oder Unternehmen und begleiten die Talente h\u00e4ufig \u00fcber Monate oder sogar Jahre hinweg. Die Talentscouts sind an der Hochschule Rhein-Waal angestellt und verf\u00fcgen dadurch \u00fcber ein breites Netzwerk, sei es durch bereits vorhandene Angebote zur Studienorientierung oder den Kontakt mit anderen Talentscouts und ihren Talenten.<\/p>\n\n\n\n<p>Bohdan Bilyi, ein Talent, das bereits am Programm teilnimmt und dadurch die M\u00f6glichkeit der F\u00f6rderung durch ein Stipendium bekommen hat, ist von dem Programm begeistert: \u201eDurch das Talentscouting habe ich vor allem erfahren, welche M\u00f6glichkeiten mir nach dem Abitur offenstehen und, dass mein pers\u00f6nlicher Hintergrund dabei keine Einschr\u00e4nkung ist. Ich habe das Gef\u00fchl, mit meinen Potenzialen wirklich gesehen zu werden. Das Stipendium erm\u00f6glicht mir wertvolle Begegnungen und regelm\u00e4\u00dfige Angebote zu unterschiedlichen Themen. Die Gespr\u00e4che mit Miriam haben mein Selbstvertrauen gest\u00e4rkt und mir geholfen, meinen eigenen Weg klarer zu erkennen. Besonders sch\u00e4tze ich, dass ich sie jederzeit unkompliziert erreichen kann, wenn ich Fragen habe.\u201c<\/p>\n\n\n\n<p>Miriam Zarden betont: \u201eDas Besondere an unserer Arbeit ist, dass wir Jugendlichen Zeit, Ruhe und Raum geben \u2013 etwas, das im Schulalltag oft fehlt. Wir h\u00f6ren zu, fragen nach und begleiten jedes Talent individuell. Mich motiviert zu sehen, wie Jugendliche pl\u00f6tzlich Perspektiven erkennen, die sie vorher nicht auf dem Schirm hatten.\u201c Fabian Knoll erg\u00e4nzt: \u201eViele junge Menschen untersch\u00e4tzen sich selbst. Unser Ziel ist es, ihnen zu zeigen, dass in ihnen viel mehr steckt, als sie glauben. Die Momente, in denen ein Talent mit einem neuen Ziel, einer Idee oder einer klaren Entscheidung aus dem Gespr\u00e4ch geht, das ist das, was mich antreibt.\u201c<\/p>\n\n\n\n<p>Quelle: <a href=\"https:\/\/www.hochschule-rhein-waal.de\">Hochschule Rhein-Waal<\/a><\/p>\n\n\n<figure class=\"wp-block-post-featured-image\"><img loading=\"lazy\" decoding=\"async\" width=\"2120\" height=\"1415\" src=\"https:\/\/standort-niederrhein.de\/wp-content\/uploads\/2025\/12\/20251218_HSRW_Talentscouting_Foto2_HSRW_Anja-Peters.jpg\" class=\"attachment-post-thumbnail size-post-thumbnail wp-post-image\" alt=\"\" style=\"object-fit:cover;\" srcset=\"https:\/\/standort-niederrhein.de\/wp-content\/uploads\/2025\/12\/20251218_HSRW_Talentscouting_Foto2_HSRW_Anja-Peters.jpg 2120w, https:\/\/standort-niederrhein.de\/wp-content\/uploads\/2025\/12\/20251218_HSRW_Talentscouting_Foto2_HSRW_Anja-Peters-1280x854.jpg 1280w, https:\/\/standort-niederrhein.de\/wp-content\/uploads\/2025\/12\/20251218_HSRW_Talentscouting_Foto2_HSRW_Anja-Peters-980x654.jpg 980w, https:\/\/standort-niederrhein.de\/wp-content\/uploads\/2025\/12\/20251218_HSRW_Talentscouting_Foto2_HSRW_Anja-Peters-480x320.jpg 480w\" sizes=\"(min-width: 0px) and (max-width: 480px) 480px, (min-width: 481px) and (max-width: 980px) 980px, (min-width: 981px) and (max-width: 1280px) 1280px, (min-width: 1281px) 2120px, 100vw\" \/><\/figure>\n\n\n<p>Miriam Zarden und Fabian Knoll | Foto: HSRW\/ Anja Peters<\/p>\n","protected":false},"excerpt":{"rendered":"<p>Kleve\/ Kamp-Lintfort. Seit M\u00e4rz 2025 ist das NRW-Talentscouting auch in den Kreisen Kleve und Wesel vertreten. Mit den neuen Talentscouts Miriam Zarden und Fabian Knoll erhalten leistungsbereite und engagierte Jugendliche aus der Region erstmals direkten Zugang zu dem landesweit erfolgreichen F\u00f6rderprogramm. Ziel ist es, junge Menschen aus nicht-akademischen Elternh\u00e4usern oder mit erschwerten Startbedingungen dabei zu [&hellip;]<\/p>\n","protected":false},"author":3,"featured_media":7170,"comment_status":"closed","ping_status":"closed","sticky":false,"template":"","format":"standard","meta":{"_et_pb_use_builder":"","_et_pb_old_content":"","_et_gb_content_width":"","footnotes":""},"categories":[1],"tags":[],"class_list":["post-7169","post","type-post","status-publish","format-standard","has-post-thumbnail","hentry","category-allgemein"],"_links":{"self":[{"href":"https:\/\/standort-niederrhein.de\/en\/wp-json\/wp\/v2\/posts\/7169","targetHints":{"allow":["GET"]}}],"collection":[{"href":"https:\/\/standort-niederrhein.de\/en\/wp-json\/wp\/v2\/posts"}],"about":[{"href":"https:\/\/standort-niederrhein.de\/en\/wp-json\/wp\/v2\/types\/post"}],"author":[{"embeddable":true,"href":"https:\/\/standort-niederrhein.de\/en\/wp-json\/wp\/v2\/users\/3"}],"replies":[{"embeddable":true,"href":"https:\/\/standort-niederrhein.de\/en\/wp-json\/wp\/v2\/comments?post=7169"}],"version-history":[{"count":1,"href":"https:\/\/standort-niederrhein.de\/en\/wp-json\/wp\/v2\/posts\/7169\/revisions"}],"predecessor-version":[{"id":7171,"href":"https:\/\/standort-niederrhein.de\/en\/wp-json\/wp\/v2\/posts\/7169\/revisions\/7171"}],"wp:featuredmedia":[{"embeddable":true,"href":"https:\/\/standort-niederrhein.de\/en\/wp-json\/wp\/v2\/media\/7170"}],"wp:attachment":[{"href":"https:\/\/standort-niederrhein.de\/en\/wp-json\/wp\/v2\/media?parent=7169"}],"wp:term":[{"taxonomy":"category","embeddable":true,"href":"https:\/\/standort-niederrhein.de\/en\/wp-json\/wp\/v2\/categories?post=7169"},{"taxonomy":"post_tag","embeddable":true,"href":"https:\/\/standort-niederrhein.de\/en\/wp-json\/wp\/v2\/tags?post=7169"}],"curies":[{"name":"wp","href":"https:\/\/api.w.org\/{rel}","templated":true}]}}