{"id":7163,"date":"2025-12-18T09:00:00","date_gmt":"2025-12-18T08:00:00","guid":{"rendered":"https:\/\/standort-niederrhein.de\/?p=7163"},"modified":"2025-12-18T10:37:36","modified_gmt":"2025-12-18T09:37:36","slug":"wirtschaftsfoerderung-kreis-kleve-mit-neuem-aufsichtsrat","status":"publish","type":"post","link":"https:\/\/standort-niederrhein.de\/en\/2025\/12\/18\/wirtschaftsfoerderung-kreis-kleve-mit-neuem-aufsichtsrat\/","title":{"rendered":"Wirtschaftsf\u00f6rderung Kreis Kleve mit neuem Aufsichtsrat"},"content":{"rendered":"\n<p><strong>Kreis Kleve\/ Kleve.<\/strong> Der Aufsichtsrat der Wirtschaftsf\u00f6rderung Kreis Kleve tr\u00e4gt als oberstes Kontrollorgan dazu bei, die Effizienz, Transparenz und Nachhaltigkeit der Aktivit\u00e4ten der Kreis-WFG sicherzustellen.\u00a0Nun kam das Gremium, das sich nach der Kommunalwahl im September 2025 neu aufgestellt hat, zur allj\u00e4hrlichen Sitzung im Euregio-Forum an der Emmericher Stra\u00dfe in Kleve zusammen. Zum Aufsichtsratsvorsitzenden wurde erneut Landrat Christoph Gerwers gew\u00e4hlt, zu seinen beiden Stellvertretern wurden Freddy Heinzel und J\u00fcrgen Franken ernannt.<\/p>\n\n\n\n<p>Die Wirtschaftsf\u00f6rderung Kreis Kleve sieht sich als Bindeglied zwischen Wirtschaft und \u00f6ffentlicher Hand und ihre Wirksamkeit wird hierbei ma\u00dfgeblich durch die Gesellschafter gepr\u00e4gt. Auch die Gesellschafterversammlung mit Vertreterinnen und Vertretern der 16 Kommunen, des Kreises Kleve sowie aller Volksbanken und Sparkassen im Kreis Kleve kam auf Einladung der Wirtschaftsf\u00f6rderung Kreis Kleve zusammen.<\/p>\n\n\n\n<p>Bei der gemeinsamen Sitzung von Aufsichtsrat und Gesellschafterversammlung wurden sowohl zur\u00fcckliegende Aktivit\u00e4ten der Kreis-WFG betrachtet als auch anstehende Projekte im kommenden Jahr besprochen.<\/p>\n\n\n\n<p>Wer mehr \u00fcber die Gremien und deren Zusammensetzung sowie die Aktivit\u00e4ten der Wirtschaftsf\u00f6rderung Kreis Kleve erfahren m\u00f6chte, kann sich gerne unter <a href=\"http:\/\/www.wfg-kreis-kleve.de\">www.wfg-kreis-kleve.de<\/a> informieren.\u00a0<\/p>\n\n\n\n<p>Quelle: <a href=\"http:\/\/www.wfg-kreis-kleve.de\">WFG Kreis Kleve<\/a><\/p>\n\n\n<figure class=\"wp-block-post-featured-image\"><img loading=\"lazy\" decoding=\"async\" width=\"2058\" height=\"1524\" src=\"https:\/\/standort-niederrhein.de\/wp-content\/uploads\/2025\/12\/DSC_3501fff.jpg\" class=\"attachment-post-thumbnail size-post-thumbnail wp-post-image\" alt=\"\" style=\"object-fit:cover;\" srcset=\"https:\/\/standort-niederrhein.de\/wp-content\/uploads\/2025\/12\/DSC_3501fff.jpg 2058w, https:\/\/standort-niederrhein.de\/wp-content\/uploads\/2025\/12\/DSC_3501fff-1280x948.jpg 1280w, https:\/\/standort-niederrhein.de\/wp-content\/uploads\/2025\/12\/DSC_3501fff-980x726.jpg 980w, https:\/\/standort-niederrhein.de\/wp-content\/uploads\/2025\/12\/DSC_3501fff-480x355.jpg 480w\" sizes=\"(min-width: 0px) and (max-width: 480px) 480px, (min-width: 481px) and (max-width: 980px) 980px, (min-width: 981px) and (max-width: 1280px) 1280px, (min-width: 1281px) 2058px, 100vw\" \/><\/figure>\n\n\n<p>Brigitte Jansen, Gesch\u00e4ftsf\u00fchrerin der Wirtschaftsf\u00f6rderung Kreis Kleve, mit dem Vorsitzenden des Aufsichtsrats, Landrat Christoph Gerwers (2.v.r.), sowie seinen beiden Stellvertretern Freddy Heinzel (l.) und J\u00fcrgen Franken. | Foto: WFG Kreis Kleve<\/p>\n","protected":false},"excerpt":{"rendered":"<p>Kreis Kleve\/ Kleve. Der Aufsichtsrat der Wirtschaftsf\u00f6rderung Kreis Kleve tr\u00e4gt als oberstes Kontrollorgan dazu bei, die Effizienz, Transparenz und Nachhaltigkeit der Aktivit\u00e4ten der Kreis-WFG sicherzustellen.\u00a0Nun kam das Gremium, das sich nach der Kommunalwahl im September 2025 neu aufgestellt hat, zur allj\u00e4hrlichen Sitzung im Euregio-Forum an der Emmericher Stra\u00dfe in Kleve zusammen. Zum Aufsichtsratsvorsitzenden wurde erneut [&hellip;]<\/p>\n","protected":false},"author":3,"featured_media":7164,"comment_status":"closed","ping_status":"closed","sticky":false,"template":"","format":"standard","meta":{"_et_pb_use_builder":"","_et_pb_old_content":"","_et_gb_content_width":"","footnotes":""},"categories":[1],"tags":[],"class_list":["post-7163","post","type-post","status-publish","format-standard","has-post-thumbnail","hentry","category-allgemein"],"_links":{"self":[{"href":"https:\/\/standort-niederrhein.de\/en\/wp-json\/wp\/v2\/posts\/7163","targetHints":{"allow":["GET"]}}],"collection":[{"href":"https:\/\/standort-niederrhein.de\/en\/wp-json\/wp\/v2\/posts"}],"about":[{"href":"https:\/\/standort-niederrhein.de\/en\/wp-json\/wp\/v2\/types\/post"}],"author":[{"embeddable":true,"href":"https:\/\/standort-niederrhein.de\/en\/wp-json\/wp\/v2\/users\/3"}],"replies":[{"embeddable":true,"href":"https:\/\/standort-niederrhein.de\/en\/wp-json\/wp\/v2\/comments?post=7163"}],"version-history":[{"count":1,"href":"https:\/\/standort-niederrhein.de\/en\/wp-json\/wp\/v2\/posts\/7163\/revisions"}],"predecessor-version":[{"id":7165,"href":"https:\/\/standort-niederrhein.de\/en\/wp-json\/wp\/v2\/posts\/7163\/revisions\/7165"}],"wp:featuredmedia":[{"embeddable":true,"href":"https:\/\/standort-niederrhein.de\/en\/wp-json\/wp\/v2\/media\/7164"}],"wp:attachment":[{"href":"https:\/\/standort-niederrhein.de\/en\/wp-json\/wp\/v2\/media?parent=7163"}],"wp:term":[{"taxonomy":"category","embeddable":true,"href":"https:\/\/standort-niederrhein.de\/en\/wp-json\/wp\/v2\/categories?post=7163"},{"taxonomy":"post_tag","embeddable":true,"href":"https:\/\/standort-niederrhein.de\/en\/wp-json\/wp\/v2\/tags?post=7163"}],"curies":[{"name":"wp","href":"https:\/\/api.w.org\/{rel}","templated":true}]}}