{"id":7158,"date":"2025-12-17T15:00:00","date_gmt":"2025-12-17T14:00:00","guid":{"rendered":"https:\/\/standort-niederrhein.de\/?p=7158"},"modified":"2025-12-17T12:40:13","modified_gmt":"2025-12-17T11:40:13","slug":"zertifizierung-ausgezeichnet-arbeiten-kreis-viersen","status":"publish","type":"post","link":"https:\/\/standort-niederrhein.de\/en\/2025\/12\/17\/zertifizierung-ausgezeichnet-arbeiten-kreis-viersen\/","title":{"rendered":"Zertifizierung \u201eAUSGEZEICHNET ARBEITEN \u2013 KREIS VIERSEN\u201c"},"content":{"rendered":"\n<p><strong>Kreis Viersen. <\/strong>Der Kreis Vieren ersetzt den Wettbewerb &#8220;Familienfreundliches Unternehmen&#8221; nach \u00fcber 15 Jahren durch eine j\u00e4hrliche Zertifizierung. Unter dem neuen Titel &#8220;Ausgezeichnet arbeiten &#8211; Kreis Viersen&#8221; wird den Unternehmen die M\u00f6glichkeit geboten, ihre Vereinbarkeits- oder Unterst\u00fctzungsma\u00dfnahmen sichtbar zu machen, sich als attraktiver Arbeitgeber zu positionieren und damit langfristig ihre Wettbewerbsf\u00e4higkeit im Fachkr\u00e4ftemarkt zu st\u00e4rken.<\/p>\n\n\n\n<p>&#8220;Gute Arbeit braucht gute Rahmenbedingungen. Wir wollen zeigen, welche Betriebe im Kreis Viersen sich vorbildlich f\u00fcr ihre Mitarbeiter einsetzen. Mit dem neuen Zertifizierungsformat schaffen wir ein modernes und flexibles Instrument zur Fachkr\u00e4ftesicherung&#8221;, betont Landrat Bennet Gielen.<\/p>\n\n\n\n<p>Die Wirtschaftsf\u00f6rderungsgesellschaft Kreis Viersen (WFG) \u00fcbernimmt ab sofort die operative Umsetzung der Zertifizierung. Als Tr\u00e4gerin des Projekts &#8220;Competentia Mittlerer Niederrhein&#8221; bringt sie fachliche Expertise in den Bereichen familienfreundliche Personalpolitik und Fachkr\u00e4ftesicherung ein. Neben der Durchf\u00fchrung des Verfahrens bietet die WFG teilnehmenden Betrieben strategische Beratung, Zugang zu Best-Practice-Beispielen und Austauschm\u00f6glichkeiten mit anderen Unternehmen. Der Kreis Viersen bleibt weiterhin als Kooperationspartner in den Zertifizierungsprozess eingebunden.<\/p>\n\n\n\n<p>&#8220;Viele Unternehmen tun bereits viel f\u00fcr die Vereinbarkeit von Beruf und Privatleben, sei es durch flexible Arbeitszeiten, Unterst\u00fctzung bei Pflegeaufgaben oder Weiterbildungsangebote. Mit dieser Zertifizierung geben wir diesen Ma\u00dfnahmen eine B\u00fchne und begleiten die Betriebe bei ihrer Weiterentwicklung&#8221;, erkl\u00e4rt WFG-Gesch\u00e4ftsf\u00fchrer Dr. Thomas Jablonski.<\/p>\n\n\n\n<p>Die Bewerbungsfrist f\u00fcr die erste Zertifizierungsm\u00f6glichkeit endet am 31.01.2026.<\/p>\n\n\n\n<p>Vor Beginn des Zertifizierungsprozesses kann ein unverbindlicher Selbstcheck erfolgen. Dieser ist \u2013 wie auch das Online-Formular zur Anmeldung &#8211; auf der <a href=\"https:\/\/competentia-mittlerer-niederrhein.de\/ausgezeichnet-arbeiten-kreis-viersen\/\">Internetseite<\/a> abrufbar.<\/p>\n\n\n\n<p>Quelle: <a href=\"http:\/\/ww.kreis-viersen.de\">Kreis Viersen<\/a><\/p>\n","protected":false},"excerpt":{"rendered":"<p>Kreis Viersen. Der Kreis Vieren ersetzt den Wettbewerb &#8220;Familienfreundliches Unternehmen&#8221; nach \u00fcber 15 Jahren durch eine j\u00e4hrliche Zertifizierung. Unter dem neuen Titel &#8220;Ausgezeichnet arbeiten &#8211; Kreis Viersen&#8221; wird den Unternehmen die M\u00f6glichkeit geboten, ihre Vereinbarkeits- oder Unterst\u00fctzungsma\u00dfnahmen sichtbar zu machen, sich als attraktiver Arbeitgeber zu positionieren und damit langfristig ihre Wettbewerbsf\u00e4higkeit im Fachkr\u00e4ftemarkt zu st\u00e4rken. [&hellip;]<\/p>\n","protected":false},"author":3,"featured_media":0,"comment_status":"closed","ping_status":"closed","sticky":false,"template":"","format":"standard","meta":{"_et_pb_use_builder":"","_et_pb_old_content":"","_et_gb_content_width":"","footnotes":""},"categories":[1],"tags":[],"class_list":["post-7158","post","type-post","status-publish","format-standard","hentry","category-allgemein"],"_links":{"self":[{"href":"https:\/\/standort-niederrhein.de\/en\/wp-json\/wp\/v2\/posts\/7158","targetHints":{"allow":["GET"]}}],"collection":[{"href":"https:\/\/standort-niederrhein.de\/en\/wp-json\/wp\/v2\/posts"}],"about":[{"href":"https:\/\/standort-niederrhein.de\/en\/wp-json\/wp\/v2\/types\/post"}],"author":[{"embeddable":true,"href":"https:\/\/standort-niederrhein.de\/en\/wp-json\/wp\/v2\/users\/3"}],"replies":[{"embeddable":true,"href":"https:\/\/standort-niederrhein.de\/en\/wp-json\/wp\/v2\/comments?post=7158"}],"version-history":[{"count":1,"href":"https:\/\/standort-niederrhein.de\/en\/wp-json\/wp\/v2\/posts\/7158\/revisions"}],"predecessor-version":[{"id":7159,"href":"https:\/\/standort-niederrhein.de\/en\/wp-json\/wp\/v2\/posts\/7158\/revisions\/7159"}],"wp:attachment":[{"href":"https:\/\/standort-niederrhein.de\/en\/wp-json\/wp\/v2\/media?parent=7158"}],"wp:term":[{"taxonomy":"category","embeddable":true,"href":"https:\/\/standort-niederrhein.de\/en\/wp-json\/wp\/v2\/categories?post=7158"},{"taxonomy":"post_tag","embeddable":true,"href":"https:\/\/standort-niederrhein.de\/en\/wp-json\/wp\/v2\/tags?post=7158"}],"curies":[{"name":"wp","href":"https:\/\/api.w.org\/{rel}","templated":true}]}}